{"id":24200,"date":"2014-04-12T09:52:43","date_gmt":"2014-04-12T15:52:43","guid":{"rendered":"http:\/\/www.eloriente.net\/home\/?p=24200"},"modified":"2014-04-12T10:30:24","modified_gmt":"2014-04-12T16:30:24","slug":"11-13abr14-en-vivo-vi-congreso-iberoamericano-de-cultura-desde-costa-rica","status":"publish","type":"post","link":"http:\/\/www.eloriente.net\/home\/2014\/04\/12\/11-13abr14-en-vivo-vi-congreso-iberoamericano-de-cultura-desde-costa-rica\/","title":{"rendered":"11-13\/Abr\/14 En Vivo: VI Congreso Iberoamericano de Cultura, desde Costa Rica"},"content":{"rendered":"<p>eloriente.net\/<a href=\"http:\/\/www.culturaiberoamerica.cr\/\" target=\"_blank\">Congreso Iberoamericano<\/a><\/p>\n<p>12 de abril de 2014<\/p>\n<p>ELORIENTE.NET se suma a una celebraci\u00f3n importante para la cultura iberoamericana, la celebraci\u00f3n del VI Congreso Iberoamericano de Cultura, ahora desde San Jos\u00e9 de Costa Rica.<\/p>\n<p>Cabe recordar que estos eventos surgieron a partir del a\u00f1o 2008 como espacios para atender \u00a0la\u00a0<a title=\"Documentos\" href=\"http:\/\/www.culturasiberoamericanas.org\/carta_cultural.php\" target=\"_blank\">Carta Cultural Iberoamericana<\/a>, firmada en el a\u00f1o 2006 en la Cumbre de Jefes de Estado de Iberoam\u00e9rica que se llev\u00f3 a cabo en Montevideo, Uruguay.<\/p>\n<p>Como refieren los organizadores: \u00abla primera edici\u00f3n tuvo lugar en M\u00e9xico D.F. (M\u00e9xico) en 2008, cuyo enfoque gir\u00f3 en torno al cine y el audiovisual. En 2009, fue Sao Paulo (Brasil) la ciudad elegida como sede bajo el lema \u201cCultura y transformaci\u00f3n social\u201d. Medell\u00edn (Colombia) acogi\u00f3 la edici\u00f3n de 2010, designando el \u00e1mbito musical iberoamericano como tema central. En 2011, el Congreso desarrollado en Mar de Plata (Argentina) se centr\u00f3 en las relaciones entre cultura, pol\u00edtica y participaci\u00f3n popular. Zaragoza en su V edici\u00f3n, se transform\u00f3 en el epicentro de la cultura digital y el trabajo en red.<\/p>\n<p>Finalmente, en esta VI edici\u00f3n, Costa Rica celebrar\u00e1 las\u00a0<a href=\"http:\/\/www.culturaiberoamerica.cr\/culturas-vivas-comunitarias\/\" target=\"_blank\">Culturas Vivas Comunitarias<\/a>, al afirmar la existencia de una enorme diversidad de manifestaciones culturales fundadas en las tradiciones ancestrales, que se han alimentado de los flujos migratorios y han trascendido las fronteras y las divisiones y que se reflejan en festividades, rituales, modos de expresi\u00f3n, cultivar y de comer, lenguajes y texturas de este continente mestizo y su relaci\u00f3n con el viejo continente.<\/p>\n<p>El VI Congreso se celebrar\u00e1 en el marco del\u00a0<a href=\"http:\/\/www.festivaldelasartes.go.cr\/sobre-el-fia\" target=\"_blank\">Festival Internacional de las Artes de Costa Rica<\/a>, el cual es un programa de muestra e intercambio art\u00edstico y cultural, de alto impacto del Ministerio de Cultura y Juventud, que se ha convertido en la mayor actividad cultural del pa\u00eds.\u00bb<\/p>\n<p>Las actividades las enlazamos este 12 de abril a partir de las 10:45 am. hora de M\u00e9xico. Hay que recordar que el horario de San Jos\u00e9 es 9:45am., es decir, hay una dirferencia de una hora previa.<\/p>\n<p>Para ir a la transmisi\u00f3n, misma que es generada por la propia organizaci\u00f3n, durante los horarios respectivos, da click sobre la siguiente imagen del Teatro Nacional de San Jos\u00e9:<\/p>\n<p>&nbsp;<\/p>\n<p><a href=\"http:\/\/www.culturaiberoamerica.cr\/en-vivo\/\" target=\"_blank\"><img loading=\"lazy\" decoding=\"async\" class=\"alignnone size-medium wp-image-24201\" title=\"Atribucio\u0301n Algunos derechos reservados por Peter Sheik  teatro nacional costa rica\" src=\"http:\/\/www.eloriente.net\/home\/wp-content\/uploads\/2014\/04\/Atribucio\u0301n-Algunos-derechos-reservados-por-Peter-Sheik-teatro-nacional-costa-rica-300x225.jpg\" alt=\"\" width=\"300\" height=\"225\" srcset=\"http:\/\/www.eloriente.net\/home\/wp-content\/uploads\/2014\/04\/Atribucio\u0301n-Algunos-derechos-reservados-por-Peter-Sheik-teatro-nacional-costa-rica-300x225.jpg 300w, http:\/\/www.eloriente.net\/home\/wp-content\/uploads\/2014\/04\/Atribucio\u0301n-Algunos-derechos-reservados-por-Peter-Sheik-teatro-nacional-costa-rica.jpg 1024w\" sizes=\"(max-width: 300px) 100vw, 300px\" \/><\/a><\/p>\n<p>Foto:\u00a0<a href=\"https:\/\/creativecommons.org\/licenses\/by\/2.0\/\"><img decoding=\"async\" title=\"Atribuci\u00f3n\" src=\"https:\/\/s.yimg.com\/pw\/images\/cc_icon_attribution_small.gif\" alt=\"Atribuci\u00f3n\" border=\"0\" \/><\/a> <a title=\"Attribution License\" href=\"https:\/\/creativecommons.org\/licenses\/by\/2.0\/\">Algunos derechos reservados<\/a> por <a href=\"https:\/\/www.flickr.com\/photos\/flexsleuthor\/\">Peter Sheik<\/a><\/p>\n<p>&nbsp;<\/p>\n<dl id=\"yui_3_11_0_3_1397317123222_315\">\n<dd><\/dd>\n<dd><strong>Programa para el 12 de abril de 2014<\/strong><\/dd>\n<dd><\/dd>\n<dd>\n<table border=\"0\" cellspacing=\"1\" cellpadding=\"5\">\n<tbody>\n<tr>\n<td rowspan=\"8\">ESCUELA MET\u00c1LICA<\/td>\n<td rowspan=\"8\"><strong>Panel 1: Riqueza y alcance de las culturas vivas<\/strong><\/td>\n<td rowspan=\"8\" nowrap=\"nowrap\">9:45-12:30<\/td>\n<td>Marco Antonio Leonor, Gestor cultural comunitario y Director de Caja L\u00fadica (Guatemala)<\/td>\n<td>Experiencias de Caja L\u00fadica\/Barrio Comparsa<\/td>\n<\/tr>\n<tr>\n<td>Eduardo Bal\u00e1n, Coordinador general agrupaci\u00f3n cultural \u201cEl Culebr\u00f3n Timbal\u201d. Fundador de la Plataforma Puente para el Impulso de Pol\u00edticas Culturales (Argentina)<\/td>\n<td>Procesos de las experiencias de Cultura Viva Comunitaria y su incidencia en el continente.<\/td>\n<\/tr>\n<tr>\n<td>Daniela Segura, Antrop\u00f3loga costarricense, perteneciente a la Guanared (Costa Rica)<\/td>\n<td>Din\u00e1micas de trabajo en red para la organizaci\u00f3n colectiva: caso Guanared<\/td>\n<\/tr>\n<tr>\n<td>Celio Turino. Historiador brasile\u00f1o, representante de Puntos de Cultura (Brasil)<\/td>\n<td>Cultura viva y bien com\u00fan<\/td>\n<\/tr>\n<tr>\n<td>Rafael Echeverri, Secretario T\u00e9cnico Programa Iberoamericano de Cooperaci\u00f3n en Gesti\u00f3n Territorial (Proterritorios (Colombia)<\/td>\n<td>Patrimonio cultural y territorio en Iberoam\u00e9rica: v\u00ednculos entre cultura y gesti\u00f3n territorial.<\/td>\n<\/tr>\n<tr>\n<td>\u00c1ngeles Carnacea, Doctora en Antropolog\u00eda social. Responsable del Programa de transferencia de buenas pr\u00e1cticas en acci\u00f3n comunitaria intercultural de la Fundaci\u00f3n CEPAIM (Espa\u00f1a)<\/td>\n<td>Arte, intervenci\u00f3n y acci\u00f3n social: hacia la construcci\u00f3n de comunidades inclusivas<\/td>\n<\/tr>\n<tr>\n<td>Paloma Carpio, Coordinadora de Proyectos y Gesti\u00f3n Cultural- Direcci\u00f3n de Artes (Per\u00fa)<\/td>\n<td>Los desaf\u00edos de la gesti\u00f3n p\u00fablica participativa<\/td>\n<\/tr>\n<tr>\n<td>Hilda M\u00e9ndez, Coordinadora Nacional del Programa de Desarrollo Local y Comunitario desde la Cultura en Municipios Cubanos (Cuba)<\/td>\n<td>S\u00edntesis anal\u00edtica<\/td>\n<\/tr>\n<\/tbody>\n<\/table>\n<\/dd>\n<dd><\/dd>\n<dd><\/dd>\n<dd>Para ver m\u00e1s d\u00edas del programa, da click <a href=\"http:\/\/www.culturaiberoamerica.cr\/conozca-el-programa\/cuadro-de-programacion\/\" target=\"_blank\">AQU\u00cd<\/a>.<\/dd>\n<dd><\/dd>\n<p>&nbsp;<\/p>\n<dd><\/dd>\n<dd><\/dd>\n<dd><strong>Entradas relacionadas:<\/strong><\/dd>\n<dd>\n<div id=\"post-23709\">\n<p><a title=\"Permalink to Abril en Centro Acad\u00e9mico y Cultural San Pablo\" href=\"http:\/\/www.eloriente.net\/home\/2014\/04\/04\/abril-en-centro-academico-y-cultural-san-pablo\/\" rel=\"bookmark\">Abril en Centro Acad\u00e9mico y Cultural San Pablo<\/a><\/p>\n<p><a href=\"http:\/\/www.eloriente.net\/home\/2014\/04\/04\/abril-en-centro-academico-y-cultural-san-pablo\/\" rel=\"bookmark\"><img decoding=\"async\" title=\"Abril en Centro Acad\u00e9mico y Cultural San Pablo\" src=\"http:\/\/www.eloriente.net\/home\/wp-content\/themes\/city-desk\/timthumb.php?src=http%3A%2F%2Fwww.eloriente.net%2Fhome%2Fwp-content%2Fuploads%2F2014%2F04%2FSan-Pablo-Por-Evelyn.jpg&amp;q=90&amp;w=160&amp;h=106&amp;zc=1\" alt=\"Abril en Centro Acad\u00e9mico y Cultural San Pablo\" \/><\/a><\/p>\n<p>eloriente.net 4 de abril de 2014 El Centro Acad\u00e9mico y Cultural San Pablo dio a conocer recientemente su agenda de actividades del mes de abril de 2014, por lo que invitan al p\u00fablico en general a participar en alguno de los conciertos, proyecciones, presentaciones y actividades al aire referente a temas culturales de Oaxaca y [&#8230;]<\/p>\n<p>April 4, 2014<\/p>\n<p><a title=\"Permalink to Abril en Centro Acad\u00e9mico y Cultural San Pablo\" href=\"http:\/\/www.eloriente.net\/home\/2014\/04\/04\/abril-en-centro-academico-y-cultural-san-pablo\/\" rel=\"bookmark\">25\/Feb\/2014 19:00 En Vivo: Ceremonia de Ingreso de Juan Villoro a El Colegio Nacional<\/a><\/p>\n<\/div>\n<div id=\"post-21541\"><a href=\"http:\/\/www.eloriente.net\/home\/2014\/02\/25\/25feb2014-1900-en-vivo-ceremonia-de-ingreso-de-juan-villoro-a-el-colegio-nacional\/\" rel=\"bookmark\"><img decoding=\"async\" title=\"25\/Feb\/2014 19:00 En Vivo: Ceremonia de Ingreso de Juan Villoro a El Colegio Nacional\" src=\"http:\/\/www.eloriente.net\/home\/wp-content\/themes\/city-desk\/timthumb.php?src=http%3A%2F%2Fwww.eloriente.net%2Fhome%2Fwp-content%2Fuploads%2F2014%2F02%2F1024px-ColegioNacionalDF-wikipedia.jpg&amp;q=90&amp;w=160&amp;h=106&amp;zc=1\" alt=\"25\/Feb\/2014 19:00 En Vivo: Ceremonia de Ingreso de Juan Villoro a El Colegio Nacional\" \/><\/a><\/div>\n<div><\/div>\n<div>eloriente.net\/El Colegio Nacional 25 de febrero de 2014 \u00a0 \u00a0 Este d\u00eda, en punto de las 19:00, se efectuar\u00e1 la Ceremonia de Ingreso del escritor mexicano Juan Villoro a El Colegio Nacional, instituci\u00f3n cuya raz\u00f3n ser lo es la difusi\u00f3n de la cultura superior en el pa\u00eds. Fue creado por el gobierno federal el 8 [&#8230;]<\/div>\n<div id=\"post-21541\">\n<p>February 25, 2014<\/p>\n<\/div>\n<p><a title=\"Permalink to Rebeca Grynspan es nombrada Secretaria General Iberoamericana\" href=\"http:\/\/www.eloriente.net\/home\/2014\/02\/24\/rebeca-grynspan-es-nombrada-secretaria-general-iberoamericana\/\" rel=\"bookmark\">Rebeca Grynspan es nombrada Secretaria General Iberoamericana<\/a><\/p>\n<p><a href=\"http:\/\/www.eloriente.net\/home\/2014\/02\/24\/rebeca-grynspan-es-nombrada-secretaria-general-iberoamericana\/\" rel=\"bookmark\"><img decoding=\"async\" title=\"Rebeca Grynspan es nombrada Secretaria General Iberoamericana\" src=\"http:\/\/www.eloriente.net\/home\/wp-content\/themes\/city-desk\/timthumb.php?src=http%3A%2F%2Fwww.eloriente.net%2Fhome%2Fwp-content%2Fuploads%2F2014%2F02%2FRebeca-Grynspan-SGI.jpg&amp;q=90&amp;w=160&amp;h=106&amp;zc=1\" alt=\"Rebeca Grynspan es nombrada Secretaria General Iberoamericana\" \/><\/a><\/p>\n<p>eloriente.net\/SEGIB 24 de febrero de 2014 \u00a0 La costarricense Rebeca Grynspan ha sido elegida nueva Secretaria General Iberoamericana en la Reuni\u00f3n extraordinaria de los Ministros de Relaciones Exteriores que han celebrado el lunes 24 de febrero, en M\u00e9xico DF, los 22 pa\u00edses que conforman la Conferencia Iberoamericana. M\u00e9xico ostenta en 2014 la presidencia Pro-Tempore de [&#8230;]<\/p>\n<p>February 24, 2014<\/p>\n<\/dd>\n<\/dl>\n\n\t\t\t  <div \n\t\t\t  \tclass = \"fb-comments\" \n\t\t\t  \tdata-href = \"http:\/\/www.eloriente.net\/home\/2014\/04\/12\/11-13abr14-en-vivo-vi-congreso-iberoamericano-de-cultura-desde-costa-rica\/\"\n\t\t\t  \tdata-numposts = \"10\"\n\t\t\t\tdata-colorscheme = \"dark\"\n\t\t\t\tdata-order-by = \"social\"\n\t\t\t\tdata-mobile=true>\n\t\t\t  <\/div>\n\t\t  <style>\n\t\t\t.fb_iframe_widget_fluid_desktop iframe {\n\t\t\t    width: 100% !important;\n\t\t\t}\n\t\t  <\/style>\n\t\t  ","protected":false},"excerpt":{"rendered":"<p>eloriente.net\/Congreso Iberoamericano 12 de abril de 2014 ELORIENTE.NET se suma a una celebraci\u00f3n importante para la cultura iberoamericana, la celebraci\u00f3n del VI Congreso Iberoamericano de Cultura, ahora desde San Jos\u00e9 de Costa Rica. Cabe recordar que estos eventos surgieron a partir del a\u00f1o 2008 como espacios para atender \u00a0la\u00a0Carta Cultural Iberoamericana, firmada en el a\u00f1o [&hellip;]<\/p>\n","protected":false},"author":1,"featured_media":24201,"comment_status":"open","ping_status":"open","sticky":false,"template":"","format":"standard","meta":{"_jetpack_memberships_contains_paid_content":false,"footnotes":""},"categories":[4,18,32,10,24,31],"tags":[],"class_list":["post-24200","post","type-post","status-publish","format-standard","has-post-thumbnail","hentry","category-canal-2-en-vivo","category-educacion-y-cultura","category-entradas","category-lo-mas-reciente","category-mexico-y-el-mundo","category-principal"],"jetpack_featured_media_url":"http:\/\/www.eloriente.net\/home\/wp-content\/uploads\/2014\/04\/Atribucio\u0301n-Algunos-derechos-reservados-por-Peter-Sheik-teatro-nacional-costa-rica.jpg","jetpack_sharing_enabled":true,"_links":{"self":[{"href":"http:\/\/www.eloriente.net\/home\/wp-json\/wp\/v2\/posts\/24200"}],"collection":[{"href":"http:\/\/www.eloriente.net\/home\/wp-json\/wp\/v2\/posts"}],"about":[{"href":"http:\/\/www.eloriente.net\/home\/wp-json\/wp\/v2\/types\/post"}],"author":[{"embeddable":true,"href":"http:\/\/www.eloriente.net\/home\/wp-json\/wp\/v2\/users\/1"}],"replies":[{"embeddable":true,"href":"http:\/\/www.eloriente.net\/home\/wp-json\/wp\/v2\/comments?post=24200"}],"version-history":[{"count":4,"href":"http:\/\/www.eloriente.net\/home\/wp-json\/wp\/v2\/posts\/24200\/revisions"}],"predecessor-version":[{"id":24203,"href":"http:\/\/www.eloriente.net\/home\/wp-json\/wp\/v2\/posts\/24200\/revisions\/24203"}],"wp:featuredmedia":[{"embeddable":true,"href":"http:\/\/www.eloriente.net\/home\/wp-json\/wp\/v2\/media\/24201"}],"wp:attachment":[{"href":"http:\/\/www.eloriente.net\/home\/wp-json\/wp\/v2\/media?parent=24200"}],"wp:term":[{"taxonomy":"category","embeddable":true,"href":"http:\/\/www.eloriente.net\/home\/wp-json\/wp\/v2\/categories?post=24200"},{"taxonomy":"post_tag","embeddable":true,"href":"http:\/\/www.eloriente.net\/home\/wp-json\/wp\/v2\/tags?post=24200"}],"curies":[{"name":"wp","href":"https:\/\/api.w.org\/{rel}","templated":true}]}}