{"id":24319,"date":"2014-04-15T08:50:26","date_gmt":"2014-04-15T14:50:26","guid":{"rendered":"http:\/\/www.eloriente.net\/home\/?p=24319"},"modified":"2014-04-15T08:53:05","modified_gmt":"2014-04-15T14:53:05","slug":"convocan-al-premio-juan-ruiz-de-alarcon-2014","status":"publish","type":"post","link":"http:\/\/www.eloriente.net\/home\/2014\/04\/15\/convocan-al-premio-juan-ruiz-de-alarcon-2014\/","title":{"rendered":"Convocan al Premio Juan Ruiz de Alarc\u00f3n 2014"},"content":{"rendered":"<p style=\"text-align: left;\" align=\"center\">eloriente.net\/<a href=\"http:\/\/www.bellasartes.gob.mx\/\" target=\"_blank\">INBA<\/a><\/p>\n<p style=\"text-align: left;\" align=\"center\">15 de abril de 2014<\/p>\n<p><strong>La premiaci\u00f3n tendr\u00e1 lugar en el mes de mayo en la inauguraci\u00f3n de las XXVII Jornadas Alarconianas, en Taxco, Guerrero.<\/strong><\/p>\n<p>El Consejo Nacional para la Cultura y las Artes, el Instituto Nacional de Bellas Artes y el Gobierno del Estado de Guerrero, por medio de la Secretar\u00eda de Cultura de Guerrero, convocan al Premio de Dramaturgia Juan Ruiz de Alarc\u00f3n 2014.<\/p>\n<p>Las bases, mismas que deben ser cumplidas por los participantes en todos y cada uno de sus puntos, pueden ser consultadas a detalle en el sitio de la Coordinaci\u00f3n Nacional de Literatura del INBA,\u00a0<a href=\"www.literatura.bellasartes.gob.mx\" target=\"_blank\">www.literatura.bellasartes.gob.mx<\/a>, y en el sitio de la Secretar\u00eda de Cultura de Guerrero,\u00a0<a href=\"www.cultura.guerrero.gob.mx\" target=\"_blank\">www.cultura.guerrero.gob.mx<\/a>.<\/p>\n<p>En las bases se establece que \u201cpodr\u00e1n ser propuestos para el premio dramaturgos mexicanos o extranjeros residentes en la Rep\u00fablica Mexicana, cuya trayectoria haya contribuido a enaltecer el teatro mexicano. Los extranjeros deber\u00e1n tener como m\u00ednimo cinco a\u00f1os de residencia en M\u00e9xico\u201d.<\/p>\n<p>Tambi\u00e9n se indica que no podr\u00e1n ser candidatos al premio, trabajadores del Consejo Nacional para la Cultura y las Artes, del INBA o de la Secretar\u00eda de Cultura de Guerrero. Esto incluye tambi\u00e9n a las personas que ingresen o dejen de laborar en estas instituciones en cualquier momento del proceso del premio. Tampoco podr\u00e1n contender autores que hayan recibido este galard\u00f3n con anterioridad.<\/p>\n<p>Acerca de las propuestas, se establece que compa\u00f1\u00edas, escuelas e instituciones teatrales, p\u00fablicas y privadas, podr\u00e1n realizarlas, y deber\u00e1n presentarse por cuadruplicado.<\/p>\n<p>Las propuestas deber\u00e1n contener: una justificaci\u00f3n, con una extensi\u00f3n m\u00e1xima de dos cuartillas, que exprese los merecimientos de los candidatos, copia del acta de nacimiento del candidato y curr\u00edculum vitae del candidato. En caso de no incluir todos los documentos, la propuesta ser\u00e1 descartada.<\/p>\n<p>La recepci\u00f3n de las candidaturas comenzar\u00e1 desde la fecha de publicaci\u00f3n de la convocatoria y hasta las 16:00 horas del d\u00eda 30 de abril de 2014. Dichas propuestas deber\u00e1n ser enviada a la Secretar\u00eda de Cultura de Guerrero, Direcci\u00f3n de Ense\u00f1anza, Investigaci\u00f3n y Patrimonio Cultural, ubicada en avenida Miguel Alem\u00e1n 4834, Fraccionamiento Costa Azul, C.P. 39850, en Acapulco, Guerrero. El proceso del premio comienza con la publicaci\u00f3n de la convocatoria y termina con la publicaci\u00f3n del fallo.<\/p>\n<p>\u201cSer\u00e1 facultad de la Secretar\u00eda de Cultura de Guerrero, previo a la evaluaci\u00f3n de las obras que realice el Jurado, descalificar aquellas que no cumplan con los requisitos establecidos en el rubro \u2018Recepci\u00f3n de propuestas\u2019 de la convocatoria, dejando constancia de ello\u201d, se informa en la convocatoria.<\/p>\n<p>El fallo del jurado, que ser\u00e1 adoptado a puerta cerrada y ser\u00e1 definitivo e inapelable, se efectuar\u00e1 en el mes de mayo de 2014.<\/p>\n<p>En las bases tambi\u00e9n se se\u00f1ala que el premio es \u00fanico e indivisible y no podr\u00e1 ser concedido a t\u00edtulo p\u00f3stumo. El ganador recibir\u00e1 un diploma y la cantidad de $500,000.00 (quinientos mil pesos 00\/100 M.N.), siendo el Instituto Nacional de Bellas Artes y Literatura quien notificar\u00e1 al autor que haya resultado ganador.<\/p>\n<p>\u201cLa premiaci\u00f3n tendr\u00e1 lugar en la inauguraci\u00f3n de las XXVII Jornadas Alarconianas, en Taxco, Guerrero. La hora precisa ser\u00e1 establecida por las instituciones convocantes\u201d, se indica en las bases.<\/p>\n<p>Las instituciones convocantes divulgar\u00e1n al ganador del premio por medio de un peri\u00f3dico de circulaci\u00f3n nacional, as\u00ed como en las p\u00e1ginas electr\u00f3nicas del Instituto Nacional de Bellas Artes y Literatura\u00a0<a href=\"http:\/\/www.inba.gob.mx\" target=\"_blank\">www.inba.gob.mx<strong>,<\/strong><\/a>\u00a0y de la Secretar\u00eda de Cultura de Guerrero\u00a0<a href=\"http:\/\/www.cultura.guerrero.gob.mx\" target=\"_blank\">www.cultura.guerrero.gob.mx<\/a>, durante la primera quincena del mes de mayo de 2014.<\/p>\n<p>Es muy importante estar pendientes del fallo, porque se otorgar\u00e1n 20 d\u00edas h\u00e1biles para recoger los materiales probatorios de las propuestas en la Secretar\u00eda de Cultura de Guerrero, ubicada en avenida Miguel Alem\u00e1n 4834, Fraccionamiento Costa Azul, C.P. 39850, Acapulco, Guerrero. Al finalizar el plazo indicado, el material que no haya sido reclamado ser\u00e1 destruido.<\/p>\n<p>Las instituciones convocantes cubrir\u00e1n el traslado en territorio nacional y la estancia correspondiente para que el ganador asista al acto de premiaci\u00f3n.<\/p>\n<p>Quienes participen, deben aceptar \u00edntegra e incondicionalmente el contenido y condiciones de las bases. Los casos no previstos en la convocatoria ser\u00e1n resueltos por el jurado y las instituciones convocantes de forma colegiada.<\/p>\n<p>Mayores informes en la Secretar\u00eda de Cultura de Guerrero. Miguel Alem\u00e1n 4834, Fraccionamiento Costa Azul 39850. Acapulco, Guerrero. Tel\u00e9fono: 01 744 484 6908. Correo electr\u00f3nico:\u00a0<a href=\"mailto:igcguerrero@guerrero.gob.mx\">igcguerrero@guerrero.gob.mx<\/a>. P\u00e1gina web: <a href=\"http:\/\/www.cultura.guerrero.gob.mx\" target=\"_blank\">www.cultura.guerrero.gob.mx<\/a> o al Instituto Nacional de Bellas Artes, Coordinaci\u00f3n Nacional de Literatura. Tel\u00e9fonos (01 55) 5526 0219 y 5526 0449 Correo electr\u00f3nico:\u00a0<a href=\"mailto:cnl.promocion@inba.gob.mx\">cnl.promocion@inba.gob.mx<\/a>. P\u00e1gina web:<a href=\"http:\/\/www.literatura.bellasartes.gob\/\">www.literatura.bellasartes.gob<\/a>.<\/p>\n<p>&nbsp;<\/p>\n<p><a href=\"http:\/\/www.eloriente.net\/home\/wp-content\/uploads\/2014\/04\/Obra-de-teatro-Autopsia-Por-SEP.jpg\"><img loading=\"lazy\" decoding=\"async\" class=\"alignnone size-medium wp-image-24321\" title=\"Obra de teatro Autopsia-Por SEP\" src=\"http:\/\/www.eloriente.net\/home\/wp-content\/uploads\/2014\/04\/Obra-de-teatro-Autopsia-Por-SEP-300x200.jpg\" alt=\"\" width=\"300\" height=\"200\" srcset=\"http:\/\/www.eloriente.net\/home\/wp-content\/uploads\/2014\/04\/Obra-de-teatro-Autopsia-Por-SEP-300x200.jpg 300w, http:\/\/www.eloriente.net\/home\/wp-content\/uploads\/2014\/04\/Obra-de-teatro-Autopsia-Por-SEP-1024x682.jpg 1024w\" sizes=\"(max-width: 300px) 100vw, 300px\" \/><\/a><\/p>\n<p>Obra de teatro Autopsia. Foto: SEP<\/p>\n<p>&nbsp;<\/p>\n<p><strong>Entradas relacionadas:<\/strong><\/p>\n<p><a title=\"Permalink to Viernes 25\/Abr\/14 09:00 VII Festival de cuentos para ni\u00f1os\" href=\"http:\/\/www.eloriente.net\/home\/2014\/04\/11\/viernes-25abr14-0900-vii-festival-de-cuentos-para-ninos\/\" rel=\"bookmark\">Viernes 25\/Abr\/14 09:00 VII Festival de cuentos para ni\u00f1os<\/a><\/p>\n<p><a href=\"http:\/\/www.eloriente.net\/home\/2014\/04\/11\/viernes-25abr14-0900-vii-festival-de-cuentos-para-ninos\/\" rel=\"bookmark\"><img decoding=\"async\" title=\"Viernes 25\/Abr\/14 09:00 VII Festival de cuentos para ni\u00f1os\" src=\"http:\/\/www.eloriente.net\/home\/wp-content\/themes\/city-desk\/timthumb.php?src=http%3A%2F%2Fwww.eloriente.net%2Fhome%2Fwp-content%2Fuploads%2F2014%2F04%2FFestival-2013-Por-Cuentos-Grandes.jpg&amp;q=90&amp;w=160&amp;h=106&amp;zc=1\" alt=\"Viernes 25\/Abr\/14 09:00 VII Festival de cuentos para ni\u00f1os\" \/><\/a><\/p>\n<p>eloriente.net 11 de abril de 2014 \u00c9sta es la primera llamada, primera \u00a1Ya viene el VII Festival de cuentos para ni\u00f1os! La asociaci\u00f3n civil \u2018Cuentos grandes para calcetines peque\u00f1os\u2019 invita a la ni\u00f1ez oaxaque\u00f1a a participar en el VII Festival de cuentos para ni\u00f1os, Oaxaca 2014, el cual se llevar\u00e1 a cabo del 25 al [&#8230;]<\/p>\n<p>April 11, 2014<\/p>\n<p><a title=\"Permalink to Nebraska, el Oscar para la vida\" href=\"http:\/\/www.eloriente.net\/home\/2014\/04\/10\/nebraska-el-oscar-para-la-vida-2\/\" rel=\"bookmark\">Nebraska, el Oscar para la vida<\/a><\/p>\n<p><a href=\"http:\/\/www.eloriente.net\/home\/2014\/04\/10\/nebraska-el-oscar-para-la-vida-2\/\" rel=\"bookmark\"><img decoding=\"async\" title=\"Nebraska, el Oscar para la vida\" src=\"http:\/\/www.eloriente.net\/home\/wp-content\/themes\/city-desk\/timthumb.php?src=http%3A%2F%2Fwww.eloriente.net%2Fhome%2Fwp-content%2Fuploads%2F2014%2F04%2FNebraska.jpg&amp;q=90&amp;w=160&amp;h=106&amp;zc=1\" alt=\"Nebraska, el Oscar para la vida\" \/><\/a><\/p>\n<p>eloriente.net 10 de abril de 2014 Por: Juan Pablo Vasconcelos* Seg\u00fan trascurren los d\u00edas, Nebraska me va revelando su luminoso rostro de pel\u00edcula maestra. Y lo va haciendo como solamente las obras de su tipo pueden conseguirlo: aparecen de pronto en las conversaciones, se utilizan espont\u00e1neamente para explicar argumentos, se refieren para describir emociones, expectativas, [&#8230;]<\/p>\n<p>April 10, 2014<\/p>\n<p><a title=\"Permalink to Ya era hora que me dieran el Premio Xavier Villaurrutia: Jos\u00e9 de la Colina\" href=\"http:\/\/www.eloriente.net\/home\/2014\/04\/10\/ya-era-hora-que-me-dieran-el-premio-xavier-villaurrutia-jose-de-la-colina\/\" rel=\"bookmark\">Ya era hora que me dieran el Premio Xavier Villaurrutia: Jos\u00e9 de la Colina<\/a><\/p>\n<p><a href=\"http:\/\/www.eloriente.net\/home\/2014\/04\/10\/ya-era-hora-que-me-dieran-el-premio-xavier-villaurrutia-jose-de-la-colina\/\" rel=\"bookmark\"><img decoding=\"async\" title=\"Ya era hora que me dieran el Premio Xavier Villaurrutia: Jos\u00e9 de la Colina\" src=\"http:\/\/www.eloriente.net\/home\/wp-content\/themes\/city-desk\/timthumb.php?src=http%3A%2F%2Fwww.eloriente.net%2Fhome%2Fwp-content%2Fuploads%2F2014%2F04%2FJOSE%CC%81DELACOLINA-n22.jpg&amp;q=90&amp;w=160&amp;h=106&amp;zc=1\" alt=\"Ya era hora que me dieran el Premio Xavier Villaurrutia: Jos\u00e9 de la Colina\" \/><\/a><\/p>\n<p>eloriente.net\/Agencia N22 10 de abril de 2014 Por: Alizbeth Mercado CIUDAD DE M\u00c9XICO, M\u00e9xico, (N22).- Agradezco mucho al autor de una frase tan extraordinario a\u00fan como \u201cla nocturna rosa que no ocupa lugar en el espacio y su movimiento es una forma misteriosa de la quietud\u201d que era Xavier Villaurrutia, gran poeta, gran ensayista, no [&#8230;]<\/p>\n<p>April 10, 2014<\/p>\n\n\t\t\t  <div \n\t\t\t  \tclass = \"fb-comments\" \n\t\t\t  \tdata-href = \"http:\/\/www.eloriente.net\/home\/2014\/04\/15\/convocan-al-premio-juan-ruiz-de-alarcon-2014\/\"\n\t\t\t  \tdata-numposts = \"10\"\n\t\t\t\tdata-colorscheme = \"dark\"\n\t\t\t\tdata-order-by = \"social\"\n\t\t\t\tdata-mobile=true>\n\t\t\t  <\/div>\n\t\t  <style>\n\t\t\t.fb_iframe_widget_fluid_desktop iframe {\n\t\t\t    width: 100% !important;\n\t\t\t}\n\t\t  <\/style>\n\t\t  ","protected":false},"excerpt":{"rendered":"<p>eloriente.net\/INBA 15 de abril de 2014 La premiaci\u00f3n tendr\u00e1 lugar en el mes de mayo en la inauguraci\u00f3n de las XXVII Jornadas Alarconianas, en Taxco, Guerrero. El Consejo Nacional para la Cultura y las Artes, el Instituto Nacional de Bellas Artes y el Gobierno del Estado de Guerrero, por medio de la Secretar\u00eda de Cultura [&hellip;]<\/p>\n","protected":false},"author":26,"featured_media":24321,"comment_status":"open","ping_status":"open","sticky":false,"template":"","format":"standard","meta":{"_jetpack_memberships_contains_paid_content":false,"footnotes":""},"categories":[26,18,32,63,10],"tags":[],"class_list":["post-24319","post","type-post","status-publish","format-standard","has-post-thumbnail","hentry","category-convocatorias","category-educacion-y-cultura","category-entradas","category-estados","category-lo-mas-reciente"],"jetpack_featured_media_url":"http:\/\/www.eloriente.net\/home\/wp-content\/uploads\/2014\/04\/Obra-de-teatro-Autopsia-Por-SEP.jpg","jetpack_sharing_enabled":true,"_links":{"self":[{"href":"http:\/\/www.eloriente.net\/home\/wp-json\/wp\/v2\/posts\/24319"}],"collection":[{"href":"http:\/\/www.eloriente.net\/home\/wp-json\/wp\/v2\/posts"}],"about":[{"href":"http:\/\/www.eloriente.net\/home\/wp-json\/wp\/v2\/types\/post"}],"author":[{"embeddable":true,"href":"http:\/\/www.eloriente.net\/home\/wp-json\/wp\/v2\/users\/26"}],"replies":[{"embeddable":true,"href":"http:\/\/www.eloriente.net\/home\/wp-json\/wp\/v2\/comments?post=24319"}],"version-history":[{"count":3,"href":"http:\/\/www.eloriente.net\/home\/wp-json\/wp\/v2\/posts\/24319\/revisions"}],"predecessor-version":[{"id":24323,"href":"http:\/\/www.eloriente.net\/home\/wp-json\/wp\/v2\/posts\/24319\/revisions\/24323"}],"wp:featuredmedia":[{"embeddable":true,"href":"http:\/\/www.eloriente.net\/home\/wp-json\/wp\/v2\/media\/24321"}],"wp:attachment":[{"href":"http:\/\/www.eloriente.net\/home\/wp-json\/wp\/v2\/media?parent=24319"}],"wp:term":[{"taxonomy":"category","embeddable":true,"href":"http:\/\/www.eloriente.net\/home\/wp-json\/wp\/v2\/categories?post=24319"},{"taxonomy":"post_tag","embeddable":true,"href":"http:\/\/www.eloriente.net\/home\/wp-json\/wp\/v2\/tags?post=24319"}],"curies":[{"name":"wp","href":"https:\/\/api.w.org\/{rel}","templated":true}]}}