{"id":24378,"date":"2014-04-16T18:30:12","date_gmt":"2014-04-17T00:30:12","guid":{"rendered":"http:\/\/www.eloriente.net\/home\/?p=24378"},"modified":"2014-04-16T18:32:57","modified_gmt":"2014-04-17T00:32:57","slug":"aumenta-0-27-la-inflacion-en-marzo-respecto-a-febrero-de-2014","status":"publish","type":"post","link":"http:\/\/www.eloriente.net\/home\/2014\/04\/16\/aumenta-0-27-la-inflacion-en-marzo-respecto-a-febrero-de-2014\/","title":{"rendered":"Aumenta 0.27% la inflaci\u00f3n en marzo, respecto a febrero de 2014"},"content":{"rendered":"<p>eloriente.net<\/p>\n<p>16 de marzo de 2014<\/p>\n<p>La inflaci\u00f3n mensual en marzo de 2014 registr\u00f3 un incremento del 0.27% respecto a los 30 d\u00edas anteriores; mientras que en igual periodo de 2013, su variaci\u00f3n fue de 0.73%, as\u00ed lo dio a conocer el\u00a0\u00cdndice Nacional de Precios al Consumidor (INPC), instrumento elaborado por el Instituto Nacional de Estad\u00edstica y Geograf\u00eda (INEGI).<\/p>\n<p>La alza de los precios en el mercado del lim\u00f3n, la gasolina de bajo octanaje y la carne de res influyeron directamente en la inflaci\u00f3n de marzo de 2014; por consecuencia, los costos de alimentos en\u00a0loncher\u00edas, fondas, torter\u00edas y taquer\u00edas tambi\u00e9n incrementaron. Por el contrario, los que tuvieron una mayor incidencia a la baja fueron productos agropecuarios, como el jitomate, cebolla, frijol y pollo.<\/p>\n<p>&nbsp;<\/p>\n<p style=\"text-align: center;\"><a href=\"http:\/\/www.eloriente.net\/home\/wp-content\/uploads\/2014\/04\/Inflaci%C3%B3n.png\" target=\"_blank\"><img loading=\"lazy\" decoding=\"async\" class=\"aligncenter\" style=\"-webkit-user-select: none;\" src=\"http:\/\/www.eloriente.net\/home\/wp-content\/uploads\/2014\/04\/Inflaci%C3%B3n.png\" alt=\"\" width=\"613\" height=\"240\" \/><\/a><\/p>\n<p>&nbsp;<\/p>\n<p>Las localidades con mayor impacto econ\u00f3mico por la inflaci\u00f3n a nivel nacional fueron Tapachula, Chiapas; Ciudad Acu\u00f1a, Coahuila; y Ciudad Ju\u00e1rez, Chihuahua. Al contrario, las menos afectadas fueron las ciudades de Tepic, Nayarit; M\u00e9rida, Yucat\u00e1n; y Quer\u00e9taro, Quer\u00e9taro.<\/p>\n<p>&nbsp;<\/p>\n<p style=\"text-align: center;\"><a href=\"http:\/\/www.eloriente.net\/home\/wp-content\/uploads\/2014\/04\/Localidades.png\" target=\"_blank\"><img loading=\"lazy\" decoding=\"async\" class=\"aligncenter\" style=\"-webkit-user-select: none;\" src=\"http:\/\/www.eloriente.net\/home\/wp-content\/uploads\/2014\/04\/Localidades.png\" alt=\"\" width=\"558\" height=\"241\" \/><\/a><\/p>\n<p>&nbsp;<\/p>\n<p>El alto aumento de precios en productos que fueron directamente gravados por la reforma fiscal a inicios de 2014, se ha moderado durante el \u00faltimo par de meses. La inflaci\u00f3n mensual de estas mercanc\u00edas pas\u00f3 de 1.26% en enero a 0.13% en febrero y 0.18% en marzo.<\/p>\n<p>Por su parte, los precios de servicios como vivienda y educaci\u00f3n pasaron de incrementos mensuales de 0.51% en enero, a 0.41% en febrero y 0.24% en marzo.<\/p>\n<p>El costo de la canasta b\u00e1sica de consumo present\u00f3 un incremento mensual de 0.25% en marzo de 2014, ubicando su tasa anual en 5.49%; mientras que en el mismo mes de 2013, las cifras correspondientes fueron de 0.52 y 4.41 por ciento, respectivamente.<\/p>\n<p>Para determinar los anteriores c\u00e1lculos se cotizaron los precios en 46 ciudades en las 32 entidades federativas. Se recabaron en promedio 117 mil 500 costos quincenalmente agrupados en 48 ramas de actividad econ\u00f3mica.<\/p>\n<p>&nbsp;<\/p>\n<p><a href=\"http:\/\/www.eloriente.net\/home\/wp-content\/uploads\/2014\/04\/Lim\u00f3n-Por-Tierra-F\u00e9rtil.jpg\"><img loading=\"lazy\" decoding=\"async\" class=\"alignnone size-medium wp-image-24388\" title=\"Lim\u00f3n-Por-Tierra-F\u00e9rtil\" src=\"http:\/\/www.eloriente.net\/home\/wp-content\/uploads\/2014\/04\/Lim\u00f3n-Por-Tierra-F\u00e9rtil-300x200.jpg\" alt=\"\" width=\"300\" height=\"200\" srcset=\"http:\/\/www.eloriente.net\/home\/wp-content\/uploads\/2014\/04\/Lim\u00f3n-Por-Tierra-F\u00e9rtil-300x200.jpg 300w, http:\/\/www.eloriente.net\/home\/wp-content\/uploads\/2014\/04\/Lim\u00f3n-Por-Tierra-F\u00e9rtil-1024x685.jpg 1024w\" sizes=\"(max-width: 300px) 100vw, 300px\" \/><\/a><\/p>\n<p>Foto: Tierra F\u00e9rtil<\/p>\n<p>&nbsp;<\/p>\n<p><strong>Entradas relacionadas:<\/strong><\/p>\n<p><a title=\"Permalink to Oaxaca con el mayor crecimiento econ\u00f3mico del sur-sureste al 3er trimestre 2013\" href=\"http:\/\/www.eloriente.net\/home\/2014\/04\/09\/oaxaca-presenta-el-mayor-crecimiento-economico-en-la-region-sur-sureste-al-3er-trimestre-de-2013\/\" rel=\"bookmark\">Oaxaca con el mayor crecimiento econ\u00f3mico del sur-sureste al 3er trimestre 2013<\/a><\/p>\n<p><a href=\"http:\/\/www.eloriente.net\/home\/2014\/04\/09\/oaxaca-presenta-el-mayor-crecimiento-economico-en-la-region-sur-sureste-al-3er-trimestre-de-2013\/\" rel=\"bookmark\"><img decoding=\"async\" title=\"Oaxaca con el mayor crecimiento econ\u00f3mico del sur-sureste al 3er trimestre 2013\" src=\"http:\/\/www.eloriente.net\/home\/wp-content\/themes\/city-desk\/timthumb.php?src=http%3A%2F%2Fwww.eloriente.net%2Fhome%2Fwp-content%2Fuploads%2F2014%2F04%2FEconom%C3%ADa-Por-Aristoteles-Sandoval.jpg&amp;q=90&amp;w=160&amp;h=106&amp;zc=1\" alt=\"Oaxaca con el mayor crecimiento econ\u00f3mico del sur-sureste al 3er trimestre 2013\" \/><\/a><\/p>\n<p>eloriente.net 9 de abril de 2014 De acuerdo a cifras del Indicador Trimestral de la Actividad Econ\u00f3mica Estatal del Instituto Nacional de Estad\u00edstica y Geograf\u00eda (INEGI), Oaxaca present\u00f3 el mayor crecimiento econ\u00f3mico durante el tercer trimestre de 2013, en comparaci\u00f3n con las entidades que conforman la regi\u00f3n sur-sureste de M\u00e9xico. Oaxaca, en quinto lugar a [&#8230;]<\/p>\n<p>April 9, 2014<\/p>\n<p><a title=\"Permalink to Oaxaca concentra 4.1% de la demanda de cr\u00e9ditos de vivienda en M\u00e9xico: CIDOC\" href=\"http:\/\/www.eloriente.net\/home\/2014\/03\/27\/oaxaca-concentra-4-1-de-demandas-de-creditos-de-vivienda-a-nivel-nacional-cidoc\/\" rel=\"bookmark\">Oaxaca concentra 4.1% de la demanda de cr\u00e9ditos de vivienda en M\u00e9xico: CIDOC<\/a><\/p>\n<p><a href=\"http:\/\/www.eloriente.net\/home\/2014\/03\/27\/oaxaca-concentra-4-1-de-demandas-de-creditos-de-vivienda-a-nivel-nacional-cidoc\/\" rel=\"bookmark\"><img decoding=\"async\" title=\"Oaxaca concentra 4.1% de la demanda de cr\u00e9ditos de vivienda en M\u00e9xico: CIDOC\" src=\"http:\/\/www.eloriente.net\/home\/wp-content\/themes\/city-desk\/timthumb.php?src=http%3A%2F%2Fwww.eloriente.net%2Fhome%2Fwp-content%2Fuploads%2F2014%2F03%2FUnidad-Habitacional.jpg&amp;q=90&amp;w=160&amp;h=106&amp;zc=1\" alt=\"Oaxaca concentra 4.1% de la demanda de cr\u00e9ditos de vivienda en M\u00e9xico: CIDOC\" \/><\/a><\/p>\n<p>eloriente.net 27 de marzo de 2014 \u201cEl 2013 fue un a\u00f1o complejo para la econom\u00eda, la industria de la construcci\u00f3n y el mercado de vivienda\u201d, as\u00ed lo afirm\u00f3 la Fundaci\u00f3n Centro de Investigaci\u00f3n y Documentaci\u00f3n de la Casa, A.C. (CIDOC) en su reporte \u201cEstado Actual de la Vivencia en M\u00e9xico 2013\u2033, presentado el pasado febrero [&#8230;]<\/p>\n<p>March 27, 2014<\/p>\n<p><a title=\"Permalink to Impacto de los neosolteros en el desarrollo econ\u00f3mico\" href=\"http:\/\/www.eloriente.net\/home\/2014\/03\/07\/impacto-de-los-neosolteros-en-el-desarrollo-economico\/\" rel=\"bookmark\">Impacto de los neosolteros en el desarrollo econ\u00f3mico<\/a><\/p>\n<p><a href=\"http:\/\/www.eloriente.net\/home\/2014\/03\/07\/impacto-de-los-neosolteros-en-el-desarrollo-economico\/\" rel=\"bookmark\"><img decoding=\"async\" title=\"Impacto de los neosolteros en el desarrollo econ\u00f3mico\" src=\"http:\/\/www.eloriente.net\/home\/wp-content\/themes\/city-desk\/timthumb.php?src=http%3A%2F%2Fwww.eloriente.net%2Fhome%2Fwp-content%2Fuploads%2F2014%2F03%2FSoltero-Por-Gustavo-Jaen.jpg&amp;q=90&amp;w=160&amp;h=106&amp;zc=1\" alt=\"Impacto de los neosolteros en el desarrollo econ\u00f3mico\" \/><\/a><\/p>\n<p>eloriente.net 7 de marzo de 2014 Por: Ver\u00f3nica Reyes Bar\u00f3n* \u00a0 Impacto de los neosolteros en el desarrollo econ\u00f3mico Muchas veces se habla acerca del impacto del desarrollo econ\u00f3mico o la microeconom\u00eda en el gasto familiar o como la econom\u00eda familiar se ve afectada por tal o cual reforma estructural o impacto internacional, pero de [&#8230;]<\/p>\n<p>March 7, 2014<\/p>\n\n\t\t\t  <div \n\t\t\t  \tclass = \"fb-comments\" \n\t\t\t  \tdata-href = \"http:\/\/www.eloriente.net\/home\/2014\/04\/16\/aumenta-0-27-la-inflacion-en-marzo-respecto-a-febrero-de-2014\/\"\n\t\t\t  \tdata-numposts = \"10\"\n\t\t\t\tdata-colorscheme = \"dark\"\n\t\t\t\tdata-order-by = \"social\"\n\t\t\t\tdata-mobile=true>\n\t\t\t  <\/div>\n\t\t  <style>\n\t\t\t.fb_iframe_widget_fluid_desktop iframe {\n\t\t\t    width: 100% !important;\n\t\t\t}\n\t\t  <\/style>\n\t\t  ","protected":false},"excerpt":{"rendered":"<p>eloriente.net 16 de marzo de 2014 La inflaci\u00f3n mensual en marzo de 2014 registr\u00f3 un incremento del 0.27% respecto a los 30 d\u00edas anteriores; mientras que en igual periodo de 2013, su variaci\u00f3n fue de 0.73%, as\u00ed lo dio a conocer el\u00a0\u00cdndice Nacional de Precios al Consumidor (INPC), instrumento elaborado por el Instituto Nacional de [&hellip;]<\/p>\n","protected":false},"author":26,"featured_media":24388,"comment_status":"open","ping_status":"open","sticky":false,"template":"","format":"standard","meta":{"_jetpack_memberships_contains_paid_content":false,"footnotes":""},"categories":[32,63,10,23,19],"tags":[984,986,252,983,732,985,987],"class_list":["post-24378","post","type-post","status-publish","format-standard","has-post-thumbnail","hentry","category-entradas","category-estados","category-lo-mas-reciente","category-municipios","category-turismo-y-negocios","tag-alimentos","tag-canasta-basica","tag-economia","tag-inflacion","tag-marzo","tag-precios","tag-productos"],"jetpack_featured_media_url":"http:\/\/www.eloriente.net\/home\/wp-content\/uploads\/2014\/04\/Lim\u00f3n-Por-Tierra-F\u00e9rtil.jpg","jetpack_sharing_enabled":true,"_links":{"self":[{"href":"http:\/\/www.eloriente.net\/home\/wp-json\/wp\/v2\/posts\/24378"}],"collection":[{"href":"http:\/\/www.eloriente.net\/home\/wp-json\/wp\/v2\/posts"}],"about":[{"href":"http:\/\/www.eloriente.net\/home\/wp-json\/wp\/v2\/types\/post"}],"author":[{"embeddable":true,"href":"http:\/\/www.eloriente.net\/home\/wp-json\/wp\/v2\/users\/26"}],"replies":[{"embeddable":true,"href":"http:\/\/www.eloriente.net\/home\/wp-json\/wp\/v2\/comments?post=24378"}],"version-history":[{"count":8,"href":"http:\/\/www.eloriente.net\/home\/wp-json\/wp\/v2\/posts\/24378\/revisions"}],"predecessor-version":[{"id":24392,"href":"http:\/\/www.eloriente.net\/home\/wp-json\/wp\/v2\/posts\/24378\/revisions\/24392"}],"wp:featuredmedia":[{"embeddable":true,"href":"http:\/\/www.eloriente.net\/home\/wp-json\/wp\/v2\/media\/24388"}],"wp:attachment":[{"href":"http:\/\/www.eloriente.net\/home\/wp-json\/wp\/v2\/media?parent=24378"}],"wp:term":[{"taxonomy":"category","embeddable":true,"href":"http:\/\/www.eloriente.net\/home\/wp-json\/wp\/v2\/categories?post=24378"},{"taxonomy":"post_tag","embeddable":true,"href":"http:\/\/www.eloriente.net\/home\/wp-json\/wp\/v2\/tags?post=24378"}],"curies":[{"name":"wp","href":"https:\/\/api.w.org\/{rel}","templated":true}]}}