{"id":24404,"date":"2014-04-17T08:30:30","date_gmt":"2014-04-17T14:30:30","guid":{"rendered":"http:\/\/www.eloriente.net\/home\/?p=24404"},"modified":"2014-04-17T09:08:58","modified_gmt":"2014-04-17T15:08:58","slug":"urge-fomentar-el-habito-de-la-lectura-en-la-ninez-oaxaquena-diputada-leslie-jimenez","status":"publish","type":"post","link":"http:\/\/www.eloriente.net\/home\/2014\/04\/17\/urge-fomentar-el-habito-de-la-lectura-en-la-ninez-oaxaquena-diputada-leslie-jimenez\/","title":{"rendered":"La lectura debe ser el eje primordial de la educaci\u00f3n en Oaxaca: Jim\u00e9nez Valencia"},"content":{"rendered":"<p>eloriente.net\/<a href=\"http:\/\/www.congresooaxaca.gob.mx\" target=\"_blank\">Congreso del Estado<\/a><\/p>\n<p>17 de abril de 2014<\/p>\n<p>La diputada local panista por el\u00a0distrito 22 con cabecera en Oaxaca Norte, Leslie Jim\u00e9nez Valencia,\u00a0resalt\u00f3 que urge revisar la Ley Estatal de Educaci\u00f3n para situar a la\u00a0lectura como un eje primordial en el mejoramiento de la calidad\u00a0educativa del Estado, por lo cual se trabajar\u00e1 a marchas forzadas para\u00a0darle el impulso que este tema merece.<\/p>\n<p>La legisladora asisti\u00f3 a la inauguraci\u00f3n de la biblioteca infantil\u00a0\u201cEmilio Lom\u00e9 Serrano\u201d y al arranque del programa infantil \u201cPor la\u00a0creaci\u00f3n de peque\u00f1os lectores\u201d, el cual busca incentivar desde la\u00a0ni\u00f1ez, el gusto por la lectura bajo la tutela de padres, madres y\u00a0profesores y con esto abatir los bajos \u00edndices de lectura en nuestro\u00a0pa\u00eds y lograr una educaci\u00f3n de calidad.<\/p>\n<p>El acto realizado en el jard\u00edn de ni\u00f1os \u201cMar\u00eda del Carmen\u00a0Mill\u00e1n\u201d ubicado en la Agencia Municipal de Dolores, cont\u00f3 con la\u00a0presencia de Emilio \u00c1ngel Lome Serrano, especialista en la\u00a0investigaci\u00f3n del arte y la cultura infantil, particularmente en la\u00a0m\u00fasica y la literatura quien ha implementado talleres para ni\u00f1os para\u00a0la inducci\u00f3n a la lectura por medio de su labor como escritor,\u00a0compositor, tallerista y promotor cultural.<\/p>\n<p>Durante la realizaci\u00f3n de dicho acto, las y los asistentes se\u00a0deleitaron con el cancionero m\u00e1gico de Lom\u00e9 Serrano y constataron el\u00a0compromiso de la sociedad y gobierno para lograr un mejor futuro para la\u00a0ni\u00f1ez oaxaque\u00f1a. En el evento, la diputada estuvo acompa\u00f1ada de\u00a0\u00c1ngel Silva Escalona, Agente Municipal de Dolores y de Jorge Machorro,\u00a0Director de Cultura del Municipio de Oaxaca de Ju\u00e1rez, quienes\u00a0coincidieron en la necesidad de incentivar desde corta edad el gusto por\u00a0las letras.<\/p>\n<p>&nbsp;<\/p>\n<p><a href=\"http:\/\/www.eloriente.net\/home\/wp-content\/uploads\/2014\/04\/Leslie-Jim\u00e9nez-Por-Congreso.jpg\"><img loading=\"lazy\" decoding=\"async\" class=\"alignnone size-medium wp-image-24405\" title=\"Leslie Jim\u00e9nez-Por Congreso\" src=\"http:\/\/www.eloriente.net\/home\/wp-content\/uploads\/2014\/04\/Leslie-Jim\u00e9nez-Por-Congreso-300x225.jpg\" alt=\"\" width=\"300\" height=\"225\" srcset=\"http:\/\/www.eloriente.net\/home\/wp-content\/uploads\/2014\/04\/Leslie-Jim\u00e9nez-Por-Congreso-300x225.jpg 300w, http:\/\/www.eloriente.net\/home\/wp-content\/uploads\/2014\/04\/Leslie-Jim\u00e9nez-Por-Congreso.jpg 800w\" sizes=\"(max-width: 300px) 100vw, 300px\" \/><\/a><\/p>\n<p>Foto: Congreso del Estado<\/p>\n<p>&nbsp;<\/p>\n<p><strong>Entradas relacionadas:<\/strong><\/p>\n<p><a title=\"Permalink to Habr\u00e1 nueva Ley de Educaci\u00f3n para Oaxaca, vislumbra diputado L\u00f3pez Rodr\u00edguez\" href=\"http:\/\/www.eloriente.net\/home\/2014\/04\/15\/habra-nueva-ley-de-educacion-para-oaxaca-vislumbra-diputado-lopez-rodriguez\/\" rel=\"bookmark\">Habr\u00e1 nueva Ley de Educaci\u00f3n para Oaxaca, vislumbra diputado L\u00f3pez Rodr\u00edguez<\/a><\/p>\n<p><a href=\"http:\/\/www.eloriente.net\/home\/2014\/04\/15\/habra-nueva-ley-de-educacion-para-oaxaca-vislumbra-diputado-lopez-rodriguez\/\" rel=\"bookmark\"><img decoding=\"async\" title=\"Habr\u00e1 nueva Ley de Educaci\u00f3n para Oaxaca, vislumbra diputado L\u00f3pez Rodr\u00edguez\" src=\"http:\/\/www.eloriente.net\/home\/wp-content\/themes\/city-desk\/timthumb.php?src=http%3A%2F%2Fwww.eloriente.net%2Fhome%2Fwp-content%2Fuploads%2F2014%2F04%2FDiputado-Por-Congreso.jpg&amp;q=90&amp;w=160&amp;h=106&amp;zc=1\" alt=\"Habr\u00e1 nueva Ley de Educaci\u00f3n para Oaxaca, vislumbra diputado L\u00f3pez Rodr\u00edguez\" \/><\/a><\/p>\n<p>eloriente.net\/Congreso del Estado 15 de abril de 2014 Antes de que inicie el ciclo escolar 2014-2015 se contar\u00e1 con esta nueva ley integrada con la participaci\u00f3n de todos los sectores, adelant\u00f3 el presidente de la Comisi\u00f3n de Educaci\u00f3n P\u00fablica de la LXII El presidente de la Comisi\u00f3n Permanente de Educaci\u00f3n P\u00fablica del Congreso del Estado, [&#8230;]<\/p>\n<p>April 15, 2014<\/p>\n<div id=\"post-24228\">\n<p><a title=\"Permalink to Participaci\u00f3n juvenil en procesos electorales, demanda diputada D\u00edaz Jim\u00e9nez\" href=\"http:\/\/www.eloriente.net\/home\/2014\/04\/14\/participacion-juvenil-en-procesos-electorales-demanda-diputada-diaz-jimenez\/\" rel=\"bookmark\">Participaci\u00f3n juvenil en procesos electorales, demanda diputada D\u00edaz Jim\u00e9nez<\/a><\/p>\n<p><a href=\"http:\/\/www.eloriente.net\/home\/2014\/04\/14\/participacion-juvenil-en-procesos-electorales-demanda-diputada-diaz-jimenez\/\" rel=\"bookmark\"><img decoding=\"async\" title=\"Participaci\u00f3n juvenil en procesos electorales, demanda diputada D\u00edaz Jim\u00e9nez\" src=\"http:\/\/www.eloriente.net\/home\/wp-content\/themes\/city-desk\/timthumb.php?src=http%3A%2F%2Fwww.eloriente.net%2Fhome%2Fwp-content%2Fuploads%2F2014%2F04%2FD%C3%ADaz-Jim%C3%A9nez-Por-Congreso.jpg&amp;q=90&amp;w=160&amp;h=106&amp;zc=1\" alt=\"Participaci\u00f3n juvenil en procesos electorales, demanda diputada D\u00edaz Jim\u00e9nez\" \/><\/a><\/p>\n<p>eloriente.net\/Congreso del Estado 14 de abril de 2014 La coordinadora de la fracci\u00f3n del Partido Acci\u00f3n Nacional en la LXII Legislatura del Estado, Antonia Natividad D\u00edaz Jim\u00e9nez, present\u00f3 en la sesi\u00f3n ordinaria del pasado jueves una iniciativa para reformar el C\u00f3digo de Instituciones Pol\u00edticas y Procedimientos Electorales de Oaxaca (CIPPEO) para darle m\u00e1s espacio de [&#8230;]<\/p>\n<p>April 14, 2014<\/p>\n<\/div>\n<div id=\"post-24186\">\n<p><a title=\"Permalink to Analiza Congreso iniciativa de reforma sobre derechos de pueblos ind\u00edgenas y afromexicanos\" href=\"http:\/\/www.eloriente.net\/home\/2014\/04\/12\/analiza-congreso-iniciativa-de-reforma-sobre-derechos-de-pueblos-indigenas-y-afromexicanos\/\" rel=\"bookmark\">Analiza Congreso iniciativa de reforma sobre derechos de pueblos ind\u00edgenas y afromexicanos<\/a><\/p>\n<p><a href=\"http:\/\/www.eloriente.net\/home\/2014\/04\/12\/analiza-congreso-iniciativa-de-reforma-sobre-derechos-de-pueblos-indigenas-y-afromexicanos\/\" rel=\"bookmark\"><img decoding=\"async\" title=\"Analiza Congreso iniciativa de reforma sobre derechos de pueblos ind\u00edgenas y afromexicanos\" src=\"http:\/\/www.eloriente.net\/home\/wp-content\/themes\/city-desk\/timthumb.php?src=http%3A%2F%2Fwww.eloriente.net%2Fhome%2Fwp-content%2Fuploads%2F2014%2F04%2FBola%C3%B1os-Cacho-Por-Congreso.jpg&amp;q=90&amp;w=160&amp;h=106&amp;zc=1\" alt=\"Analiza Congreso iniciativa de reforma sobre derechos de pueblos ind\u00edgenas y afromexicanos\" \/><\/a><\/p>\n<p>eloriente.net\/Congreso del Estado 12 de abril de 2o14 El diputado Jaime Bola\u00f1os Cacho, presidente de la Comisi\u00f3n de Estudios Constitucionales, dio inicio al an\u00e1lisis de la propuesta de reforma.\u00a0 El diputado local Jaime Bola\u00f1os\u00a0Cacho, instal\u00f3 la primer sesi\u00f3n de trabajo de las Comisiones Unidas de\u00a0Estudios Constitucionales y Asuntos Ind\u00edgenas, encargadas del an\u00e1lisis\u00a0de la iniciativa de [&#8230;]<\/p>\n<p>April 12, 2014<\/p>\n<\/div>\n\n\t\t\t  <div \n\t\t\t  \tclass = \"fb-comments\" \n\t\t\t  \tdata-href = \"http:\/\/www.eloriente.net\/home\/2014\/04\/17\/urge-fomentar-el-habito-de-la-lectura-en-la-ninez-oaxaquena-diputada-leslie-jimenez\/\"\n\t\t\t  \tdata-numposts = \"10\"\n\t\t\t\tdata-colorscheme = \"dark\"\n\t\t\t\tdata-order-by = \"social\"\n\t\t\t\tdata-mobile=true>\n\t\t\t  <\/div>\n\t\t  <style>\n\t\t\t.fb_iframe_widget_fluid_desktop iframe {\n\t\t\t    width: 100% !important;\n\t\t\t}\n\t\t  <\/style>\n\t\t  ","protected":false},"excerpt":{"rendered":"<p>eloriente.net\/Congreso del Estado 17 de abril de 2014 La diputada local panista por el\u00a0distrito 22 con cabecera en Oaxaca Norte, Leslie Jim\u00e9nez Valencia,\u00a0resalt\u00f3 que urge revisar la Ley Estatal de Educaci\u00f3n para situar a la\u00a0lectura como un eje primordial en el mejoramiento de la calidad\u00a0educativa del Estado, por lo cual se trabajar\u00e1 a marchas forzadas [&hellip;]<\/p>\n","protected":false},"author":26,"featured_media":24405,"comment_status":"open","ping_status":"open","sticky":false,"template":"","format":"standard","meta":{"_jetpack_memberships_contains_paid_content":false,"footnotes":""},"categories":[91,18,32,63,23,464,21],"tags":[239,246,241,93,184,428,993],"class_list":["post-24404","post","type-post","status-publish","format-standard","has-post-thumbnail","hentry","category-congreso-y-justicia","category-educacion-y-cultura","category-entradas","category-estados","category-municipios","category-oaxaca-estados","category-politica-y-gobierno","tag-arte","tag-congreso","tag-cultura","tag-diputados","tag-educacion","tag-lectura","tag-ninez"],"jetpack_featured_media_url":"http:\/\/www.eloriente.net\/home\/wp-content\/uploads\/2014\/04\/Leslie-Jim\u00e9nez-Por-Congreso.jpg","jetpack_sharing_enabled":true,"_links":{"self":[{"href":"http:\/\/www.eloriente.net\/home\/wp-json\/wp\/v2\/posts\/24404"}],"collection":[{"href":"http:\/\/www.eloriente.net\/home\/wp-json\/wp\/v2\/posts"}],"about":[{"href":"http:\/\/www.eloriente.net\/home\/wp-json\/wp\/v2\/types\/post"}],"author":[{"embeddable":true,"href":"http:\/\/www.eloriente.net\/home\/wp-json\/wp\/v2\/users\/26"}],"replies":[{"embeddable":true,"href":"http:\/\/www.eloriente.net\/home\/wp-json\/wp\/v2\/comments?post=24404"}],"version-history":[{"count":4,"href":"http:\/\/www.eloriente.net\/home\/wp-json\/wp\/v2\/posts\/24404\/revisions"}],"predecessor-version":[{"id":24407,"href":"http:\/\/www.eloriente.net\/home\/wp-json\/wp\/v2\/posts\/24404\/revisions\/24407"}],"wp:featuredmedia":[{"embeddable":true,"href":"http:\/\/www.eloriente.net\/home\/wp-json\/wp\/v2\/media\/24405"}],"wp:attachment":[{"href":"http:\/\/www.eloriente.net\/home\/wp-json\/wp\/v2\/media?parent=24404"}],"wp:term":[{"taxonomy":"category","embeddable":true,"href":"http:\/\/www.eloriente.net\/home\/wp-json\/wp\/v2\/categories?post=24404"},{"taxonomy":"post_tag","embeddable":true,"href":"http:\/\/www.eloriente.net\/home\/wp-json\/wp\/v2\/tags?post=24404"}],"curies":[{"name":"wp","href":"https:\/\/api.w.org\/{rel}","templated":true}]}}