{"id":24409,"date":"2014-04-17T08:55:58","date_gmt":"2014-04-17T14:55:58","guid":{"rendered":"http:\/\/www.eloriente.net\/home\/?p=24409"},"modified":"2014-04-17T12:17:08","modified_gmt":"2014-04-17T18:17:08","slug":"consulta-aqui-programa-de-actividades-del-festival-oaxaca-482-aniversario","status":"publish","type":"post","link":"http:\/\/www.eloriente.net\/home\/2014\/04\/17\/consulta-aqui-programa-de-actividades-del-festival-oaxaca-482-aniversario\/","title":{"rendered":"Consulta aqu\u00ed programa de actividades del \u00abFestival Oaxaca, 482 Aniversario\u00bb"},"content":{"rendered":"<p>eloriente.net<\/p>\n<p>17 de abril de 2014<\/p>\n<p><strong>\u00a1Oaxaca de Ju\u00e1rez est\u00e1 de fiesta! <\/strong><\/p>\n<p><strong><\/strong>El municipio de Oaxaca de Ju\u00e1rez festejar\u00e1 su 482 aniversario de su consolidaci\u00f3n como ciudad; es por ello que el ayuntamiento capitalino y el gobierno estatal han organizado m\u00e1s de 100 actividades culturales, art\u00edsticas y acad\u00e9micas. El \u00abFestival Oaxaca\u00bb se llevar\u00e1 a cabo a partir del d\u00eda 25 de abril hasta el 8 de mayo de 2014.<\/p>\n<p>ELORIENTE.NET pone a tu disposici\u00f3n el calendario de actividades, para que participes en compa\u00f1\u00eda de tu familia y amigos. Da click en cada fecha para consultar el programa del d\u00eda.<\/p>\n<p>&nbsp;<\/p>\n<p><a href=\"http:\/\/www.eloriente.net\/home\/2014\/04\/17\/festival-oaxaca-482-aniversario-viernes-25-de-abril-de-2014\/\" target=\"_blank\"><img loading=\"lazy\" decoding=\"async\" style=\"-webkit-user-select: none;\" src=\"http:\/\/www.eloriente.net\/home\/wp-content\/uploads\/2014\/04\/Fechas-01.png\" alt=\"\" width=\"126\" height=\"131\" \/><\/a>\u00a0 \u00a0 \u00a0 \u00a0\u00a0<a href=\"http:\/\/www.eloriente.net\/home\/2014\/04\/17\/festival-oaxaca-482-aniversario-sabado-26-de-abril-de-2014\/\" target=\"_blank\"><img loading=\"lazy\" decoding=\"async\" style=\"-webkit-user-select: none;\" src=\"http:\/\/www.eloriente.net\/home\/wp-content\/uploads\/2014\/04\/Fechas-02.png\" alt=\"\" width=\"126\" height=\"131\" \/><\/a>\u00a0 \u00a0 \u00a0 \u00a0\u00a0<a href=\"http:\/\/www.eloriente.net\/home\/2014\/04\/17\/festival-oaxaca-482-aniversario-domingo-27-de-abril-de-2014\/\" target=\"_blank\"><img loading=\"lazy\" decoding=\"async\" style=\"-webkit-user-select: none;\" src=\"http:\/\/www.eloriente.net\/home\/wp-content\/uploads\/2014\/04\/Fechas-03.png\" alt=\"\" width=\"126\" height=\"131\" \/><\/a>\u00a0 \u00a0 \u00a0 \u00a0\u00a0<a href=\"http:\/\/www.eloriente.net\/home\/2014\/04\/17\/festival-oaxaca-482-aniversario-lunes-28-de-abril-de-2014\/\" target=\"_blank\"><img loading=\"lazy\" decoding=\"async\" style=\"-webkit-user-select: none;\" src=\"http:\/\/www.eloriente.net\/home\/wp-content\/uploads\/2014\/04\/Fechas-04.png\" alt=\"\" width=\"126\" height=\"131\" \/><\/a><\/p>\n<p><a href=\"http:\/\/www.eloriente.net\/home\/2014\/04\/17\/festival-oaxaca-482-aniversario-martes-29-de-abril-de-2014\/\" target=\"_blank\"><img loading=\"lazy\" decoding=\"async\" style=\"-webkit-user-select: none;\" src=\"http:\/\/www.eloriente.net\/home\/wp-content\/uploads\/2014\/04\/Fechas-05.png\" alt=\"\" width=\"126\" height=\"131\" \/><\/a>\u00a0 \u00a0 \u00a0 \u00a0\u00a0<a href=\"http:\/\/www.eloriente.net\/home\/2014\/04\/17\/festival-oaxaca-482-aniversario-miercoles-30-de-abril-de-2014\/\" target=\"_blank\"><img loading=\"lazy\" decoding=\"async\" style=\"-webkit-user-select: none;\" src=\"http:\/\/www.eloriente.net\/home\/wp-content\/uploads\/2014\/04\/Fechas-06.png\" alt=\"\" width=\"126\" height=\"131\" \/><\/a>\u00a0 \u00a0 \u00a0 \u00a0\u00a0<a href=\"http:\/\/www.eloriente.net\/home\/2014\/04\/17\/festival-oaxaca-482-aniversario-jueves-1-de-mayo-de-2014\/\" target=\"_blank\"><img loading=\"lazy\" decoding=\"async\" style=\"-webkit-user-select: none;\" src=\"http:\/\/www.eloriente.net\/home\/wp-content\/uploads\/2014\/04\/Fechas-07.png\" alt=\"\" width=\"126\" height=\"131\" \/><\/a>\u00a0 \u00a0 \u00a0 \u00a0\u00a0<a href=\"http:\/\/www.eloriente.net\/home\/2014\/04\/17\/festival-oaxaca-482-aniversario-viernes-2-de-mayo-de-2014\/\" target=\"_blank\"><img loading=\"lazy\" decoding=\"async\" style=\"-webkit-user-select: none;\" src=\"http:\/\/www.eloriente.net\/home\/wp-content\/uploads\/2014\/04\/Fechas-08.png\" alt=\"\" width=\"126\" height=\"131\" \/><\/a><\/p>\n<p><a href=\"http:\/\/www.eloriente.net\/home\/2014\/04\/17\/festival-oaxaca-482-aniversario-sabado-3-de-mayo-de-2014\/\" target=\"_blank\"><img loading=\"lazy\" decoding=\"async\" style=\"-webkit-user-select: none;\" src=\"http:\/\/www.eloriente.net\/home\/wp-content\/uploads\/2014\/04\/Fechas-09.png\" alt=\"\" width=\"126\" height=\"131\" \/><\/a>\u00a0 \u00a0 \u00a0 \u00a0\u00a0<a href=\"http:\/\/www.eloriente.net\/home\/2014\/04\/17\/festival-oaxaca-482-aniversario-domingo-4-de-mayo-de-2014\/\" target=\"_blank\"><img loading=\"lazy\" decoding=\"async\" style=\"-webkit-user-select: none;\" src=\"http:\/\/www.eloriente.net\/home\/wp-content\/uploads\/2014\/04\/Fechas-10.png\" alt=\"\" width=\"126\" height=\"131\" \/><\/a>\u00a0 \u00a0 \u00a0 \u00a0\u00a0<a href=\"http:\/\/www.eloriente.net\/home\/2014\/04\/17\/festival-oaxaca-482-aniversario-lunes-5-de-mayo-de-2014\/\" target=\"_blank\"><img loading=\"lazy\" decoding=\"async\" style=\"-webkit-user-select: none;\" src=\"http:\/\/www.eloriente.net\/home\/wp-content\/uploads\/2014\/04\/Fechas-11.png\" alt=\"\" width=\"126\" height=\"131\" \/><\/a>\u00a0 \u00a0 \u00a0 \u00a0\u00a0<a href=\"http:\/\/www.eloriente.net\/home\/2014\/04\/17\/festival-oaxaca-482-aniversario-martes-6-de-mayo-de-2014\/\" target=\"_blank\"><img loading=\"lazy\" decoding=\"async\" style=\"-webkit-user-select: none;\" src=\"http:\/\/www.eloriente.net\/home\/wp-content\/uploads\/2014\/04\/Fechas-12.png\" alt=\"\" width=\"126\" height=\"131\" \/><\/a><\/p>\n<p><a href=\"http:\/\/www.eloriente.net\/home\/2014\/04\/17\/festival-oaxaca-482-aniversario-miercoles-7-de-mayo-de-2014\/\" target=\"_blank\"><img loading=\"lazy\" decoding=\"async\" style=\"-webkit-user-select: none;\" src=\"http:\/\/www.eloriente.net\/home\/wp-content\/uploads\/2014\/04\/Fechas-13.png\" alt=\"\" width=\"126\" height=\"131\" \/><\/a>\u00a0 \u00a0 \u00a0 \u00a0\u00a0<a href=\"http:\/\/www.eloriente.net\/home\/2014\/04\/17\/festival-oaxaca-482-aniversario-jueves-8-de-mayo-de-2014\/\" target=\"_blank\"><img loading=\"lazy\" decoding=\"async\" style=\"-webkit-user-select: none;\" src=\"http:\/\/www.eloriente.net\/home\/wp-content\/uploads\/2014\/04\/Fechas-14.png\" alt=\"\" width=\"126\" height=\"131\" \/><\/a><\/p>\n<p>&nbsp;<\/p>\n<p>&nbsp;<\/p>\n<p><a href=\"http:\/\/www.eloriente.net\/home\/wp-content\/uploads\/2014\/04\/Catedral-de-Oaxaca.jpg\" target=\"_blank\"><img loading=\"lazy\" decoding=\"async\" style=\"-webkit-user-select: none; cursor: -webkit-zoom-in;\" src=\"http:\/\/www.eloriente.net\/home\/wp-content\/uploads\/2014\/04\/Catedral-de-Oaxaca.jpg\" alt=\"\" width=\"356\" height=\"251\" \/><\/a><\/p>\n<p>Catedral de Oaxaca, 1887. \u00d3leo de Jos\u00e9 Mar\u00eda Velasco.<\/p>\n<p>&nbsp;<\/p>\n<p><strong>Entradas relacionadas:<\/strong><\/p>\n<p><a title=\"Permalink to 17\/Abr\/14 18:00 Inauguraci\u00f3n de la exposici\u00f3n \u201cEntre lo Sagrado y lo profano\u201d\" href=\"http:\/\/www.eloriente.net\/home\/2014\/04\/17\/17abr14-1800-inauguracion-de-la-exposicion-entre-lo-sagrado-y-lo-profano\/\" rel=\"bookmark\">17\/Abr\/14 18:00 Inauguraci\u00f3n de la exposici\u00f3n \u201cEntre lo Sagrado y lo profano\u201d<\/a><\/p>\n<p><a href=\"http:\/\/www.eloriente.net\/home\/2014\/04\/17\/17abr14-1800-inauguracion-de-la-exposicion-entre-lo-sagrado-y-lo-profano\/\" rel=\"bookmark\"><img decoding=\"async\" title=\"17\/Abr\/14 18:00 Inauguraci\u00f3n de la exposici\u00f3n \u201cEntre lo Sagrado y lo profano\u201d\" src=\"http:\/\/www.eloriente.net\/home\/wp-content\/themes\/city-desk\/timthumb.php?src=http%3A%2F%2Fwww.eloriente.net%2Fhome%2Fwp-content%2Fuploads%2F2014%2F04%2FEntre-lo-sagrado-y-lo-profano.jpg&amp;q=90&amp;w=160&amp;h=106&amp;zc=1\" alt=\"17\/Abr\/14 18:00 Inauguraci\u00f3n de la exposici\u00f3n \u201cEntre lo Sagrado y lo profano\u201d\" \/><\/a><\/p>\n<p>eloriente.net\/FAHHO 17 de abril de 2014 La Fundaci\u00f3n Alfredo Harp Hel\u00fa Oaxaca, a trav\u00e9s de Talleres Comunitarios\u00a0Zegache, invita a al p\u00fablico en general a la inauguraci\u00f3n de la exposici\u00f3n\u00a0\u201dEntre lo Sagrado\u00a0y lo profano\u201d que se llevar\u00e1 a cabo el jueves 17 de abril a las 18:00\u00a0horas en Espacio Zegache, ubicado en Plaza Lucero. Calle 5 [&#8230;]<\/p>\n<p>April 17, 2014<\/p>\n<p><a title=\"Permalink to Convocan al Premio Juan Ruiz de Alarc\u00f3n 2014\" href=\"http:\/\/www.eloriente.net\/home\/2014\/04\/15\/convocan-al-premio-juan-ruiz-de-alarcon-2014\/\" rel=\"bookmark\">Convocan al Premio Juan Ruiz de Alarc\u00f3n 2014<\/a><\/p>\n<p><a href=\"http:\/\/www.eloriente.net\/home\/2014\/04\/15\/convocan-al-premio-juan-ruiz-de-alarcon-2014\/\" rel=\"bookmark\"><img decoding=\"async\" title=\"Convocan al Premio Juan Ruiz de Alarc\u00f3n 2014\" src=\"http:\/\/www.eloriente.net\/home\/wp-content\/themes\/city-desk\/timthumb.php?src=http%3A%2F%2Fwww.eloriente.net%2Fhome%2Fwp-content%2Fuploads%2F2014%2F04%2FObra-de-teatro-Autopsia-Por-SEP.jpg&amp;q=90&amp;w=160&amp;h=106&amp;zc=1\" alt=\"Convocan al Premio Juan Ruiz de Alarc\u00f3n 2014\" \/><\/a><\/p>\n<p>eloriente.net\/INBA 15 de abril de 2014 La premiaci\u00f3n tendr\u00e1 lugar en el mes de mayo en la inauguraci\u00f3n de las XXVII Jornadas Alarconianas, en Taxco, Guerrero. El Consejo Nacional para la Cultura y las Artes, el Instituto Nacional de Bellas Artes y el Gobierno del Estado de Guerrero, por medio de la Secretar\u00eda de Cultura [&#8230;]<\/p>\n<p>April 15, 2014<\/p>\n<p><a title=\"Permalink to Actualidad espa\u00f1ola: Entre el circo y los llantos vive Espa\u00f1a, por Paula Mart\u00edn\" href=\"http:\/\/www.eloriente.net\/home\/2014\/04\/14\/actualidad-espanola-entre-el-circo-y-los-llantos-vive-espana-por-paula-martin\/\" rel=\"bookmark\">Actualidad espa\u00f1ola: Entre el circo y los llantos vive Espa\u00f1a, por Paula Mart\u00edn<\/a><\/p>\n<p><a href=\"http:\/\/www.eloriente.net\/home\/2014\/04\/14\/actualidad-espanola-entre-el-circo-y-los-llantos-vive-espana-por-paula-martin\/\" rel=\"bookmark\"><img decoding=\"async\" title=\"Actualidad espa\u00f1ola: Entre el circo y los llantos vive Espa\u00f1a, por Paula Mart\u00edn\" src=\"http:\/\/www.eloriente.net\/home\/wp-content\/themes\/city-desk\/timthumb.php?src=http%3A%2F%2Fwww.eloriente.net%2Fhome%2Fwp-content%2Fuploads%2F2014%2F04%2FAdolfo-Su%C3%A1rez-Por-Wildebeast1.jpg&amp;q=90&amp;w=160&amp;h=106&amp;zc=1\" alt=\"Actualidad espa\u00f1ola: Entre el circo y los llantos vive Espa\u00f1a, por Paula Mart\u00edn\" \/><\/a><\/p>\n<p>eloriente.net 14 de abril de 2014 Por: Paula Mart\u00edn Espa\u00f1a sigue dividiendo su actualidad entre noticias lamentables y m\u00e1s propias del circo que de un pa\u00eds de los que era \u2013y recalco el \u2018era\u2019- de los m\u00e1s importantes de Europa. Este mes he seleccionado cuatro noticias como las m\u00e1s destacadas: Muere Adolfo Su\u00e1rez:\u00a0sin duda, con [&#8230;]<\/p>\n<p>April 14, 2014<\/p>\n\n\t\t\t  <div \n\t\t\t  \tclass = \"fb-comments\" \n\t\t\t  \tdata-href = \"http:\/\/www.eloriente.net\/home\/2014\/04\/17\/consulta-aqui-programa-de-actividades-del-festival-oaxaca-482-aniversario\/\"\n\t\t\t  \tdata-numposts = \"10\"\n\t\t\t\tdata-colorscheme = \"dark\"\n\t\t\t\tdata-order-by = \"social\"\n\t\t\t\tdata-mobile=true>\n\t\t\t  <\/div>\n\t\t  <style>\n\t\t\t.fb_iframe_widget_fluid_desktop iframe {\n\t\t\t    width: 100% !important;\n\t\t\t}\n\t\t  <\/style>\n\t\t  ","protected":false},"excerpt":{"rendered":"<p>eloriente.net 17 de abril de 2014 \u00a1Oaxaca de Ju\u00e1rez est\u00e1 de fiesta! El municipio de Oaxaca de Ju\u00e1rez festejar\u00e1 su 482 aniversario de su consolidaci\u00f3n como ciudad; es por ello que el ayuntamiento capitalino y el gobierno estatal han organizado m\u00e1s de 100 actividades culturales, art\u00edsticas y acad\u00e9micas. El \u00abFestival Oaxaca\u00bb se llevar\u00e1 a cabo [&hellip;]<\/p>\n","protected":false},"author":26,"featured_media":24410,"comment_status":"open","ping_status":"open","sticky":false,"template":"","format":"standard","meta":{"_jetpack_memberships_contains_paid_content":false,"footnotes":""},"categories":[18,32,63,10,23,83,464,31],"tags":[994,239,241,336,149,368,995],"class_list":["post-24409","post","type-post","status-publish","format-standard","has-post-thumbnail","hentry","category-educacion-y-cultura","category-entradas","category-estados","category-lo-mas-reciente","category-municipios","category-musica-de-oaxaca","category-oaxaca-estados","category-principal","tag-482-aniversario","tag-arte","tag-cultura","tag-festival","tag-musica","tag-oaxaca-de-juarez","tag-programa"],"jetpack_featured_media_url":"http:\/\/www.eloriente.net\/home\/wp-content\/uploads\/2014\/04\/Catedral-de-Oaxaca-Principal.jpg","jetpack_sharing_enabled":true,"_links":{"self":[{"href":"http:\/\/www.eloriente.net\/home\/wp-json\/wp\/v2\/posts\/24409"}],"collection":[{"href":"http:\/\/www.eloriente.net\/home\/wp-json\/wp\/v2\/posts"}],"about":[{"href":"http:\/\/www.eloriente.net\/home\/wp-json\/wp\/v2\/types\/post"}],"author":[{"embeddable":true,"href":"http:\/\/www.eloriente.net\/home\/wp-json\/wp\/v2\/users\/26"}],"replies":[{"embeddable":true,"href":"http:\/\/www.eloriente.net\/home\/wp-json\/wp\/v2\/comments?post=24409"}],"version-history":[{"count":17,"href":"http:\/\/www.eloriente.net\/home\/wp-json\/wp\/v2\/posts\/24409\/revisions"}],"predecessor-version":[{"id":24412,"href":"http:\/\/www.eloriente.net\/home\/wp-json\/wp\/v2\/posts\/24409\/revisions\/24412"}],"wp:featuredmedia":[{"embeddable":true,"href":"http:\/\/www.eloriente.net\/home\/wp-json\/wp\/v2\/media\/24410"}],"wp:attachment":[{"href":"http:\/\/www.eloriente.net\/home\/wp-json\/wp\/v2\/media?parent=24409"}],"wp:term":[{"taxonomy":"category","embeddable":true,"href":"http:\/\/www.eloriente.net\/home\/wp-json\/wp\/v2\/categories?post=24409"},{"taxonomy":"post_tag","embeddable":true,"href":"http:\/\/www.eloriente.net\/home\/wp-json\/wp\/v2\/tags?post=24409"}],"curies":[{"name":"wp","href":"https:\/\/api.w.org\/{rel}","templated":true}]}}