{"id":24441,"date":"2014-04-17T10:18:44","date_gmt":"2014-04-17T16:18:44","guid":{"rendered":"http:\/\/www.eloriente.net\/home\/?p=24441"},"modified":"2014-04-17T10:24:54","modified_gmt":"2014-04-17T16:24:54","slug":"festival-oaxaca-482-aniversario-viernes-25-de-abril-de-2014","status":"publish","type":"post","link":"http:\/\/www.eloriente.net\/home\/2014\/04\/17\/festival-oaxaca-482-aniversario-viernes-25-de-abril-de-2014\/","title":{"rendered":"\u00abFestival Oaxaca, 482 Aniversario\u00bb; viernes 25 de abril de 2014"},"content":{"rendered":"<p>eloriente.net<\/p>\n<p><em>\u00abFestival Oaxaca, 482 Aniversario\u00bb<\/em><\/p>\n<p><strong>Viernes, 25 de abril de 2014<\/strong><\/p>\n<p>06: 00 horas: Redoble de campanas. Catedral.<\/p>\n<p>07:00 horas: Ma\u00f1anitas oaxaque\u00f1as. Alameda de Le\u00f3n. Con el coro de la ciudad.<\/p>\n<p>08:05 horas: \u00a0Marimba y repartici\u00f3n de tamales. Alameda de Le\u00f3n.<\/p>\n<p>10:00 horas: Programa de profesionalizaci\u00f3n musical. Casa de ensayo de la Banda de M\u00fasica del Estado. Guerrero No. 40. Master Class para metales. Mtro. Faustino D\u00edaz.<\/p>\n<p>12:00 horas: Mural del Maestro Markoa. Jard\u00edn San Pablo.<\/p>\n<p>12:00 horas: Sesi\u00f3n solemne de Cabildo. Teatro Macedonio Alcal\u00e1.<\/p>\n<p>13:00 horas: Exposici\u00f3n de pintura. Palacio Municipal. Mtro. Rafarte.<\/p>\n<p>16:30 horas: Conversaci\u00f3n de Literatura y M\u00fasica, varios artistas. Segundo Patio del Palacio Municipal.<\/p>\n<p>19:00 horas: Inauguraci\u00f3n de la exposici\u00f3n pict\u00f3rica \u00abRincones y edificaciones de Oaxaca\u00bb. Galer\u00eda Rufino Tamayo de la Casa de la Cultura.<\/p>\n<p>20:00 horas: Concierto de aniversario \u00ab482 m\u00fasicos\u00bb presentes en la Plaza de la Danza con m\u00fasica oaxaque\u00f1a.<\/p>\n<p>21:00 horas: Espect\u00e1culo pirot\u00e9cnico. Plaza de la Danza.<\/p>\n<p>&nbsp;<\/p>\n<p>&nbsp;<\/p>\n<p>&nbsp;<\/p>\n\n\t\t\t  <div \n\t\t\t  \tclass = \"fb-comments\" \n\t\t\t  \tdata-href = \"http:\/\/www.eloriente.net\/home\/2014\/04\/17\/festival-oaxaca-482-aniversario-viernes-25-de-abril-de-2014\/\"\n\t\t\t  \tdata-numposts = \"10\"\n\t\t\t\tdata-colorscheme = \"dark\"\n\t\t\t\tdata-order-by = \"social\"\n\t\t\t\tdata-mobile=true>\n\t\t\t  <\/div>\n\t\t  <style>\n\t\t\t.fb_iframe_widget_fluid_desktop iframe {\n\t\t\t    width: 100% !important;\n\t\t\t}\n\t\t  <\/style>\n\t\t  ","protected":false},"excerpt":{"rendered":"<p>eloriente.net \u00abFestival Oaxaca, 482 Aniversario\u00bb Viernes, 25 de abril de 2014 06: 00 horas: Redoble de campanas. Catedral. 07:00 horas: Ma\u00f1anitas oaxaque\u00f1as. Alameda de Le\u00f3n. Con el coro de la ciudad. 08:05 horas: \u00a0Marimba y repartici\u00f3n de tamales. Alameda de Le\u00f3n. 10:00 horas: Programa de profesionalizaci\u00f3n musical. Casa de ensayo de la Banda de M\u00fasica [&hellip;]<\/p>\n","protected":false},"author":26,"featured_media":0,"comment_status":"open","ping_status":"open","sticky":false,"template":"","format":"standard","meta":{"_jetpack_memberships_contains_paid_content":false,"footnotes":""},"categories":[1],"tags":[],"class_list":["post-24441","post","type-post","status-publish","format-standard","hentry","category-uncategorized"],"jetpack_featured_media_url":"","jetpack_sharing_enabled":true,"_links":{"self":[{"href":"http:\/\/www.eloriente.net\/home\/wp-json\/wp\/v2\/posts\/24441"}],"collection":[{"href":"http:\/\/www.eloriente.net\/home\/wp-json\/wp\/v2\/posts"}],"about":[{"href":"http:\/\/www.eloriente.net\/home\/wp-json\/wp\/v2\/types\/post"}],"author":[{"embeddable":true,"href":"http:\/\/www.eloriente.net\/home\/wp-json\/wp\/v2\/users\/26"}],"replies":[{"embeddable":true,"href":"http:\/\/www.eloriente.net\/home\/wp-json\/wp\/v2\/comments?post=24441"}],"version-history":[{"count":7,"href":"http:\/\/www.eloriente.net\/home\/wp-json\/wp\/v2\/posts\/24441\/revisions"}],"predecessor-version":[{"id":24444,"href":"http:\/\/www.eloriente.net\/home\/wp-json\/wp\/v2\/posts\/24441\/revisions\/24444"}],"wp:attachment":[{"href":"http:\/\/www.eloriente.net\/home\/wp-json\/wp\/v2\/media?parent=24441"}],"wp:term":[{"taxonomy":"category","embeddable":true,"href":"http:\/\/www.eloriente.net\/home\/wp-json\/wp\/v2\/categories?post=24441"},{"taxonomy":"post_tag","embeddable":true,"href":"http:\/\/www.eloriente.net\/home\/wp-json\/wp\/v2\/tags?post=24441"}],"curies":[{"name":"wp","href":"https:\/\/api.w.org\/{rel}","templated":true}]}}