{"id":24459,"date":"2014-04-17T11:14:57","date_gmt":"2014-04-17T17:14:57","guid":{"rendered":"http:\/\/www.eloriente.net\/home\/?p=24459"},"modified":"2014-04-17T11:18:39","modified_gmt":"2014-04-17T17:18:39","slug":"festival-oaxaca-482-aniversario-martes-29-de-abril-de-2014","status":"publish","type":"post","link":"http:\/\/www.eloriente.net\/home\/2014\/04\/17\/festival-oaxaca-482-aniversario-martes-29-de-abril-de-2014\/","title":{"rendered":"\u201cFestival Oaxaca, 482 Aniversario\u201d; martes 29 de abril de 2014"},"content":{"rendered":"<p>eloriente.net<\/p>\n<p><em>\u201cFestival Oaxaca, 482 Aniversario\u201d<\/em><\/p>\n<p><strong>Martes, 29 de abril de 2014<\/strong><\/p>\n<p>10:00 horas: Multidisciplinario. Paz en Oaxaca c12 Recital. La Calera o Av. M\u00e9xico. Academia de Danza de Lupita Aquino.<\/p>\n<p>16:00 horas: Oaxaca en el D\u00eda Internacional de la Danza. Alameda de Le\u00f3n. Presentaci\u00f3n de la Compa\u00f1\u00eda Estatal de Danza Costumbrista y grupos invitados.<\/p>\n<p>18:00 horas:\u00a0Bloqueo cultural. Diversos puntos de la ciudad. Invasi\u00f3n de artistas en atrios, calles y barrios de la ciudad de Oaxaca.<\/p>\n<p>18:30 horas: Presentaci\u00f3n \u00abLibro Cente\u00f3tl\u00bb. Segundo patio del Palacio Municipal.<\/p>\n<p>19:00 horas: Ciudad de Oaxaca con voz de mujer. Agencia de San Juan Chapultepec. Paulina y el buscapi\u00e9 en concierto. Agencia de Donaj\u00ed, Martha Toledo en concierto.<\/p>\n<p>19:00 horas: Ciclo de cine. Oaxaca en el cine. Tizoc. Agencia de San Felipe del Agua. Director Ismael Rodr\u00edguez en coordinaci\u00f3n con Cine Club UABJO. Comenta Mtro. Javier S\u00e1nchez Silva. Cine Club UABJO.<\/p>\n<p>19:00 horas: Magno concierto con la Orquesta Primavera de Oaxaca. Bajo el laurel. Director invitado: Faustino D\u00edaz.<\/p>\n<p>19:00 horas: Concierto del coro de la ciudad. Segundo patrio del Palacio Municipal. Presentaci\u00f3n de la obra completa de Carmina Burana.<\/p>\n<p>&nbsp;<\/p>\n<p>&nbsp;<\/p>\n<p>&nbsp;<\/p>\n\n\t\t\t  <div \n\t\t\t  \tclass = \"fb-comments\" \n\t\t\t  \tdata-href = \"http:\/\/www.eloriente.net\/home\/2014\/04\/17\/festival-oaxaca-482-aniversario-martes-29-de-abril-de-2014\/\"\n\t\t\t  \tdata-numposts = \"10\"\n\t\t\t\tdata-colorscheme = \"dark\"\n\t\t\t\tdata-order-by = \"social\"\n\t\t\t\tdata-mobile=true>\n\t\t\t  <\/div>\n\t\t  <style>\n\t\t\t.fb_iframe_widget_fluid_desktop iframe {\n\t\t\t    width: 100% !important;\n\t\t\t}\n\t\t  <\/style>\n\t\t  ","protected":false},"excerpt":{"rendered":"<p>eloriente.net \u201cFestival Oaxaca, 482 Aniversario\u201d Martes, 29 de abril de 2014 10:00 horas: Multidisciplinario. Paz en Oaxaca c12 Recital. La Calera o Av. M\u00e9xico. Academia de Danza de Lupita Aquino. 16:00 horas: Oaxaca en el D\u00eda Internacional de la Danza. Alameda de Le\u00f3n. Presentaci\u00f3n de la Compa\u00f1\u00eda Estatal de Danza Costumbrista y grupos invitados. 18:00 [&hellip;]<\/p>\n","protected":false},"author":26,"featured_media":0,"comment_status":"open","ping_status":"open","sticky":false,"template":"","format":"standard","meta":{"_jetpack_memberships_contains_paid_content":false,"footnotes":""},"categories":[1],"tags":[],"class_list":["post-24459","post","type-post","status-publish","format-standard","hentry","category-uncategorized"],"jetpack_featured_media_url":"","jetpack_sharing_enabled":true,"_links":{"self":[{"href":"http:\/\/www.eloriente.net\/home\/wp-json\/wp\/v2\/posts\/24459"}],"collection":[{"href":"http:\/\/www.eloriente.net\/home\/wp-json\/wp\/v2\/posts"}],"about":[{"href":"http:\/\/www.eloriente.net\/home\/wp-json\/wp\/v2\/types\/post"}],"author":[{"embeddable":true,"href":"http:\/\/www.eloriente.net\/home\/wp-json\/wp\/v2\/users\/26"}],"replies":[{"embeddable":true,"href":"http:\/\/www.eloriente.net\/home\/wp-json\/wp\/v2\/comments?post=24459"}],"version-history":[{"count":3,"href":"http:\/\/www.eloriente.net\/home\/wp-json\/wp\/v2\/posts\/24459\/revisions"}],"predecessor-version":[{"id":24463,"href":"http:\/\/www.eloriente.net\/home\/wp-json\/wp\/v2\/posts\/24459\/revisions\/24463"}],"wp:attachment":[{"href":"http:\/\/www.eloriente.net\/home\/wp-json\/wp\/v2\/media?parent=24459"}],"wp:term":[{"taxonomy":"category","embeddable":true,"href":"http:\/\/www.eloriente.net\/home\/wp-json\/wp\/v2\/categories?post=24459"},{"taxonomy":"post_tag","embeddable":true,"href":"http:\/\/www.eloriente.net\/home\/wp-json\/wp\/v2\/tags?post=24459"}],"curies":[{"name":"wp","href":"https:\/\/api.w.org\/{rel}","templated":true}]}}