{"id":24461,"date":"2014-04-17T11:21:12","date_gmt":"2014-04-17T17:21:12","guid":{"rendered":"http:\/\/www.eloriente.net\/home\/?p=24461"},"modified":"2014-04-17T11:21:12","modified_gmt":"2014-04-17T17:21:12","slug":"festival-oaxaca-482-aniversario-miercoles-30-de-abril-de-2014","status":"publish","type":"post","link":"http:\/\/www.eloriente.net\/home\/2014\/04\/17\/festival-oaxaca-482-aniversario-miercoles-30-de-abril-de-2014\/","title":{"rendered":"\u201cFestival Oaxaca, 482 Aniversario\u201d; mi\u00e9rcoles 30 de abril de 2014"},"content":{"rendered":"<p>eloriente.net<\/p>\n<p><em>\u201cFestival Oaxaca, 482 Aniversario\u201d<\/em><\/p>\n<p><strong>Mi\u00e9rcoles, 30 de abril de 2014<\/strong><\/p>\n<p>12:30 horas: M\u00fasica Ni\u00f1os. DIF Municipal \u00abColumpio\u00bb.<\/p>\n<p>18:00 horas:\u00a0Bloqueo cultural. Diversos puntos de la ciudad. Invasi\u00f3n de artistas en atrios, calles y barrios de la ciudad de Oaxaca.<\/p>\n<p>19:00 horas: Magno concierto con la Banda de M\u00fasica del Estado. Bajo el laurel. Director invitado: Mtro. Eliseo Mart\u00ednez. Solista: Mtro. Juan Manuel Sol\u00eds.<\/p>\n<p>19:00 horas: Ciclo de cine. Oaxaca en el cine. Animas Trujano. Agencia de San Juan Chapultepec. Director Ismael Rodr\u00edguez en coordinaci\u00f3n con Cine Club UABJO. Comenta Mtro. Fernando Mino, UABJO Humanidades.<\/p>\n<p>19:00 horas: Ciudad de Oaxaca con voz de mujer. Agencia de Montoya, Lorena Vera y los alebrijes en concierto. Agencia de Pueblo Nuevo, Paulina y el buscapi\u00e9 en concierto. Agencia de San Luis Beltr\u00e1n, Martha Toledo en concierto.<\/p>\n<p>&nbsp;<\/p>\n<p>&nbsp;<\/p>\n<p>&nbsp;<\/p>\n<p>&nbsp;<\/p>\n\n\t\t\t  <div \n\t\t\t  \tclass = \"fb-comments\" \n\t\t\t  \tdata-href = \"http:\/\/www.eloriente.net\/home\/2014\/04\/17\/festival-oaxaca-482-aniversario-miercoles-30-de-abril-de-2014\/\"\n\t\t\t  \tdata-numposts = \"10\"\n\t\t\t\tdata-colorscheme = \"dark\"\n\t\t\t\tdata-order-by = \"social\"\n\t\t\t\tdata-mobile=true>\n\t\t\t  <\/div>\n\t\t  <style>\n\t\t\t.fb_iframe_widget_fluid_desktop iframe {\n\t\t\t    width: 100% !important;\n\t\t\t}\n\t\t  <\/style>\n\t\t  ","protected":false},"excerpt":{"rendered":"<p>eloriente.net \u201cFestival Oaxaca, 482 Aniversario\u201d Mi\u00e9rcoles, 30 de abril de 2014 12:30 horas: M\u00fasica Ni\u00f1os. DIF Municipal \u00abColumpio\u00bb. 18:00 horas:\u00a0Bloqueo cultural. Diversos puntos de la ciudad. Invasi\u00f3n de artistas en atrios, calles y barrios de la ciudad de Oaxaca. 19:00 horas: Magno concierto con la Banda de M\u00fasica del Estado. Bajo el laurel. Director invitado: [&hellip;]<\/p>\n","protected":false},"author":26,"featured_media":0,"comment_status":"open","ping_status":"open","sticky":false,"template":"","format":"standard","meta":{"_jetpack_memberships_contains_paid_content":false,"footnotes":""},"categories":[1],"tags":[],"class_list":["post-24461","post","type-post","status-publish","format-standard","hentry","category-uncategorized"],"jetpack_featured_media_url":"","jetpack_sharing_enabled":true,"_links":{"self":[{"href":"http:\/\/www.eloriente.net\/home\/wp-json\/wp\/v2\/posts\/24461"}],"collection":[{"href":"http:\/\/www.eloriente.net\/home\/wp-json\/wp\/v2\/posts"}],"about":[{"href":"http:\/\/www.eloriente.net\/home\/wp-json\/wp\/v2\/types\/post"}],"author":[{"embeddable":true,"href":"http:\/\/www.eloriente.net\/home\/wp-json\/wp\/v2\/users\/26"}],"replies":[{"embeddable":true,"href":"http:\/\/www.eloriente.net\/home\/wp-json\/wp\/v2\/comments?post=24461"}],"version-history":[{"count":2,"href":"http:\/\/www.eloriente.net\/home\/wp-json\/wp\/v2\/posts\/24461\/revisions"}],"predecessor-version":[{"id":24466,"href":"http:\/\/www.eloriente.net\/home\/wp-json\/wp\/v2\/posts\/24461\/revisions\/24466"}],"wp:attachment":[{"href":"http:\/\/www.eloriente.net\/home\/wp-json\/wp\/v2\/media?parent=24461"}],"wp:term":[{"taxonomy":"category","embeddable":true,"href":"http:\/\/www.eloriente.net\/home\/wp-json\/wp\/v2\/categories?post=24461"},{"taxonomy":"post_tag","embeddable":true,"href":"http:\/\/www.eloriente.net\/home\/wp-json\/wp\/v2\/tags?post=24461"}],"curies":[{"name":"wp","href":"https:\/\/api.w.org\/{rel}","templated":true}]}}