{"id":24467,"date":"2014-04-17T11:28:10","date_gmt":"2014-04-17T17:28:10","guid":{"rendered":"http:\/\/www.eloriente.net\/home\/?p=24467"},"modified":"2014-04-17T11:28:10","modified_gmt":"2014-04-17T17:28:10","slug":"festival-oaxaca-482-aniversario-jueves-1-de-mayo-de-2014","status":"publish","type":"post","link":"http:\/\/www.eloriente.net\/home\/2014\/04\/17\/festival-oaxaca-482-aniversario-jueves-1-de-mayo-de-2014\/","title":{"rendered":"\u201cFestival Oaxaca, 482 Aniversario\u201d; jueves 1 de mayo de 2014"},"content":{"rendered":"<p>eloriente.net<\/p>\n<p><em>\u201cFestival Oaxaca, 482 Aniversario\u201d<\/em><\/p>\n<p><strong>Jueves, 1 de mayo de 2014<\/strong><\/p>\n<p>11:00 horas: Presentaci\u00f3n esc\u00e9nica de Tita cuenta cuentos. DIF Municipal \u00abColumpio\u00bb.<\/p>\n<p>19:00 horas: Canciones con H\u00e9ctor D\u00edaz. Segundo patio del Palacio Municipal.<\/p>\n<p>19:00 horas: Ciclo de cine. Oaxaca en el cine. Oaxaca colecci\u00f3n de im\u00e1genes M\u00e9xico. Agencia de San Mart\u00edn Mexicapam. Coordinaci\u00f3n con Cine Club UABJO. Comenta Mtro. Francisco Ruiz Cervantes y Mtro. Manuel Tenorio, Universidad del Mar.<\/p>\n<p>20:00 horas: Blues con V\u00edctor Mart\u00ednez. Segundo patio del Palacio Municipal.<\/p>\n<p>21:00 horas: Literatura y m\u00fasica \u00abMotivos del Coplero\u00bb con el Guajiro. Segundo patio del Palacio Municipal.<\/p>\n<p>&nbsp;<\/p>\n<p>&nbsp;<\/p>\n<p>&nbsp;<\/p>\n<p>&nbsp;<\/p>\n\n\t\t\t  <div \n\t\t\t  \tclass = \"fb-comments\" \n\t\t\t  \tdata-href = \"http:\/\/www.eloriente.net\/home\/2014\/04\/17\/festival-oaxaca-482-aniversario-jueves-1-de-mayo-de-2014\/\"\n\t\t\t  \tdata-numposts = \"10\"\n\t\t\t\tdata-colorscheme = \"dark\"\n\t\t\t\tdata-order-by = \"social\"\n\t\t\t\tdata-mobile=true>\n\t\t\t  <\/div>\n\t\t  <style>\n\t\t\t.fb_iframe_widget_fluid_desktop iframe {\n\t\t\t    width: 100% !important;\n\t\t\t}\n\t\t  <\/style>\n\t\t  ","protected":false},"excerpt":{"rendered":"<p>eloriente.net \u201cFestival Oaxaca, 482 Aniversario\u201d Jueves, 1 de mayo de 2014 11:00 horas: Presentaci\u00f3n esc\u00e9nica de Tita cuenta cuentos. DIF Municipal \u00abColumpio\u00bb. 19:00 horas: Canciones con H\u00e9ctor D\u00edaz. Segundo patio del Palacio Municipal. 19:00 horas: Ciclo de cine. Oaxaca en el cine. Oaxaca colecci\u00f3n de im\u00e1genes M\u00e9xico. Agencia de San Mart\u00edn Mexicapam. Coordinaci\u00f3n con Cine [&hellip;]<\/p>\n","protected":false},"author":26,"featured_media":0,"comment_status":"open","ping_status":"open","sticky":false,"template":"","format":"standard","meta":{"_jetpack_memberships_contains_paid_content":false,"footnotes":""},"categories":[1],"tags":[],"class_list":["post-24467","post","type-post","status-publish","format-standard","hentry","category-uncategorized"],"jetpack_featured_media_url":"","jetpack_sharing_enabled":true,"_links":{"self":[{"href":"http:\/\/www.eloriente.net\/home\/wp-json\/wp\/v2\/posts\/24467"}],"collection":[{"href":"http:\/\/www.eloriente.net\/home\/wp-json\/wp\/v2\/posts"}],"about":[{"href":"http:\/\/www.eloriente.net\/home\/wp-json\/wp\/v2\/types\/post"}],"author":[{"embeddable":true,"href":"http:\/\/www.eloriente.net\/home\/wp-json\/wp\/v2\/users\/26"}],"replies":[{"embeddable":true,"href":"http:\/\/www.eloriente.net\/home\/wp-json\/wp\/v2\/comments?post=24467"}],"version-history":[{"count":2,"href":"http:\/\/www.eloriente.net\/home\/wp-json\/wp\/v2\/posts\/24467\/revisions"}],"predecessor-version":[{"id":24469,"href":"http:\/\/www.eloriente.net\/home\/wp-json\/wp\/v2\/posts\/24467\/revisions\/24469"}],"wp:attachment":[{"href":"http:\/\/www.eloriente.net\/home\/wp-json\/wp\/v2\/media?parent=24467"}],"wp:term":[{"taxonomy":"category","embeddable":true,"href":"http:\/\/www.eloriente.net\/home\/wp-json\/wp\/v2\/categories?post=24467"},{"taxonomy":"post_tag","embeddable":true,"href":"http:\/\/www.eloriente.net\/home\/wp-json\/wp\/v2\/tags?post=24467"}],"curies":[{"name":"wp","href":"https:\/\/api.w.org\/{rel}","templated":true}]}}