{"id":24470,"date":"2014-04-17T11:32:55","date_gmt":"2014-04-17T17:32:55","guid":{"rendered":"http:\/\/www.eloriente.net\/home\/?p=24470"},"modified":"2014-04-17T11:33:57","modified_gmt":"2014-04-17T17:33:57","slug":"festival-oaxaca-482-aniversario-viernes-2-de-mayo-de-2014","status":"publish","type":"post","link":"http:\/\/www.eloriente.net\/home\/2014\/04\/17\/festival-oaxaca-482-aniversario-viernes-2-de-mayo-de-2014\/","title":{"rendered":"\u201cFestival Oaxaca, 482 Aniversario\u201d; viernes 2 de mayo de 2014"},"content":{"rendered":"<p>eloriente.net<\/p>\n<p><em>\u201cFestival Oaxaca, 482 Aniversario\u201d<\/em><\/p>\n<p><strong>Viernes, 2 de mayo de 2014<\/strong><\/p>\n<p>11:00 a 21:00 horas: Festival del vino. Calle Gurri\u00f3n, entre Alcal\u00e1 y 5 de Mayo. Stands de bodegas de vino, venta, degustaci\u00f3n, talleres, conferencias y conciertos.<\/p>\n<p>19:00 horas: Ciclo de cine. Oaxaca en el cine. La ni\u00f1a. Agencia de Santa Rosa Panzacola. Dir. David Rike en coordinaci\u00f3n con Cine Club UABJO. Comenta Mtro. Mario Hern\u00e1ndez Mart\u00ednez, UABJO, Facultad de Derecho.<\/p>\n<p>19:00 horas: Espect\u00e1culo \u00abM\u00e9xico, un homenaje a la ciudad de Oaxaca\u00bb. Jard\u00edn El Pa\u00f1uelito. Director Mtro. Ferm\u00edn Ram\u00edrez L\u00f3pez.<\/p>\n<p>19:30 horas: Consagraci\u00f3n de la primavera. Orquesta Juvenil Esperanza Azteca. Segundo patio del Palacio Municipal.<\/p>\n<p>&nbsp;<\/p>\n<p>&nbsp;<\/p>\n<p>&nbsp;<\/p>\n<p>&nbsp;<\/p>\n\n\t\t\t  <div \n\t\t\t  \tclass = \"fb-comments\" \n\t\t\t  \tdata-href = \"http:\/\/www.eloriente.net\/home\/2014\/04\/17\/festival-oaxaca-482-aniversario-viernes-2-de-mayo-de-2014\/\"\n\t\t\t  \tdata-numposts = \"10\"\n\t\t\t\tdata-colorscheme = \"dark\"\n\t\t\t\tdata-order-by = \"social\"\n\t\t\t\tdata-mobile=true>\n\t\t\t  <\/div>\n\t\t  <style>\n\t\t\t.fb_iframe_widget_fluid_desktop iframe {\n\t\t\t    width: 100% !important;\n\t\t\t}\n\t\t  <\/style>\n\t\t  ","protected":false},"excerpt":{"rendered":"<p>eloriente.net \u201cFestival Oaxaca, 482 Aniversario\u201d Viernes, 2 de mayo de 2014 11:00 a 21:00 horas: Festival del vino. Calle Gurri\u00f3n, entre Alcal\u00e1 y 5 de Mayo. Stands de bodegas de vino, venta, degustaci\u00f3n, talleres, conferencias y conciertos. 19:00 horas: Ciclo de cine. Oaxaca en el cine. La ni\u00f1a. Agencia de Santa Rosa Panzacola. Dir. David [&hellip;]<\/p>\n","protected":false},"author":26,"featured_media":0,"comment_status":"open","ping_status":"open","sticky":false,"template":"","format":"standard","meta":{"_jetpack_memberships_contains_paid_content":false,"footnotes":""},"categories":[1],"tags":[],"class_list":["post-24470","post","type-post","status-publish","format-standard","hentry","category-uncategorized"],"jetpack_featured_media_url":"","jetpack_sharing_enabled":true,"_links":{"self":[{"href":"http:\/\/www.eloriente.net\/home\/wp-json\/wp\/v2\/posts\/24470"}],"collection":[{"href":"http:\/\/www.eloriente.net\/home\/wp-json\/wp\/v2\/posts"}],"about":[{"href":"http:\/\/www.eloriente.net\/home\/wp-json\/wp\/v2\/types\/post"}],"author":[{"embeddable":true,"href":"http:\/\/www.eloriente.net\/home\/wp-json\/wp\/v2\/users\/26"}],"replies":[{"embeddable":true,"href":"http:\/\/www.eloriente.net\/home\/wp-json\/wp\/v2\/comments?post=24470"}],"version-history":[{"count":3,"href":"http:\/\/www.eloriente.net\/home\/wp-json\/wp\/v2\/posts\/24470\/revisions"}],"predecessor-version":[{"id":24473,"href":"http:\/\/www.eloriente.net\/home\/wp-json\/wp\/v2\/posts\/24470\/revisions\/24473"}],"wp:attachment":[{"href":"http:\/\/www.eloriente.net\/home\/wp-json\/wp\/v2\/media?parent=24470"}],"wp:term":[{"taxonomy":"category","embeddable":true,"href":"http:\/\/www.eloriente.net\/home\/wp-json\/wp\/v2\/categories?post=24470"},{"taxonomy":"post_tag","embeddable":true,"href":"http:\/\/www.eloriente.net\/home\/wp-json\/wp\/v2\/tags?post=24470"}],"curies":[{"name":"wp","href":"https:\/\/api.w.org\/{rel}","templated":true}]}}