{"id":24474,"date":"2014-04-17T11:47:32","date_gmt":"2014-04-17T17:47:32","guid":{"rendered":"http:\/\/www.eloriente.net\/home\/?p=24474"},"modified":"2014-04-17T11:48:27","modified_gmt":"2014-04-17T17:48:27","slug":"festival-oaxaca-482-aniversario-sabado-3-de-mayo-de-2014","status":"publish","type":"post","link":"http:\/\/www.eloriente.net\/home\/2014\/04\/17\/festival-oaxaca-482-aniversario-sabado-3-de-mayo-de-2014\/","title":{"rendered":"\u201cFestival Oaxaca, 482 Aniversario\u201d; s\u00e1bado 3 de mayo de 2014"},"content":{"rendered":"<p>eloriente.net<\/p>\n<p><em>\u201cFestival Oaxaca, 482 Aniversario\u201d<\/em><\/p>\n<p><strong>S\u00e1bado, 3 de mayo de 2014<\/strong><\/p>\n<p>08:00 horas: Carrera atl\u00e9tica de aniversario. Ruta: calles del Centro Hist\u00f3rico. La comunidad deportiva participa en la Carrera Atl\u00e9tica de aniversario.<\/p>\n<p>11:00 a 21:00 horas: Festival del vino. Calle Gurri\u00f3n, entre Alcal\u00e1 y 5 de Mayo. Stands de bodegas de vino, venta, degustaci\u00f3n, talleres, conferencias y conciertos.<\/p>\n<p>18:00 horas: D\u00eda Internacional de la Danza. N\u00f3mada Cuerpo. Segundo patio del Palacio Municipal.<\/p>\n<p>19:00 horas: Ciclo de cine. Oaxaca en el cine. El joven Ju\u00e1rez. Agencia de Dolores. Emilio G\u00f3mez Muriel 1954. En coordinaci\u00f3n con Cine Club UABJO. Comenta Arq. Efra\u00edn Morales S\u00e1nchez.<\/p>\n<p>19:30 horas: LICANTO, Lira de Cantautores de Oaxaca. Plaza de la Danza. Organiza: Guajiro. Artistas invitados: Javier Santos, Gustavo L\u00f3pez, Gil Rivera, Ana D\u00edaz, Paulina y el buscapi\u00e9, H\u00e9ctor D\u00edaz, Giovani Guti\u00e9rrez, V\u00edctor D\u00edaz, Juan Manuel \u00abEl Panda\u00bb, Carlos Audelo, Manuel Bustamante, Uriel Torres.<\/p>\n<p>19:30 horas: Presentaci\u00f3n del libro \u00abEternamente Oaxaca\u00bb. Palacio Municipal. Escrito por la Sra. Luz Mar\u00eda Gonz\u00e1lez Esper\u00f3n.<\/p>\n<p>&nbsp;<\/p>\n<p>&nbsp;<\/p>\n<p>&nbsp;<\/p>\n<p>&nbsp;<\/p>\n\n\t\t\t  <div \n\t\t\t  \tclass = \"fb-comments\" \n\t\t\t  \tdata-href = \"http:\/\/www.eloriente.net\/home\/2014\/04\/17\/festival-oaxaca-482-aniversario-sabado-3-de-mayo-de-2014\/\"\n\t\t\t  \tdata-numposts = \"10\"\n\t\t\t\tdata-colorscheme = \"dark\"\n\t\t\t\tdata-order-by = \"social\"\n\t\t\t\tdata-mobile=true>\n\t\t\t  <\/div>\n\t\t  <style>\n\t\t\t.fb_iframe_widget_fluid_desktop iframe {\n\t\t\t    width: 100% !important;\n\t\t\t}\n\t\t  <\/style>\n\t\t  ","protected":false},"excerpt":{"rendered":"<p>eloriente.net \u201cFestival Oaxaca, 482 Aniversario\u201d S\u00e1bado, 3 de mayo de 2014 08:00 horas: Carrera atl\u00e9tica de aniversario. Ruta: calles del Centro Hist\u00f3rico. La comunidad deportiva participa en la Carrera Atl\u00e9tica de aniversario. 11:00 a 21:00 horas: Festival del vino. Calle Gurri\u00f3n, entre Alcal\u00e1 y 5 de Mayo. Stands de bodegas de vino, venta, degustaci\u00f3n, talleres, [&hellip;]<\/p>\n","protected":false},"author":26,"featured_media":0,"comment_status":"open","ping_status":"open","sticky":false,"template":"","format":"standard","meta":{"_jetpack_memberships_contains_paid_content":false,"footnotes":""},"categories":[1],"tags":[],"class_list":["post-24474","post","type-post","status-publish","format-standard","hentry","category-uncategorized"],"jetpack_featured_media_url":"","jetpack_sharing_enabled":true,"_links":{"self":[{"href":"http:\/\/www.eloriente.net\/home\/wp-json\/wp\/v2\/posts\/24474"}],"collection":[{"href":"http:\/\/www.eloriente.net\/home\/wp-json\/wp\/v2\/posts"}],"about":[{"href":"http:\/\/www.eloriente.net\/home\/wp-json\/wp\/v2\/types\/post"}],"author":[{"embeddable":true,"href":"http:\/\/www.eloriente.net\/home\/wp-json\/wp\/v2\/users\/26"}],"replies":[{"embeddable":true,"href":"http:\/\/www.eloriente.net\/home\/wp-json\/wp\/v2\/comments?post=24474"}],"version-history":[{"count":3,"href":"http:\/\/www.eloriente.net\/home\/wp-json\/wp\/v2\/posts\/24474\/revisions"}],"predecessor-version":[{"id":24478,"href":"http:\/\/www.eloriente.net\/home\/wp-json\/wp\/v2\/posts\/24474\/revisions\/24478"}],"wp:attachment":[{"href":"http:\/\/www.eloriente.net\/home\/wp-json\/wp\/v2\/media?parent=24474"}],"wp:term":[{"taxonomy":"category","embeddable":true,"href":"http:\/\/www.eloriente.net\/home\/wp-json\/wp\/v2\/categories?post=24474"},{"taxonomy":"post_tag","embeddable":true,"href":"http:\/\/www.eloriente.net\/home\/wp-json\/wp\/v2\/tags?post=24474"}],"curies":[{"name":"wp","href":"https:\/\/api.w.org\/{rel}","templated":true}]}}