{"id":24482,"date":"2014-04-17T12:03:56","date_gmt":"2014-04-17T18:03:56","guid":{"rendered":"http:\/\/www.eloriente.net\/home\/?p=24482"},"modified":"2014-04-17T12:03:56","modified_gmt":"2014-04-17T18:03:56","slug":"festival-oaxaca-482-aniversario-lunes-5-de-mayo-de-2014","status":"publish","type":"post","link":"http:\/\/www.eloriente.net\/home\/2014\/04\/17\/festival-oaxaca-482-aniversario-lunes-5-de-mayo-de-2014\/","title":{"rendered":"\u201cFestival Oaxaca, 482 Aniversario\u201d; lunes 5 de mayo de 2014"},"content":{"rendered":"<p>eloriente.net<\/p>\n<p><em>\u201cFestival Oaxaca, 482 Aniversario\u201d<\/em><\/p>\n<p><strong>Lunes, 5 de mayo de 2014<\/strong><\/p>\n<p>18:00 horas: Historia. Patio del Palacio Municipal. Conversaciones con el Mtro. Alfonso Esparza.<\/p>\n<p>19:00 horas: Viol\u00edn y piano. Patio del Palacio Municipal. Instrumental con Carlos Salom\u00f3n y Patricia Mart\u00ednez.<\/p>\n<p>19:00 horas: Danza. Teatro de Salvador Reyes. Patio del Palacio Municipal.<\/p>\n<p>20:00 horas: Danza. Ballet Contempor\u00e1neo Cascanueces. Patio del Palacio Municipal.<\/p>\n<p>&nbsp;<\/p>\n<p>&nbsp;<\/p>\n<p>&nbsp;<\/p>\n<p>&nbsp;<\/p>\n\n\t\t\t  <div \n\t\t\t  \tclass = \"fb-comments\" \n\t\t\t  \tdata-href = \"http:\/\/www.eloriente.net\/home\/2014\/04\/17\/festival-oaxaca-482-aniversario-lunes-5-de-mayo-de-2014\/\"\n\t\t\t  \tdata-numposts = \"10\"\n\t\t\t\tdata-colorscheme = \"dark\"\n\t\t\t\tdata-order-by = \"social\"\n\t\t\t\tdata-mobile=true>\n\t\t\t  <\/div>\n\t\t  <style>\n\t\t\t.fb_iframe_widget_fluid_desktop iframe {\n\t\t\t    width: 100% !important;\n\t\t\t}\n\t\t  <\/style>\n\t\t  ","protected":false},"excerpt":{"rendered":"<p>eloriente.net \u201cFestival Oaxaca, 482 Aniversario\u201d Lunes, 5 de mayo de 2014 18:00 horas: Historia. Patio del Palacio Municipal. Conversaciones con el Mtro. Alfonso Esparza. 19:00 horas: Viol\u00edn y piano. Patio del Palacio Municipal. Instrumental con Carlos Salom\u00f3n y Patricia Mart\u00ednez. 19:00 horas: Danza. Teatro de Salvador Reyes. Patio del Palacio Municipal. 20:00 horas: Danza. Ballet [&hellip;]<\/p>\n","protected":false},"author":26,"featured_media":0,"comment_status":"open","ping_status":"open","sticky":false,"template":"","format":"standard","meta":{"_jetpack_memberships_contains_paid_content":false,"footnotes":""},"categories":[1],"tags":[],"class_list":["post-24482","post","type-post","status-publish","format-standard","hentry","category-uncategorized"],"jetpack_featured_media_url":"","jetpack_sharing_enabled":true,"_links":{"self":[{"href":"http:\/\/www.eloriente.net\/home\/wp-json\/wp\/v2\/posts\/24482"}],"collection":[{"href":"http:\/\/www.eloriente.net\/home\/wp-json\/wp\/v2\/posts"}],"about":[{"href":"http:\/\/www.eloriente.net\/home\/wp-json\/wp\/v2\/types\/post"}],"author":[{"embeddable":true,"href":"http:\/\/www.eloriente.net\/home\/wp-json\/wp\/v2\/users\/26"}],"replies":[{"embeddable":true,"href":"http:\/\/www.eloriente.net\/home\/wp-json\/wp\/v2\/comments?post=24482"}],"version-history":[{"count":2,"href":"http:\/\/www.eloriente.net\/home\/wp-json\/wp\/v2\/posts\/24482\/revisions"}],"predecessor-version":[{"id":24484,"href":"http:\/\/www.eloriente.net\/home\/wp-json\/wp\/v2\/posts\/24482\/revisions\/24484"}],"wp:attachment":[{"href":"http:\/\/www.eloriente.net\/home\/wp-json\/wp\/v2\/media?parent=24482"}],"wp:term":[{"taxonomy":"category","embeddable":true,"href":"http:\/\/www.eloriente.net\/home\/wp-json\/wp\/v2\/categories?post=24482"},{"taxonomy":"post_tag","embeddable":true,"href":"http:\/\/www.eloriente.net\/home\/wp-json\/wp\/v2\/tags?post=24482"}],"curies":[{"name":"wp","href":"https:\/\/api.w.org\/{rel}","templated":true}]}}