{"id":24491,"date":"2014-04-17T12:15:43","date_gmt":"2014-04-17T18:15:43","guid":{"rendered":"http:\/\/www.eloriente.net\/home\/?p=24491"},"modified":"2014-04-17T12:15:43","modified_gmt":"2014-04-17T18:15:43","slug":"festival-oaxaca-482-aniversario-jueves-8-de-mayo-de-2014","status":"publish","type":"post","link":"http:\/\/www.eloriente.net\/home\/2014\/04\/17\/festival-oaxaca-482-aniversario-jueves-8-de-mayo-de-2014\/","title":{"rendered":"\u201cFestival Oaxaca, 482 Aniversario\u201d; jueves 8 de mayo de 2014"},"content":{"rendered":"<p>eloriente.net<\/p>\n<p><em>\u201cFestival Oaxaca, 482 Aniversario\u201d<\/em><\/p>\n<p><strong>Jueves, 8 de mayo de 2014<\/strong><\/p>\n<p>18:00 horas: Pl\u00e1tica Paso del Sol. Sal\u00f3n de ex presidentes del Palacio Municipal. Carlos Aguilar Jim\u00e9nez.<\/p>\n<p>19:00 horas: Ciclo de Cine. Oaxaca en el cine. Espiral. Agencia de San Luis Beltr\u00e1n. Director Jorge P\u00e9rez Solano. En coordinaci\u00f3n con Cine Club UABJO. Comenta Mtro. Mario Hern\u00e1ndez Mart\u00ednez, UABJO Facultad de Derecho.<\/p>\n<p>19:30 horas: M\u00fasica y pintura.\u00a0Sal\u00f3n de ex presidentes del Palacio Municipal. Los Urbieta, una familia de Oaxaca.<\/p>\n<p>&nbsp;<\/p>\n<p>&nbsp;<\/p>\n<p>&nbsp;<\/p>\n<p>&nbsp;<\/p>\n\n\t\t\t  <div \n\t\t\t  \tclass = \"fb-comments\" \n\t\t\t  \tdata-href = \"http:\/\/www.eloriente.net\/home\/2014\/04\/17\/festival-oaxaca-482-aniversario-jueves-8-de-mayo-de-2014\/\"\n\t\t\t  \tdata-numposts = \"10\"\n\t\t\t\tdata-colorscheme = \"dark\"\n\t\t\t\tdata-order-by = \"social\"\n\t\t\t\tdata-mobile=true>\n\t\t\t  <\/div>\n\t\t  <style>\n\t\t\t.fb_iframe_widget_fluid_desktop iframe {\n\t\t\t    width: 100% !important;\n\t\t\t}\n\t\t  <\/style>\n\t\t  ","protected":false},"excerpt":{"rendered":"<p>eloriente.net \u201cFestival Oaxaca, 482 Aniversario\u201d Jueves, 8 de mayo de 2014 18:00 horas: Pl\u00e1tica Paso del Sol. Sal\u00f3n de ex presidentes del Palacio Municipal. Carlos Aguilar Jim\u00e9nez. 19:00 horas: Ciclo de Cine. Oaxaca en el cine. Espiral. Agencia de San Luis Beltr\u00e1n. Director Jorge P\u00e9rez Solano. En coordinaci\u00f3n con Cine Club UABJO. Comenta Mtro. Mario [&hellip;]<\/p>\n","protected":false},"author":26,"featured_media":0,"comment_status":"open","ping_status":"open","sticky":false,"template":"","format":"standard","meta":{"_jetpack_memberships_contains_paid_content":false,"footnotes":""},"categories":[1],"tags":[],"class_list":["post-24491","post","type-post","status-publish","format-standard","hentry","category-uncategorized"],"jetpack_featured_media_url":"","jetpack_sharing_enabled":true,"_links":{"self":[{"href":"http:\/\/www.eloriente.net\/home\/wp-json\/wp\/v2\/posts\/24491"}],"collection":[{"href":"http:\/\/www.eloriente.net\/home\/wp-json\/wp\/v2\/posts"}],"about":[{"href":"http:\/\/www.eloriente.net\/home\/wp-json\/wp\/v2\/types\/post"}],"author":[{"embeddable":true,"href":"http:\/\/www.eloriente.net\/home\/wp-json\/wp\/v2\/users\/26"}],"replies":[{"embeddable":true,"href":"http:\/\/www.eloriente.net\/home\/wp-json\/wp\/v2\/comments?post=24491"}],"version-history":[{"count":2,"href":"http:\/\/www.eloriente.net\/home\/wp-json\/wp\/v2\/posts\/24491\/revisions"}],"predecessor-version":[{"id":24493,"href":"http:\/\/www.eloriente.net\/home\/wp-json\/wp\/v2\/posts\/24491\/revisions\/24493"}],"wp:attachment":[{"href":"http:\/\/www.eloriente.net\/home\/wp-json\/wp\/v2\/media?parent=24491"}],"wp:term":[{"taxonomy":"category","embeddable":true,"href":"http:\/\/www.eloriente.net\/home\/wp-json\/wp\/v2\/categories?post=24491"},{"taxonomy":"post_tag","embeddable":true,"href":"http:\/\/www.eloriente.net\/home\/wp-json\/wp\/v2\/tags?post=24491"}],"curies":[{"name":"wp","href":"https:\/\/api.w.org\/{rel}","templated":true}]}}