{"id":24522,"date":"2014-04-17T18:25:37","date_gmt":"2014-04-18T00:25:37","guid":{"rendered":"http:\/\/www.eloriente.net\/home\/?p=24522"},"modified":"2014-04-17T18:25:37","modified_gmt":"2014-04-18T00:25:37","slug":"escucha-a-yannik-gonzalez-oscar-morales-y-enrique-guajiro-en-todo-oaxaca-radio-15abr14","status":"publish","type":"post","link":"http:\/\/www.eloriente.net\/home\/2014\/04\/17\/escucha-a-yannik-gonzalez-oscar-morales-y-enrique-guajiro-en-todo-oaxaca-radio-15abr14\/","title":{"rendered":"Escucha a Yannik Gonz\u00e1lez, Oscar Morales y Enrique Guajiro en Todo Oaxaca Radio 15\/Abr\/14"},"content":{"rendered":"<p>todooaxacaradio.com<\/p>\n<p>17 de abril de 2014<\/p>\n<p>Como cada martes, en punto de las 17:00 horas se transmiti\u00f3 el programa Todo Oaxaca Radio completamente en vivo desde la Ciudad de Oaxaca de Ju\u00e1rez, a trav\u00e9s de las frecuencias abiertas 570 AM, 94.9 FM y para todo el mundo a trav\u00e9s de www.todooaxacaradio.com.<\/p>\n<p>El programa es conducido por Rub\u00e9n Vasconcelos Beltr\u00e1n, cronista de la Ciudad de Oaxaca, as\u00ed como Guadalupe Zarza Brise\u00f1o, reconocida empresaria y representante de la sociedad civil.<\/p>\n<p><strong>Nuestros temas e invitadas del 15 de abril de 2014<\/strong><\/p>\n<p>En esta tercera emisi\u00f3n de abril de 2014, charlamos con tres personalidades para abordar temas de inter\u00e9s de car\u00e1cter cient\u00edfico y art\u00edstico que concierne a nuestra entidad oaxaque\u00f1a \u00bfquieres saber m\u00e1s? Escucha el programa dando click en el reproductor localizado al final de la redacci\u00f3n.3<\/p>\n<p><strong>Minuto 10\u201905<strong>\u2019\u2019<\/strong><\/strong><\/p>\n<p>Yannik Gonz\u00e1lez Alarc\u00f3n y Oscar Morales Garc\u00eda, estudiantes de la Ingenier\u00eda en Sistemas Computacionales del Instituto Tecnol\u00f3gico de Oaxaca.<\/p>\n<p><em>\u201cResultamos ganadores, ganamos la medalla de oro en el Concurso Latinoamericano Proyecto Multimedia 2014\u201d<\/em><\/p>\n<p><em>\u201cEl proyecto que presentamos fue un sistema que reconoce el lenguaje de se\u00f1as de las personas hipoac\u00fasticas, es un traductor al espa\u00f1ol escrito\u201d<\/em><\/p>\n<p><em>\u201cLa idea surgi\u00f3 en un restaurante cuando vimos que un mesero no comprend\u00eda lo que una persona con esta discapacidad quer\u00eda ordenar\u201d<\/em><\/p>\n<p><em>\u201cEste proyecto cubre una gran necesidad, debido a que el lenguaje es universal\u201d<\/em><\/p>\n<p><em>\u201cEste dispositivo funciona con un sensor el cual se coloca en frente de una persona hipoac\u00fastica, hace las se\u00f1as y capta la imagen, la procesa y nos muestra en una computadora la palabra o letra, as\u00ed formando frases\u201d<\/em><\/p>\n<p><a href=\"http:\/\/www.eloriente.net\/home\/wp-content\/uploads\/2014\/04\/Yannik-y-Oscar.jpg\"><img loading=\"lazy\" decoding=\"async\" class=\"size-medium wp-image-24524 aligncenter\" title=\"Yannik-y-Oscar\" src=\"http:\/\/www.eloriente.net\/home\/wp-content\/uploads\/2014\/04\/Yannik-y-Oscar-300x211.jpg\" alt=\"\" width=\"300\" height=\"211\" srcset=\"http:\/\/www.eloriente.net\/home\/wp-content\/uploads\/2014\/04\/Yannik-y-Oscar-300x211.jpg 300w, http:\/\/www.eloriente.net\/home\/wp-content\/uploads\/2014\/04\/Yannik-y-Oscar-1024x722.jpg 1024w\" sizes=\"(max-width: 300px) 100vw, 300px\" \/><\/a><\/p>\n<p><strong>Minuto 31\u201902<strong>\u2019\u2019<\/strong><\/strong><\/p>\n<p>Enrique Guajiro L\u00f3pez, representante de la Lira de Cantautores de Oaxaca (LICANTO).<\/p>\n<p><em>\u201cLira de Cantautores de Oaxaca es un colectivo de compositores, quienes interpretan sus propias de canciones\u201d<\/em><\/p>\n<p><em>\u201cEn Oaxaca hay una diversidad de composiciones: instrumental, para banda, orquesta, etc\u00e9tera\u201d<\/em><\/p>\n<p><em>\u201cLa organizaci\u00f3n busca ser visible, mucho de nuestro trabajo la gente no lo conoce, a veces conocen las obras mas no a los compositores\u201d<\/em><\/p>\n<p><em>\u201cEst\u00e1 agrupaci\u00f3n est\u00e1 conformada por 25 cantautores\u201d<\/em><\/p>\n<p style=\"text-align: center;\"><a href=\"http:\/\/www.eloriente.net\/home\/wp-content\/uploads\/2014\/04\/Enrique-Guajiro.jpg\"><img loading=\"lazy\" decoding=\"async\" class=\"aligncenter\" style=\"-webkit-user-select: none; cursor: -webkit-zoom-in;\" src=\"http:\/\/www.eloriente.net\/home\/wp-content\/uploads\/2014\/04\/Enrique-Guajiro.jpg\" alt=\"\" width=\"288\" height=\"195\" \/><\/a><\/p>\n<p>&nbsp;<\/p>\n<p><iframe loading=\"lazy\" src=\"http:\/\/www.ivoox.com\/player_ek_3035416_2_1.html?data=lJWgl5mVeo6ZmKial5yJd6KkmJKSmaiRdo6ZmKiakpKJe6ShkZKSmaiRmNDY0JC8w93Fp8Kfs8bRy9SPdZaZk6uuxNeJdqellZKSmaiRmNDY0JC8w93Fp8Kfs8bRy9SRaZi3jpk%3D&amp;\" frameborder=\"0\" scrolling=\"no\" width=\"238\" height=\"48\"><\/iframe><\/p>\n<p>&nbsp;<\/p>\n<p><strong>Entradas relacionadas:<\/strong><\/p>\n<p><a title=\"Permalink to Escucha a Dora Vera y \u00darsula Woolrich en Todo Oaxaca Radio 8\/Abr\/14\" href=\"http:\/\/www.eloriente.net\/home\/2014\/04\/09\/escucha-a-dora-vera-y-ursula-woolrich-en-todo-oaxaca-radio-8abr14\/\" rel=\"bookmark\">Escucha a Dora Vera y \u00darsula Woolrich en Todo Oaxaca Radio 8\/Abr\/14<\/a><\/p>\n<p><a href=\"http:\/\/www.eloriente.net\/home\/2014\/04\/09\/escucha-a-dora-vera-y-ursula-woolrich-en-todo-oaxaca-radio-8abr14\/\" rel=\"bookmark\"><img decoding=\"async\" title=\"Escucha a Dora Vera y \u00darsula Woolrich en Todo Oaxaca Radio 8\/Abr\/14\" src=\"http:\/\/www.eloriente.net\/home\/wp-content\/themes\/city-desk\/timthumb.php?src=http%3A%2F%2Fwww.eloriente.net%2Fhome%2Fwp-content%2Fuploads%2F2014%2F04%2FDora-Mar%C3%ADa.jpg&amp;q=90&amp;w=160&amp;h=106&amp;zc=1\" alt=\"Escucha a Dora Vera y \u00darsula Woolrich en Todo Oaxaca Radio 8\/Abr\/14\" \/><\/a><\/p>\n<p>todooaxacaradio.com 9 de abril de 2014 Como cada martes, en punto de las 17:00 horas se transmiti\u00f3 el programa Todo Oaxaca Radio completamente en vivo desde la Ciudad de Oaxaca de Ju\u00e1rez, a trav\u00e9s de las frecuencias abiertas 570 AM, 94.9 FM y para todo el mundo a trav\u00e9s de www.todooaxacaradio.com. El programa es conducido [&#8230;]<\/p>\n<p>April 9, 2014<\/p>\n<div id=\"post-23568\">\n<p><a title=\"Permalink to Escucha a Juana Rosa Corte Silva en Todo Oaxaca Radio 1\/Abr\/14\" href=\"http:\/\/www.eloriente.net\/home\/2014\/04\/02\/escucha-a-juana-rosa-corte-silva-en-todo-oaxaca-radio-1abr14\/\" rel=\"bookmark\">Escucha a Juana Rosa Corte Silva en Todo Oaxaca Radio 1\/Abr\/14<\/a><\/p>\n<p><a href=\"http:\/\/www.eloriente.net\/home\/2014\/04\/02\/escucha-a-juana-rosa-corte-silva-en-todo-oaxaca-radio-1abr14\/\" rel=\"bookmark\"><img decoding=\"async\" title=\"Escucha a Juana Rosa Corte Silva en Todo Oaxaca Radio 1\/Abr\/14\" src=\"http:\/\/www.eloriente.net\/home\/wp-content\/themes\/city-desk\/timthumb.php?src=http%3A%2F%2Fwww.eloriente.net%2Fhome%2Fwp-content%2Fuploads%2F2014%2F04%2FJuana-Corte-Por-Todo-Oaxaca-Radio.jpg&amp;q=90&amp;w=160&amp;h=106&amp;zc=1\" alt=\"Escucha a Juana Rosa Corte Silva en Todo Oaxaca Radio 1\/Abr\/14\" \/><\/a><\/p>\n<p>todooaxacaradio.com 2 de abril de 2014 Como cada martes, en punto de las 17:00 horas se transmiti\u00f3 el programa Todo Oaxaca Radio completamente en vivo desde la Ciudad de Oaxaca de Ju\u00e1rez, a trav\u00e9s de las frecuencias abiertas 570 AM, 94.9 FM y para todo el mundo a trav\u00e9s de www.todooaxacaradio.com. El programa es conducido [&#8230;]<\/p>\n<p>April 2, 2014<\/p>\n<\/div>\n<div id=\"post-23261\">\n<p><a title=\"Permalink to Escucha a Alejandro Lezama, Mayra Mendoza y Fabiola Calvo en Todo Oaxaca Radio 25\/Mar\/14\" href=\"http:\/\/www.eloriente.net\/home\/2014\/03\/26\/escucha-a-alejandro-lezama-mayra-mendoza-y-fabiola-calvo-en-todo-oaxaca-radio-25mar14\/\" rel=\"bookmark\">Escucha a Alejandro Lezama, Mayra Mendoza y Fabiola Calvo en Todo Oaxaca Radio 25\/Mar\/14<\/a><\/p>\n<p><a href=\"http:\/\/www.eloriente.net\/home\/2014\/03\/26\/escucha-a-alejandro-lezama-mayra-mendoza-y-fabiola-calvo-en-todo-oaxaca-radio-25mar14\/\" rel=\"bookmark\"><img decoding=\"async\" title=\"Escucha a Alejandro Lezama, Mayra Mendoza y Fabiola Calvo en Todo Oaxaca Radio 25\/Mar\/14\" src=\"http:\/\/www.eloriente.net\/home\/wp-content\/themes\/city-desk\/timthumb.php?src=http%3A%2F%2Fwww.eloriente.net%2Fhome%2Fwp-content%2Fuploads%2F2014%2F03%2FAlejandro-Lezama.jpg&amp;q=90&amp;w=160&amp;h=106&amp;zc=1\" alt=\"Escucha a Alejandro Lezama, Mayra Mendoza y Fabiola Calvo en Todo Oaxaca Radio 25\/Mar\/14\" \/><\/a><\/p>\n<p>todooaxacaradio.com 26 de marzo de 2014 Como cada martes, en punto de las 17:00 horas se transmiti\u00f3 el programa Todo Oaxaca Radio completamente en vivo desde la Ciudad de Oaxaca de Ju\u00e1rez, a trav\u00e9s de las frecuencias abiertas 570 AM, 94.9 FM y para todo el mundo a trav\u00e9s de www.todooaxacaradio.com. El programa es conducido [&#8230;]<\/p>\n<p>March 26, 2014<\/p>\n<\/div>\n\n\t\t\t  <div \n\t\t\t  \tclass = \"fb-comments\" \n\t\t\t  \tdata-href = \"http:\/\/www.eloriente.net\/home\/2014\/04\/17\/escucha-a-yannik-gonzalez-oscar-morales-y-enrique-guajiro-en-todo-oaxaca-radio-15abr14\/\"\n\t\t\t  \tdata-numposts = \"10\"\n\t\t\t\tdata-colorscheme = \"dark\"\n\t\t\t\tdata-order-by = \"social\"\n\t\t\t\tdata-mobile=true>\n\t\t\t  <\/div>\n\t\t  <style>\n\t\t\t.fb_iframe_widget_fluid_desktop iframe {\n\t\t\t    width: 100% !important;\n\t\t\t}\n\t\t  <\/style>\n\t\t  ","protected":false},"excerpt":{"rendered":"<p>todooaxacaradio.com 17 de abril de 2014 Como cada martes, en punto de las 17:00 horas se transmiti\u00f3 el programa Todo Oaxaca Radio completamente en vivo desde la Ciudad de Oaxaca de Ju\u00e1rez, a trav\u00e9s de las frecuencias abiertas 570 AM, 94.9 FM y para todo el mundo a trav\u00e9s de www.todooaxacaradio.com. El programa es conducido [&hellip;]<\/p>\n","protected":false},"author":26,"featured_media":24524,"comment_status":"open","ping_status":"open","sticky":false,"template":"","format":"standard","meta":{"_jetpack_memberships_contains_paid_content":false,"footnotes":""},"categories":[32,63,464,12],"tags":[],"class_list":["post-24522","post","type-post","status-publish","format-standard","has-post-thumbnail","hentry","category-entradas","category-estados","category-oaxaca-estados","category-todo-oaxaca-radio"],"jetpack_featured_media_url":"http:\/\/www.eloriente.net\/home\/wp-content\/uploads\/2014\/04\/Yannik-y-Oscar.jpg","jetpack_sharing_enabled":true,"_links":{"self":[{"href":"http:\/\/www.eloriente.net\/home\/wp-json\/wp\/v2\/posts\/24522"}],"collection":[{"href":"http:\/\/www.eloriente.net\/home\/wp-json\/wp\/v2\/posts"}],"about":[{"href":"http:\/\/www.eloriente.net\/home\/wp-json\/wp\/v2\/types\/post"}],"author":[{"embeddable":true,"href":"http:\/\/www.eloriente.net\/home\/wp-json\/wp\/v2\/users\/26"}],"replies":[{"embeddable":true,"href":"http:\/\/www.eloriente.net\/home\/wp-json\/wp\/v2\/comments?post=24522"}],"version-history":[{"count":6,"href":"http:\/\/www.eloriente.net\/home\/wp-json\/wp\/v2\/posts\/24522\/revisions"}],"predecessor-version":[{"id":24532,"href":"http:\/\/www.eloriente.net\/home\/wp-json\/wp\/v2\/posts\/24522\/revisions\/24532"}],"wp:featuredmedia":[{"embeddable":true,"href":"http:\/\/www.eloriente.net\/home\/wp-json\/wp\/v2\/media\/24524"}],"wp:attachment":[{"href":"http:\/\/www.eloriente.net\/home\/wp-json\/wp\/v2\/media?parent=24522"}],"wp:term":[{"taxonomy":"category","embeddable":true,"href":"http:\/\/www.eloriente.net\/home\/wp-json\/wp\/v2\/categories?post=24522"},{"taxonomy":"post_tag","embeddable":true,"href":"http:\/\/www.eloriente.net\/home\/wp-json\/wp\/v2\/tags?post=24522"}],"curies":[{"name":"wp","href":"https:\/\/api.w.org\/{rel}","templated":true}]}}