{"id":24707,"date":"2014-04-23T06:55:38","date_gmt":"2014-04-23T12:55:38","guid":{"rendered":"http:\/\/www.eloriente.net\/home\/?p=24707"},"modified":"2014-04-23T07:04:09","modified_gmt":"2014-04-23T13:04:09","slug":"23abr14-900-en-vivo-reporte-sobre-informacion-tecnologica-mundial-desde-wef","status":"publish","type":"post","link":"http:\/\/www.eloriente.net\/home\/2014\/04\/23\/23abr14-900-en-vivo-reporte-sobre-informacion-tecnologica-mundial-desde-wef\/","title":{"rendered":"23\/Abr\/14 9:00 En Vivo: Reporte sobre Informaci\u00f3n Tecnol\u00f3gica Mundial, desde WEF"},"content":{"rendered":"<p>eloriente.net\/<a href=\"https:\/\/www.facebook.com\/worldeconomicforum\" target=\"_blank\">World Economic Forum<\/a><\/p>\n<p>23 de abril de 2014<\/p>\n<p>El Foro Econ\u00f3mico Mundial se define como una instituci\u00f3n internacional formada para fortalecer el estado de la cooperaci\u00f3n p\u00fablica y privada en el esp\u00edritu de la ciudadan\u00eda global.<\/p>\n<p>En este sentido, hoy a las 9 de la ma\u00f1ana tiempo de M\u00e9xico, presentar\u00e1 en vivo su Reporte 2014 sobre Informaci\u00f3n Tecnol\u00f3gica.<\/p>\n<p>Hay que recordar que para cumplir con su objetivo, el Foro publica una serie de reportes sobre temas globales buscando instituciones expertas para elaborarlos. As\u00ed, se presentan el Informe Global de Riesgos, el de G\u00e9nero, as\u00ed como los especiales de medio ambiente, educaci\u00f3n, industrias y tecnolog\u00edas.<\/p>\n<p>A continuaci\u00f3n el reproductor de esta transmisi\u00f3n en vivo producida por el Foro, a la que te invitamos en ELORIENTE.NET:<\/p>\n<p><iframe loading=\"lazy\" src=\"http:\/\/new.livestream.com\/accounts\/1909571\/events\/2928738\/player?width=640&amp;height=360&amp;autoPlay=true&amp;mute=false\" frameborder=\"0\" scrolling=\"no\" width=\"640\" height=\"360\"><\/iframe><\/p>\n<p>&nbsp;<\/p>\n<p><a href=\"http:\/\/www.eloriente.net\/home\/wp-content\/uploads\/2014\/04\/@foro-econ\u00f3mico-mundial.jpg\"><img loading=\"lazy\" decoding=\"async\" class=\"alignnone size-medium wp-image-24710\" title=\"@foro econ\u00f3mico mundial\" src=\"http:\/\/www.eloriente.net\/home\/wp-content\/uploads\/2014\/04\/@foro-econ\u00f3mico-mundial-300x196.jpg\" alt=\"\" width=\"300\" height=\"196\" srcset=\"http:\/\/www.eloriente.net\/home\/wp-content\/uploads\/2014\/04\/@foro-econ\u00f3mico-mundial-300x196.jpg 300w, http:\/\/www.eloriente.net\/home\/wp-content\/uploads\/2014\/04\/@foro-econ\u00f3mico-mundial.jpg 960w\" sizes=\"(max-width: 300px) 100vw, 300px\" \/><\/a><\/p>\n<p>Foto: @world economic forum<\/p>\n<p>&nbsp;<\/p>\n<p><a href=\"http:\/\/www.eloriente.net\/home\/wp-content\/uploads\/2014\/04\/world-economic-forum-report-2014.png\"><img loading=\"lazy\" decoding=\"async\" class=\"alignnone size-medium wp-image-24708\" title=\"world economic forum report 2014\" src=\"http:\/\/www.eloriente.net\/home\/wp-content\/uploads\/2014\/04\/world-economic-forum-report-2014-300x200.png\" alt=\"\" width=\"300\" height=\"200\" srcset=\"http:\/\/www.eloriente.net\/home\/wp-content\/uploads\/2014\/04\/world-economic-forum-report-2014-300x200.png 300w, http:\/\/www.eloriente.net\/home\/wp-content\/uploads\/2014\/04\/world-economic-forum-report-2014.png 640w\" sizes=\"(max-width: 300px) 100vw, 300px\" \/><\/a><\/p>\n<p><strong>OTRAS ENTRADAS:<\/strong><\/p>\n<p><a title=\"Permalink to Discutir\u00e1n expertos cambio clim\u00e1tico en el senado\" href=\"http:\/\/www.eloriente.net\/home\/2014\/04\/14\/discutiran-expertos-cambio-climatico-en-el-senado\/\" rel=\"bookmark\">Discutir\u00e1n expertos cambio clim\u00e1tico en el senado<\/a><\/p>\n<p><a href=\"http:\/\/www.eloriente.net\/home\/2014\/04\/14\/discutiran-expertos-cambio-climatico-en-el-senado\/\" rel=\"bookmark\"><img decoding=\"async\" title=\"Discutir\u00e1n expertos cambio clim\u00e1tico en el senado\" src=\"http:\/\/www.eloriente.net\/home\/wp-content\/themes\/city-desk\/timthumb.php?src=http%3A%2F%2Fwww.eloriente.net%2Fhome%2Fwp-content%2Fuploads%2F2014%2F04%2FClima-Por-joiseyshowaa.jpg&amp;q=90&amp;w=160&amp;h=106&amp;zc=1\" alt=\"Discutir\u00e1n expertos cambio clim\u00e1tico en el senado\" \/><\/a><\/p>\n<p>eloriente.net\/Academia Mexicana de Ciencias 14 de abril de 2014 En dos mesas de trabajo, especialistas de M\u00e9xico y Estados Unidos analizar\u00e1n junto con los legisladores los impactos del cambio clim\u00e1tico y las acciones necesarias para enfrentarlo. De particular inter\u00e9s resultan los impactos regionales de este fen\u00f3meno que incluyen a Norteam\u00e9rica y en particular a M\u00e9xico. [&#8230;]<\/p>\n<p>April 14, 2014<\/p>\n<div id=\"post-23746\">\n<p><a title=\"Permalink to Una mirada al pasado de CORTV; Jos\u00e9 Antonio Guti\u00e9rrez Bello, nuevo director\" href=\"http:\/\/www.eloriente.net\/home\/2014\/04\/05\/una-mirada-al-pasado-de-cortv-juan-jose-gutierrez-bello-nuevo-director\/\" rel=\"bookmark\">Una mirada al pasado de CORTV; Jos\u00e9 Antonio Guti\u00e9rrez Bello, nuevo director<\/a><\/p>\n<p><a href=\"http:\/\/www.eloriente.net\/home\/2014\/04\/05\/una-mirada-al-pasado-de-cortv-juan-jose-gutierrez-bello-nuevo-director\/\" rel=\"bookmark\"><img decoding=\"async\" title=\"Una mirada al pasado de CORTV; Jos\u00e9 Antonio Guti\u00e9rrez Bello, nuevo director\" src=\"http:\/\/www.eloriente.net\/home\/wp-content\/themes\/city-desk\/timthumb.php?src=http%3A%2F%2Fwww.eloriente.net%2Fhome%2Fwp-content%2Fuploads%2F2014%2F04%2FIntersecciones-Por-CORTV.jpg&amp;q=90&amp;w=160&amp;h=106&amp;zc=1\" alt=\"Una mirada al pasado de CORTV; Jos\u00e9 Antonio Guti\u00e9rrez Bello, nuevo director\" \/><\/a>eloriente.net 5 de abril de 2014 Una vez m\u00e1s, la Corporaci\u00f3n Oaxaque\u00f1a de Radio y Televisi\u00f3n (CORTV) se ve inmiscuida en una serie de conflictos internos. El pasado jueves 3 de abril, trabajadores del instituto y miembros del Sindicato de Trabajadores de la Radio y la Televisi\u00f3n (STIRT)\u00a0bloquearon sus instalaciones para exigir la renuncia de [&#8230;]<\/p>\n<p>April 5, 2014<\/p>\n<\/div>\n<div id=\"post-23355\">\n<p><a title=\"Permalink to Hacia el posicionamiento del desarrollo humano\" href=\"http:\/\/www.eloriente.net\/home\/2014\/03\/28\/hacia-el-posicionamiento-del-desarrollo-humano\/\" rel=\"bookmark\">Hacia el posicionamiento del desarrollo humano<\/a><\/p>\n<p><a href=\"http:\/\/www.eloriente.net\/home\/2014\/03\/28\/hacia-el-posicionamiento-del-desarrollo-humano\/\" rel=\"bookmark\"><img decoding=\"async\" title=\"Hacia el posicionamiento del desarrollo humano\" src=\"http:\/\/www.eloriente.net\/home\/wp-content\/themes\/city-desk\/timthumb.php?src=http%3A%2F%2Fwww.eloriente.net%2Fhome%2Fwp-content%2Fuploads%2F2014%2F03%2FAuguste_Rodin_Grubleren.jpg&amp;q=90&amp;w=160&amp;h=106&amp;zc=1\" alt=\"Hacia el posicionamiento del desarrollo humano\" \/><\/a>eloriente.net 28 de marzo de 2014 Por: Said R. Casolco* \u00bfQu\u00e9 es mejor, tener dinero o tener sabidur\u00eda? El joven o adolescente por lo general considera que una mejor forma de realizar sus sue\u00f1os se consigue a trav\u00e9s del dinero f\u00e1cil, lo cual es l\u00f3gico si se considera que en t\u00e9rminos de tiempo, este sector [&#8230;]<\/p>\n<p>March 28, 2014<\/p>\n<\/div>\n\n\t\t\t  <div \n\t\t\t  \tclass = \"fb-comments\" \n\t\t\t  \tdata-href = \"http:\/\/www.eloriente.net\/home\/2014\/04\/23\/23abr14-900-en-vivo-reporte-sobre-informacion-tecnologica-mundial-desde-wef\/\"\n\t\t\t  \tdata-numposts = \"10\"\n\t\t\t\tdata-colorscheme = \"dark\"\n\t\t\t\tdata-order-by = \"social\"\n\t\t\t\tdata-mobile=true>\n\t\t\t  <\/div>\n\t\t  <style>\n\t\t\t.fb_iframe_widget_fluid_desktop iframe {\n\t\t\t    width: 100% !important;\n\t\t\t}\n\t\t  <\/style>\n\t\t  ","protected":false},"excerpt":{"rendered":"<p>eloriente.net\/World Economic Forum 23 de abril de 2014 El Foro Econ\u00f3mico Mundial se define como una instituci\u00f3n internacional formada para fortalecer el estado de la cooperaci\u00f3n p\u00fablica y privada en el esp\u00edritu de la ciudadan\u00eda global. En este sentido, hoy a las 9 de la ma\u00f1ana tiempo de M\u00e9xico, presentar\u00e1 en vivo su Reporte 2014 [&hellip;]<\/p>\n","protected":false},"author":1,"featured_media":24710,"comment_status":"open","ping_status":"open","sticky":false,"template":"","format":"standard","meta":{"_jetpack_memberships_contains_paid_content":false,"footnotes":""},"categories":[4,32,10,24,31,17],"tags":[],"class_list":["post-24707","post","type-post","status-publish","format-standard","has-post-thumbnail","hentry","category-canal-2-en-vivo","category-entradas","category-lo-mas-reciente","category-mexico-y-el-mundo","category-principal","category-tecnologia"],"jetpack_featured_media_url":"http:\/\/www.eloriente.net\/home\/wp-content\/uploads\/2014\/04\/@foro-econ\u00f3mico-mundial.jpg","jetpack_sharing_enabled":true,"_links":{"self":[{"href":"http:\/\/www.eloriente.net\/home\/wp-json\/wp\/v2\/posts\/24707"}],"collection":[{"href":"http:\/\/www.eloriente.net\/home\/wp-json\/wp\/v2\/posts"}],"about":[{"href":"http:\/\/www.eloriente.net\/home\/wp-json\/wp\/v2\/types\/post"}],"author":[{"embeddable":true,"href":"http:\/\/www.eloriente.net\/home\/wp-json\/wp\/v2\/users\/1"}],"replies":[{"embeddable":true,"href":"http:\/\/www.eloriente.net\/home\/wp-json\/wp\/v2\/comments?post=24707"}],"version-history":[{"count":2,"href":"http:\/\/www.eloriente.net\/home\/wp-json\/wp\/v2\/posts\/24707\/revisions"}],"predecessor-version":[{"id":24711,"href":"http:\/\/www.eloriente.net\/home\/wp-json\/wp\/v2\/posts\/24707\/revisions\/24711"}],"wp:featuredmedia":[{"embeddable":true,"href":"http:\/\/www.eloriente.net\/home\/wp-json\/wp\/v2\/media\/24710"}],"wp:attachment":[{"href":"http:\/\/www.eloriente.net\/home\/wp-json\/wp\/v2\/media?parent=24707"}],"wp:term":[{"taxonomy":"category","embeddable":true,"href":"http:\/\/www.eloriente.net\/home\/wp-json\/wp\/v2\/categories?post=24707"},{"taxonomy":"post_tag","embeddable":true,"href":"http:\/\/www.eloriente.net\/home\/wp-json\/wp\/v2\/tags?post=24707"}],"curies":[{"name":"wp","href":"https:\/\/api.w.org\/{rel}","templated":true}]}}