{"id":24728,"date":"2014-04-23T11:37:19","date_gmt":"2014-04-23T17:37:19","guid":{"rendered":"http:\/\/www.eloriente.net\/home\/?p=24728"},"modified":"2014-04-23T16:41:21","modified_gmt":"2014-04-23T22:41:21","slug":"vestira-oaxaca-su-cielo-de-verde-militar","status":"publish","type":"post","link":"http:\/\/www.eloriente.net\/home\/2014\/04\/23\/vestira-oaxaca-su-cielo-de-verde-militar\/","title":{"rendered":"Realizar\u00e1 Fuerza A\u00e9rea Mexicana espect\u00e1culo en cielo oaxaque\u00f1o"},"content":{"rendered":"<p>eloriente.net\/<a href=\"http:\/\/www.municipiodeoaxaca.gob.mx\/\" target=\"_blank\">Municipio de Oaxaca<\/a><\/p>\n<p>23 de abril de 2014<\/p>\n<p>Como parte de los festejos por el 482 aniversario de la elevaci\u00f3n de la\u00a0Villa de Antequera al rango de ciudad, aviones militares atravesar\u00e1n el\u00a0cielo de la capital oaxaque\u00f1a, ofreciendo un espect\u00e1culo inigualable\u00a0que servir\u00e1 como marco para hacer de esta celebraci\u00f3n algo\u00a0inolvidable.<\/p>\n<p>En un marco de colaboraci\u00f3n institucional, la Base A\u00e9rea Militar (BAM)\u00a0n\u00famero 15, perteneciente a la Fuerza A\u00e9rea Mexicana de la Secretaria\u00a0de la Defensa Nacional, se sum\u00f3 a las actividades conmemorativas\u00a0organizadas por el Municipio de Oaxaca de Ju\u00e1rez y el Gobierno del\u00a0Estado, para recordar aquel 25 de abril de 1532 en que la Verde\u00a0Antequera recibi\u00f3 el t\u00edtulo de ciudad.<\/p>\n<p>A partir de las 8:00 horas del viernes 25 de abril, los aviones\u00a0militares se desplegar\u00e1n por el cielo del Centro Hist\u00f3rico de la\u00a0capital, ofreciendo a ni\u00f1os y adultos un espect\u00e1culo c\u00edvico\u00a0sin igual.<\/p>\n<p>En la muestra participar\u00e1n cinco aeronaves tipo Pilatus PC7\u00a0pertenecientes a la BAM 15, las cuales ser\u00e1n conducidas por h\u00e1biles\u00a0pilotos quienes realizar\u00e1n diversas operaciones a\u00e9reas, haciendo gala\u00a0de su gran adiestramiento y disciplina, caracter\u00edstico de la\u00a0instrucci\u00f3n castrense que resguarda a la naci\u00f3n.<\/p>\n<p>Cabe mencionar que las aeronaves Pilatus PC7 se utilizan principalmente\u00a0como aviones de adiestramiento, aunque actualmente se siguen utilizando\u00a0para el ataque ligero de objetivos en algunas operaciones especiales.<\/p>\n<p>Con esta exhibici\u00f3n los integrantes del Instituto Armado suman\u00a0esfuerzos con las autoridades municipales para contribuir al\u00a0fortalecimiento de los valores c\u00edvicos y la cercan\u00eda de la sociedad\u00a0con las autoridades de los diferentes niveles de gobierno.<\/p>\n<p>En tal sentido, el Honorable Ayuntamiento de Oaxaca de Ju\u00e1rez invita a\u00a0oaxaque\u00f1os y visitantes a acudir el viernes 25 de abril al z\u00f3calo\u00a0capitalino y la Alameda de Le\u00f3n y participar de todas las actividades\u00a0dedicadas a la celebrar a Oaxaca, como las\u00a0tradicionales ma\u00f1anitas,\u00a0una tamaliza, conciertos de marimba, adem\u00e1s de este magn\u00edfico\u00a0espect\u00e1culo organizado por el Gobierno de la Ciudad y la Base A\u00e9rea\u00a0Militar n\u00famero 15.<\/p>\n<p>&nbsp;<\/p>\n<p><a href=\"http:\/\/www.eloriente.net\/home\/wp-content\/uploads\/2014\/04\/aviones.jpg\"><img loading=\"lazy\" decoding=\"async\" class=\"alignnone size-medium wp-image-24729\" title=\"aviones\" src=\"http:\/\/www.eloriente.net\/home\/wp-content\/uploads\/2014\/04\/aviones-300x200.jpg\" alt=\"\" width=\"300\" height=\"200\" srcset=\"http:\/\/www.eloriente.net\/home\/wp-content\/uploads\/2014\/04\/aviones-300x200.jpg 300w, http:\/\/www.eloriente.net\/home\/wp-content\/uploads\/2014\/04\/aviones.jpg 721w\" sizes=\"(max-width: 300px) 100vw, 300px\" \/><\/a><\/p>\n<p>&nbsp;<\/p>\n<p><strong>Entradas relacionadas:<\/strong><\/p>\n<p><a title=\"Permalink to 5 vacantes para ingenieros en Oaxaca #MartesdeVacantes\" href=\"http:\/\/www.eloriente.net\/home\/2014\/04\/22\/5-vacantes-para-ingenieros-en-oaxaca-martesdevacantes\/\" rel=\"bookmark\">5 vacantes para ingenieros en Oaxaca #MartesdeVacantes<\/a><\/p>\n<p><a href=\"http:\/\/www.eloriente.net\/home\/2014\/04\/22\/5-vacantes-para-ingenieros-en-oaxaca-martesdevacantes\/\" rel=\"bookmark\"><img decoding=\"async\" title=\"5 vacantes para ingenieros en Oaxaca #MartesdeVacantes\" src=\"http:\/\/www.eloriente.net\/home\/wp-content\/themes\/city-desk\/timthumb.php?src=http%3A%2F%2Fwww.eloriente.net%2Fhome%2Fwp-content%2Fuploads%2F2014%2F04%2FConstrucci%C3%B3n-Por-ottonassar.jpg&amp;q=90&amp;w=160&amp;h=106&amp;zc=1\" alt=\"5 vacantes para ingenieros en Oaxaca #MartesdeVacantes\" \/><\/a><\/p>\n<p>eloriente.net 22 de abril de 2014 Conscientes de la importancia para la ciudadan\u00eda en general de la b\u00fasqueda de nuevas oportunidades de crecimiento profesional, ponemos a tu disposici\u00f3n semanalmente ofertas de empleo disponibles en la ciudad de Oaxaca de Ju\u00e1rez, municipios conurbados y en regiones al interior del estado. En esta ocasi\u00f3n, ELORIENTE.NET pone a [&#8230;]<\/p>\n<p>April 22, 2014<\/p>\n<div id=\"post-24602\">\n<p><a title=\"Permalink to En promedio hubo 6 marchas y bloqueos diarios en Oaxaca durante 2013: SSPO\" href=\"http:\/\/www.eloriente.net\/home\/2014\/04\/21\/en-promedio-hubo-6-marchas-y-bloqueos-por-dia-en-oaxaca-durante-2013-ssp\/\" rel=\"bookmark\">En promedio hubo 6 marchas y bloqueos diarios en Oaxaca durante 2013: SSPO<\/a><\/p>\n<p><a href=\"http:\/\/www.eloriente.net\/home\/2014\/04\/21\/en-promedio-hubo-6-marchas-y-bloqueos-por-dia-en-oaxaca-durante-2013-ssp\/\" rel=\"bookmark\"><img decoding=\"async\" title=\"En promedio hubo 6 marchas y bloqueos diarios en Oaxaca durante 2013: SSPO\" src=\"http:\/\/www.eloriente.net\/home\/wp-content\/themes\/city-desk\/timthumb.php?src=http%3A%2F%2Fwww.eloriente.net%2Fhome%2Fwp-content%2Fuploads%2F2013%2F07%2FAlgunos-derechos-reservados-por-stevecadman-zocalo-oaxaca.jpg&amp;q=90&amp;w=160&amp;h=106&amp;zc=1\" alt=\"En promedio hubo 6 marchas y bloqueos diarios en Oaxaca durante 2013: SSPO\" \/><\/a><\/p>\n<p>eloriente.net 21 de abril de 2014 De acuerdo con informaci\u00f3n de la Secretar\u00eda de Seguridad P\u00fablica del Estado de Oaxaca\u00a0(SSPO), durante 2013 se presentaron en total 2,375 marchas, bloqueos y tomas de oficinas en la entidad, lo que representa en promedio 6 manifestaciones por d\u00eda y\u00a0un aumento del 141.85%, respecto a 2012. En 2013, se [&#8230;]<\/p>\n<p>April 21, 2014<\/p>\n<\/div>\n<p><a title=\"Permalink to Consulta aqu\u00ed programa de actividades del \u201cFestival Oaxaca, 482 Aniversario\u201d\" href=\"http:\/\/www.eloriente.net\/home\/2014\/04\/17\/consulta-aqui-programa-de-actividades-del-festival-oaxaca-482-aniversario\/\" rel=\"bookmark\">Consulta aqu\u00ed programa de actividades del \u201cFestival Oaxaca, 482 Aniversario\u201d<\/a><\/p>\n<p><a href=\"http:\/\/www.eloriente.net\/home\/2014\/04\/17\/consulta-aqui-programa-de-actividades-del-festival-oaxaca-482-aniversario\/\" rel=\"bookmark\"><img decoding=\"async\" title=\"Consulta aqu\u00ed programa de actividades del \u201cFestival Oaxaca, 482 Aniversario\u201d\" src=\"http:\/\/www.eloriente.net\/home\/wp-content\/themes\/city-desk\/timthumb.php?src=http%3A%2F%2Fwww.eloriente.net%2Fhome%2Fwp-content%2Fuploads%2F2014%2F04%2FCatedral-de-Oaxaca-Principal.jpg&amp;q=90&amp;w=160&amp;h=106&amp;zc=1\" alt=\"Consulta aqu\u00ed programa de actividades del \u201cFestival Oaxaca, 482 Aniversario\u201d\" \/><\/a><\/p>\n<p>eloriente.net 17 de abril de 2014 \u00a1Oaxaca de Ju\u00e1rez est\u00e1 de fiesta! El municipio de Oaxaca de Ju\u00e1rez festejar\u00e1 su 482 aniversario de su consolidaci\u00f3n como ciudad; es por ello que el ayuntamiento capitalino y el gobierno estatal han organizado m\u00e1s de 100 actividades culturales, art\u00edsticas y acad\u00e9micas. El \u201cFestival Oaxaca\u201d se llevar\u00e1 a cabo [&#8230;]<\/p>\n<p>April 17, 2014<\/p>\n\n\t\t\t  <div \n\t\t\t  \tclass = \"fb-comments\" \n\t\t\t  \tdata-href = \"http:\/\/www.eloriente.net\/home\/2014\/04\/23\/vestira-oaxaca-su-cielo-de-verde-militar\/\"\n\t\t\t  \tdata-numposts = \"10\"\n\t\t\t\tdata-colorscheme = \"dark\"\n\t\t\t\tdata-order-by = \"social\"\n\t\t\t\tdata-mobile=true>\n\t\t\t  <\/div>\n\t\t  <style>\n\t\t\t.fb_iframe_widget_fluid_desktop iframe {\n\t\t\t    width: 100% !important;\n\t\t\t}\n\t\t  <\/style>\n\t\t  ","protected":false},"excerpt":{"rendered":"<p>eloriente.net\/Municipio de Oaxaca 23 de abril de 2014 Como parte de los festejos por el 482 aniversario de la elevaci\u00f3n de la\u00a0Villa de Antequera al rango de ciudad, aviones militares atravesar\u00e1n el\u00a0cielo de la capital oaxaque\u00f1a, ofreciendo un espect\u00e1culo inigualable\u00a0que servir\u00e1 como marco para hacer de esta celebraci\u00f3n algo\u00a0inolvidable. En un marco de colaboraci\u00f3n institucional, [&hellip;]<\/p>\n","protected":false},"author":26,"featured_media":24729,"comment_status":"open","ping_status":"open","sticky":false,"template":"","format":"standard","meta":{"_jetpack_memberships_contains_paid_content":false,"footnotes":""},"categories":[32,63,10,23,464],"tags":[994,723,1052,951,1053,336,73],"class_list":["post-24728","post","type-post","status-publish","format-standard","has-post-thumbnail","hentry","category-entradas","category-estados","category-lo-mas-reciente","category-municipios","category-oaxaca-estados","tag-482-aniversario","tag-antequera","tag-aviones","tag-cielo","tag-espectaculo","tag-festival","tag-oaxaca"],"jetpack_featured_media_url":"http:\/\/www.eloriente.net\/home\/wp-content\/uploads\/2014\/04\/aviones.jpg","jetpack_sharing_enabled":true,"_links":{"self":[{"href":"http:\/\/www.eloriente.net\/home\/wp-json\/wp\/v2\/posts\/24728"}],"collection":[{"href":"http:\/\/www.eloriente.net\/home\/wp-json\/wp\/v2\/posts"}],"about":[{"href":"http:\/\/www.eloriente.net\/home\/wp-json\/wp\/v2\/types\/post"}],"author":[{"embeddable":true,"href":"http:\/\/www.eloriente.net\/home\/wp-json\/wp\/v2\/users\/26"}],"replies":[{"embeddable":true,"href":"http:\/\/www.eloriente.net\/home\/wp-json\/wp\/v2\/comments?post=24728"}],"version-history":[{"count":4,"href":"http:\/\/www.eloriente.net\/home\/wp-json\/wp\/v2\/posts\/24728\/revisions"}],"predecessor-version":[{"id":24731,"href":"http:\/\/www.eloriente.net\/home\/wp-json\/wp\/v2\/posts\/24728\/revisions\/24731"}],"wp:featuredmedia":[{"embeddable":true,"href":"http:\/\/www.eloriente.net\/home\/wp-json\/wp\/v2\/media\/24729"}],"wp:attachment":[{"href":"http:\/\/www.eloriente.net\/home\/wp-json\/wp\/v2\/media?parent=24728"}],"wp:term":[{"taxonomy":"category","embeddable":true,"href":"http:\/\/www.eloriente.net\/home\/wp-json\/wp\/v2\/categories?post=24728"},{"taxonomy":"post_tag","embeddable":true,"href":"http:\/\/www.eloriente.net\/home\/wp-json\/wp\/v2\/tags?post=24728"}],"curies":[{"name":"wp","href":"https:\/\/api.w.org\/{rel}","templated":true}]}}