{"id":24733,"date":"2014-04-23T12:10:23","date_gmt":"2014-04-23T18:10:23","guid":{"rendered":"http:\/\/www.eloriente.net\/home\/?p=24733"},"modified":"2014-04-23T12:11:59","modified_gmt":"2014-04-23T18:11:59","slug":"23abr14-en-vivo-sesion-del-senado-de-la-republica-por-canal-2","status":"publish","type":"post","link":"http:\/\/www.eloriente.net\/home\/2014\/04\/23\/23abr14-en-vivo-sesion-del-senado-de-la-republica-por-canal-2\/","title":{"rendered":"23\/Abr\/14 En vivo: Sesi\u00f3n del Senado de la Rep\u00fablica, por Canal 2"},"content":{"rendered":"<p>eloriente.net\/<a href=\"http:\/\/www.senado.gob.mx\/\" target=\"_blank\">Senado de la Rep\u00fablica<\/a><\/p>\n<p>22 de abril de 2014<\/p>\n<p>Conscientes de su importancia para la vida de la comunidad, nos enlazamos con la se\u00f1al del Senado de la Rep\u00fablica para la sesi\u00f3n ordinaria de este d\u00eda.<\/p>\n<p>Verifica el orden del d\u00eda de la sesi\u00f3n de hoy, da click a la siguiente\u00a0<a href=\"http:\/\/www.senado.gob.mx\/?ver=sp&amp;mn=2&amp;sm=2&amp;id=47009\" target=\"_blank\">liga<\/a>.<\/p>\n<p>Para visualizar la transmisi\u00f3n en vivo da click a la imagen, despu\u00e9s da click en el bot\u00f3n \u00abSesi\u00f3n Senado de la Rep\u00fablica\u00bb ubicado arriba del reproductor.<\/p>\n<p>&nbsp;<\/p>\n<p><a href=\"http:\/\/www.canaldelcongreso.gob.mx\/\" target=\"_blank\"><img loading=\"lazy\" decoding=\"async\" class=\"alignnone size-medium wp-image-18543\" title=\"senado\" src=\"http:\/\/www.eloriente.net\/home\/wp-content\/uploads\/2013\/12\/senado1-300x174.jpg\" alt=\"\" width=\"300\" height=\"174\" srcset=\"http:\/\/www.eloriente.net\/home\/wp-content\/uploads\/2013\/12\/senado1-300x174.jpg 300w, http:\/\/www.eloriente.net\/home\/wp-content\/uploads\/2013\/12\/senado1.jpg 944w\" sizes=\"(max-width: 300px) 100vw, 300px\" \/><\/a><\/p>\n<p>Foto: Senado de la Rep\u00fablica<\/p>\n<p>&nbsp;<\/p>\n<p><strong>Entradas relacionadas:<\/strong><\/p>\n<p><a title=\"Permalink to 21\/Abr\/14 En vivo: Primera jornada de la Semana de Seguridad Social\" href=\"http:\/\/www.eloriente.net\/home\/2014\/04\/21\/21abr14-en-vivo-primera-jornada-de-la-semana-de-seguridad-social\/\" rel=\"bookmark\">21\/Abr\/14 En vivo: Primera jornada de la Semana de Seguridad Social<\/a><\/p>\n<p><a href=\"http:\/\/www.eloriente.net\/home\/2014\/04\/21\/21abr14-en-vivo-primera-jornada-de-la-semana-de-seguridad-social\/\" rel=\"bookmark\"><img decoding=\"async\" title=\"21\/Abr\/14 En vivo: Primera jornada de la Semana de Seguridad Social\" src=\"http:\/\/www.eloriente.net\/home\/wp-content\/themes\/city-desk\/timthumb.php?src=http%3A%2F%2Fwww.eloriente.net%2Fhome%2Fwp-content%2Fuploads%2F2013%2F12%2Fsenado.jpg&amp;q=90&amp;w=160&amp;h=106&amp;zc=1\" alt=\"21\/Abr\/14 En vivo: Primera jornada de la Semana de Seguridad Social\" \/><\/a><\/p>\n<p>eloriente.net 21 de abril de 2014 Hace unos momentos dio inicio la primera jornada de la Semana de la Seguridad Social 2014, evento organizado por la Comisi\u00f3n de Seguridad Social del Senado de la Rep\u00fablica, el cual se llevar\u00e1 a cabo hasta el d\u00eda 25 de abril, con la finalidad de debatir la reforma en [&#8230;]<\/p>\n<p>April 21, 2014<\/p>\n<p><a title=\"Permalink to Proponen transici\u00f3n de medios p\u00fablicos estatales a \u00f3rganos aut\u00f3nomos\" href=\"http:\/\/www.eloriente.net\/home\/2014\/04\/16\/proponen-transicion-de-medios-publicos-estatales-a-organos-autonomos\/\" rel=\"bookmark\">Proponen transici\u00f3n de medios p\u00fablicos estatales a \u00f3rganos aut\u00f3nomos<\/a><\/p>\n<p><a href=\"http:\/\/www.eloriente.net\/home\/2014\/04\/16\/proponen-transicion-de-medios-publicos-estatales-a-organos-autonomos\/\" rel=\"bookmark\"><img decoding=\"async\" title=\"Proponen transici\u00f3n de medios p\u00fablicos estatales a \u00f3rganos aut\u00f3nomos\" src=\"http:\/\/www.eloriente.net\/home\/wp-content\/themes\/city-desk\/timthumb.php?src=http%3A%2F%2Fwww.eloriente.net%2Fhome%2Fwp-content%2Fuploads%2F2014%2F04%2FColegio-de-profesionistas.jpg&amp;q=90&amp;w=160&amp;h=106&amp;zc=1\" alt=\"Proponen transici\u00f3n de medios p\u00fablicos estatales a \u00f3rganos aut\u00f3nomos\" \/><\/a><\/p>\n<p>eloriente.net\/Env\u00edo* El Colegio de Profesionistas Compartir Conocimiento\u00a0AC entreg\u00f3 propuestas de adiciones a la Iniciativa de Decreto de la Ley\u00a0Federal de Telecomunicaciones y Radiodifusi\u00f3n enviada por el Presidente\u00a0Enrique Pe\u00f1a Nieto al Congreso de la Uni\u00f3n. El Secretario de la Comisi\u00f3n de Estudios\u00a0Legislativos del Senado de la Rep\u00fablica tom\u00f3 nota de las observaciones\u00a0de los asociados. Representados por [&#8230;]<\/p>\n<p>April 16, 2014<\/p>\n<div id=\"post-24275\">\n<p><a title=\"Permalink to Discutir\u00e1n expertos cambio clim\u00e1tico en el senado\" href=\"http:\/\/www.eloriente.net\/home\/2014\/04\/14\/discutiran-expertos-cambio-climatico-en-el-senado\/\" rel=\"bookmark\">Discutir\u00e1n expertos cambio clim\u00e1tico en el senado<\/a><\/p>\n<p><a href=\"http:\/\/www.eloriente.net\/home\/2014\/04\/14\/discutiran-expertos-cambio-climatico-en-el-senado\/\" rel=\"bookmark\"><img decoding=\"async\" title=\"Discutir\u00e1n expertos cambio clim\u00e1tico en el senado\" src=\"http:\/\/www.eloriente.net\/home\/wp-content\/themes\/city-desk\/timthumb.php?src=http%3A%2F%2Fwww.eloriente.net%2Fhome%2Fwp-content%2Fuploads%2F2014%2F04%2FClima-Por-joiseyshowaa.jpg&amp;q=90&amp;w=160&amp;h=106&amp;zc=1\" alt=\"Discutir\u00e1n expertos cambio clim\u00e1tico en el senado\" \/><\/a><\/p>\n<p>eloriente.net\/Academia Mexicana de Ciencias 14 de abril de 2014 En dos mesas de trabajo, especialistas de M\u00e9xico y Estados Unidos analizar\u00e1n junto con los legisladores los impactos del cambio clim\u00e1tico y las acciones necesarias para enfrentarlo. De particular inter\u00e9s resultan los impactos regionales de este fen\u00f3meno que incluyen a Norteam\u00e9rica y en particular a M\u00e9xico. [&#8230;]<\/p>\n<p>April 14, 2014<\/p>\n<\/div>\n\n\t\t\t  <div \n\t\t\t  \tclass = \"fb-comments\" \n\t\t\t  \tdata-href = \"http:\/\/www.eloriente.net\/home\/2014\/04\/23\/23abr14-en-vivo-sesion-del-senado-de-la-republica-por-canal-2\/\"\n\t\t\t  \tdata-numposts = \"10\"\n\t\t\t\tdata-colorscheme = \"dark\"\n\t\t\t\tdata-order-by = \"social\"\n\t\t\t\tdata-mobile=true>\n\t\t\t  <\/div>\n\t\t  <style>\n\t\t\t.fb_iframe_widget_fluid_desktop iframe {\n\t\t\t    width: 100% !important;\n\t\t\t}\n\t\t  <\/style>\n\t\t  ","protected":false},"excerpt":{"rendered":"<p>eloriente.net\/Senado de la Rep\u00fablica 22 de abril de 2014 Conscientes de su importancia para la vida de la comunidad, nos enlazamos con la se\u00f1al del Senado de la Rep\u00fablica para la sesi\u00f3n ordinaria de este d\u00eda. Verifica el orden del d\u00eda de la sesi\u00f3n de hoy, da click a la siguiente\u00a0liga. Para visualizar la transmisi\u00f3n [&hellip;]<\/p>\n","protected":false},"author":26,"featured_media":18543,"comment_status":"open","ping_status":"open","sticky":false,"template":"","format":"standard","meta":{"_jetpack_memberships_contains_paid_content":false,"footnotes":""},"categories":[4,32,63,10,21],"tags":[1044,246,265,502,1045,259,501],"class_list":["post-24733","post","type-post","status-publish","format-standard","has-post-thumbnail","hentry","category-canal-2-en-vivo","category-entradas","category-estados","category-lo-mas-reciente","category-politica-y-gobierno","tag-canal","tag-congreso","tag-legislacion","tag-republica","tag-senadores","tag-sesion","tag-transmision"],"jetpack_featured_media_url":"http:\/\/www.eloriente.net\/home\/wp-content\/uploads\/2013\/12\/senado1.jpg","jetpack_sharing_enabled":true,"_links":{"self":[{"href":"http:\/\/www.eloriente.net\/home\/wp-json\/wp\/v2\/posts\/24733"}],"collection":[{"href":"http:\/\/www.eloriente.net\/home\/wp-json\/wp\/v2\/posts"}],"about":[{"href":"http:\/\/www.eloriente.net\/home\/wp-json\/wp\/v2\/types\/post"}],"author":[{"embeddable":true,"href":"http:\/\/www.eloriente.net\/home\/wp-json\/wp\/v2\/users\/26"}],"replies":[{"embeddable":true,"href":"http:\/\/www.eloriente.net\/home\/wp-json\/wp\/v2\/comments?post=24733"}],"version-history":[{"count":3,"href":"http:\/\/www.eloriente.net\/home\/wp-json\/wp\/v2\/posts\/24733\/revisions"}],"predecessor-version":[{"id":24735,"href":"http:\/\/www.eloriente.net\/home\/wp-json\/wp\/v2\/posts\/24733\/revisions\/24735"}],"wp:featuredmedia":[{"embeddable":true,"href":"http:\/\/www.eloriente.net\/home\/wp-json\/wp\/v2\/media\/18543"}],"wp:attachment":[{"href":"http:\/\/www.eloriente.net\/home\/wp-json\/wp\/v2\/media?parent=24733"}],"wp:term":[{"taxonomy":"category","embeddable":true,"href":"http:\/\/www.eloriente.net\/home\/wp-json\/wp\/v2\/categories?post=24733"},{"taxonomy":"post_tag","embeddable":true,"href":"http:\/\/www.eloriente.net\/home\/wp-json\/wp\/v2\/tags?post=24733"}],"curies":[{"name":"wp","href":"https:\/\/api.w.org\/{rel}","templated":true}]}}