{"id":25031,"date":"2014-04-30T08:45:56","date_gmt":"2014-04-30T14:45:56","guid":{"rendered":"http:\/\/www.eloriente.net\/home\/?p=25031"},"modified":"2014-04-30T13:56:28","modified_gmt":"2014-04-30T19:56:28","slug":"disminuye-inflacion-0-19-en-primera-quincena-de-abril-respecto-a-segunda-de-marzo","status":"publish","type":"post","link":"http:\/\/www.eloriente.net\/home\/2014\/04\/30\/disminuye-inflacion-0-19-en-primera-quincena-de-abril-respecto-a-segunda-de-marzo\/","title":{"rendered":"Disminuye inflaci\u00f3n 0.19% en primera quincena de abril respecto a segunda de marzo"},"content":{"rendered":"<p>eloriente.net<\/p>\n<p>30 de abril de 2014<\/p>\n<p>De acuerdo con informaci\u00f3n del \u00cdndice Nacional de Precios al Consumidor (INPC) del Instituto Nacional de Estad\u00edstica y Geograf\u00eda (INEGI) la inflaci\u00f3n disminuy\u00f3 0.19% en la primera quincena de abril respecto a la segunda de marzo. Por su parte, la inflaci\u00f3n anual disminuy\u00f3 a 3.53% del anterior 3.62%.<\/p>\n<p>En el mismo periodo en el a\u00f1o 2013, la inflaci\u00f3n quincenal fue de -0.09% y la anual de 4.72%.<\/p>\n<p>El \u00edndice de precios subyacente, es decir, en bienes y servicios b\u00e1sicos, registr\u00f3 un avance de 0.26%. En tanto el \u00edndice de precios no subyacente, en aquellos productos y prestaciones donde interviene el gobierno, report\u00f3 un descenso de 1.59%. En el mismo periodo de 2013 fue de 0.05% y -0.56%, respectivamente.<\/p>\n<p>Dentro del grupo de mercanc\u00edas y servicios subyacentes se observ\u00f3 un incremento de los precios en servicios de 0.36%\u00a0y en las mercanc\u00edas de 0.15%. Al interior del \u00edndice de precios no subyacente, los\u00a0energ\u00e9ticos y tarifas autorizadas por el gobierno se redujeron 2.13% como resultado de los ajustes a la baja en las tarifas el\u00e9ctricas;\u00a0por su parte, los productos agropecuarios disminuyeron 0.65%.<\/p>\n<p>&nbsp;<\/p>\n<p style=\"text-align: center;\"><img loading=\"lazy\" decoding=\"async\" class=\"aligncenter\" style=\"-webkit-user-select: none;\" src=\"http:\/\/www.eloriente.net\/home\/wp-content\/uploads\/2014\/04\/Inflaci%C3%B3n-abril.png\" alt=\"\" width=\"598\" height=\"287\" \/><\/p>\n<p>&nbsp;<\/p>\n<p>El jitomate, los servicios tur\u00edsticos en paquete y el transporte a\u00e9reo contribuyeron en mayor medida a la alza de precios en la primera quincena de abril; al contrario, los precios de la cebolla, lim\u00f3n, sand\u00eda y la electricidad incidieron a la baja de la inflaci\u00f3n general.<\/p>\n<p>&nbsp;<\/p>\n<p><img loading=\"lazy\" decoding=\"async\" class=\"aligncenter\" style=\"-webkit-user-select: none;\" src=\"http:\/\/www.eloriente.net\/home\/wp-content\/uploads\/2014\/04\/Productos.png\" alt=\"\" width=\"583\" height=\"248\" \/><\/p>\n<p>&nbsp;<\/p>\n<p>Las ciudades de Fresnillo, Zacatecas, con 0.82%; Huatabampo, Sonora, con 0.62%; y Colima, Colima, con 0.38%, presentaron la mayor variaci\u00f3n porcentual de la inflaci\u00f3n a nivel nacional. Mientras que Iguala, Guerrero, con -0.67%; Torre\u00f3n, Coahuila con -0.71%; y Campeche, Campeche, con -0.91%, fueron las localidades menos afectadas.<\/p>\n<p>Para obtener el c\u00e1lculo en general, el INEGI cotiz\u00f3\u00a0117 mil 500 precios subyacentes y no subyacentes quincenales, agrupados en 283 conceptos, en 46 ciudades del pa\u00eds, en las 32 entidades federativas.<\/p>\n<p>&nbsp;<\/p>\n<p><a href=\"http:\/\/www.eloriente.net\/home\/wp-content\/uploads\/2014\/04\/Tomates-Por-maza34.jpg\"><img loading=\"lazy\" decoding=\"async\" class=\"alignnone size-medium wp-image-25052\" title=\"Tomates-Por maza34\" src=\"http:\/\/www.eloriente.net\/home\/wp-content\/uploads\/2014\/04\/Tomates-Por-maza34-225x300.jpg\" alt=\"\" width=\"225\" height=\"300\" srcset=\"http:\/\/www.eloriente.net\/home\/wp-content\/uploads\/2014\/04\/Tomates-Por-maza34-225x300.jpg 225w, http:\/\/www.eloriente.net\/home\/wp-content\/uploads\/2014\/04\/Tomates-Por-maza34.jpg 768w\" sizes=\"(max-width: 225px) 100vw, 225px\" \/><\/a><\/p>\n<p>Foto:\u00a0<a href=\"https:\/\/www.flickr.com\/photos\/maza34\/\">maza34<\/a><\/p>\n<p>&nbsp;<\/p>\n<p><strong>Entradas relacionadas:<\/strong><\/p>\n<p><a title=\"Permalink to Aumenta 0.27% la inflaci\u00f3n en marzo, respecto a febrero de 2014\" href=\"http:\/\/www.eloriente.net\/home\/2014\/04\/16\/aumenta-0-27-la-inflacion-en-marzo-respecto-a-febrero-de-2014\/\" rel=\"bookmark\">Aumenta 0.27% la inflaci\u00f3n en marzo, respecto a febrero de 2014<\/a><\/p>\n<p><a href=\"http:\/\/www.eloriente.net\/home\/2014\/04\/16\/aumenta-0-27-la-inflacion-en-marzo-respecto-a-febrero-de-2014\/\" rel=\"bookmark\"><img decoding=\"async\" title=\"Aumenta 0.27% la inflaci\u00f3n en marzo, respecto a febrero de 2014\" src=\"http:\/\/www.eloriente.net\/home\/wp-content\/themes\/city-desk\/timthumb.php?src=http%3A%2F%2Fwww.eloriente.net%2Fhome%2Fwp-content%2Fuploads%2F2014%2F04%2FLim%C3%B3n-Por-Tierra-F%C3%A9rtil.jpg&amp;q=90&amp;w=160&amp;h=106&amp;zc=1\" alt=\"Aumenta 0.27% la inflaci\u00f3n en marzo, respecto a febrero de 2014\" \/><\/a><\/p>\n<p>eloriente.net 16 de marzo de 2014 La inflaci\u00f3n mensual en marzo de 2014 registr\u00f3 un incremento del 0.27% respecto a los 30 d\u00edas anteriores; mientras que en igual periodo de 2013, su variaci\u00f3n fue de 0.73%, as\u00ed lo dio a conocer el\u00a0\u00cdndice Nacional de Precios al Consumidor (INPC), instrumento elaborado por el Instituto Nacional de [&#8230;]<\/p>\n<p>April 16, 2014<\/p>\n<p><a title=\"Permalink to Oaxaca con el mayor crecimiento econ\u00f3mico del sur-sureste al 3er trimestre 2013\" href=\"http:\/\/www.eloriente.net\/home\/2014\/04\/09\/oaxaca-presenta-el-mayor-crecimiento-economico-en-la-region-sur-sureste-al-3er-trimestre-de-2013\/\" rel=\"bookmark\">Oaxaca con el mayor crecimiento econ\u00f3mico del sur-sureste al 3er trimestre 2013<\/a><\/p>\n<p><a href=\"http:\/\/www.eloriente.net\/home\/2014\/04\/09\/oaxaca-presenta-el-mayor-crecimiento-economico-en-la-region-sur-sureste-al-3er-trimestre-de-2013\/\" rel=\"bookmark\"><img decoding=\"async\" title=\"Oaxaca con el mayor crecimiento econ\u00f3mico del sur-sureste al 3er trimestre 2013\" src=\"http:\/\/www.eloriente.net\/home\/wp-content\/themes\/city-desk\/timthumb.php?src=http%3A%2F%2Fwww.eloriente.net%2Fhome%2Fwp-content%2Fuploads%2F2014%2F04%2FEconom%C3%ADa-Por-Aristoteles-Sandoval.jpg&amp;q=90&amp;w=160&amp;h=106&amp;zc=1\" alt=\"Oaxaca con el mayor crecimiento econ\u00f3mico del sur-sureste al 3er trimestre 2013\" \/><\/a><\/p>\n<p>eloriente.net 9 de abril de 2014 De acuerdo a cifras del Indicador Trimestral de la Actividad Econ\u00f3mica Estatal del Instituto Nacional de Estad\u00edstica y Geograf\u00eda (INEGI), Oaxaca present\u00f3 el mayor crecimiento econ\u00f3mico durante el tercer trimestre de 2013, en comparaci\u00f3n con las entidades que conforman la regi\u00f3n sur-sureste de M\u00e9xico. Oaxaca, en quinto lugar a [&#8230;]<\/p>\n<p>April 9, 2014<\/p>\n<p><a title=\"Permalink to Consulta aqu\u00ed la ocupaci\u00f3n hotelera en los destinos de tur\u00edsticos de Oaxaca en 2013\" href=\"http:\/\/www.eloriente.net\/home\/2014\/04\/03\/consulta-aqui-la-ocupacion-hotelera-en-los-destinos-de-turisticos-de-oaxaca-en-2013\/\" rel=\"bookmark\">Consulta aqu\u00ed la ocupaci\u00f3n hotelera en los destinos de tur\u00edsticos de Oaxaca en 2013<\/a><\/p>\n<p><a href=\"http:\/\/www.eloriente.net\/home\/2014\/04\/03\/consulta-aqui-la-ocupacion-hotelera-en-los-destinos-de-turisticos-de-oaxaca-en-2013\/\" rel=\"bookmark\"><img decoding=\"async\" title=\"Consulta aqu\u00ed la ocupaci\u00f3n hotelera en los destinos de tur\u00edsticos de Oaxaca en 2013\" src=\"http:\/\/www.eloriente.net\/home\/wp-content\/themes\/city-desk\/timthumb.php?src=http%3A%2F%2Fwww.eloriente.net%2Fhome%2Fwp-content%2Fuploads%2F2014%2F04%2FHotel-Oaxaca-Por-Rob-Young.jpg&amp;q=90&amp;w=160&amp;h=106&amp;zc=1\" alt=\"Consulta aqu\u00ed la ocupaci\u00f3n hotelera en los destinos de tur\u00edsticos de Oaxaca en 2013\" \/><\/a><\/p>\n<p>eloriente.net 3 de abril de 2014 Con datos del Sistema Nacional de la Informaci\u00f3n Estad\u00edstica del Sector Tur\u00edstico de M\u00e9xico, DataTur, ELORIENTE.NET pone a tu disposici\u00f3n los porcentajes de ocupaci\u00f3n hotelera en los principales destinos de la entidad oaxaque\u00f1a, durante el a\u00f1o 2013. Oaxaca de Ju\u00e1rez La capital oaxaque\u00f1a alcanz\u00f3 en promedio en 2013 una [&#8230;]<\/p>\n<p>April 3, 2014<\/p>\n\n\t\t\t  <div \n\t\t\t  \tclass = \"fb-comments\" \n\t\t\t  \tdata-href = \"http:\/\/www.eloriente.net\/home\/2014\/04\/30\/disminuye-inflacion-0-19-en-primera-quincena-de-abril-respecto-a-segunda-de-marzo\/\"\n\t\t\t  \tdata-numposts = \"10\"\n\t\t\t\tdata-colorscheme = \"dark\"\n\t\t\t\tdata-order-by = \"social\"\n\t\t\t\tdata-mobile=true>\n\t\t\t  <\/div>\n\t\t  <style>\n\t\t\t.fb_iframe_widget_fluid_desktop iframe {\n\t\t\t    width: 100% !important;\n\t\t\t}\n\t\t  <\/style>\n\t\t  ","protected":false},"excerpt":{"rendered":"<p>eloriente.net 30 de abril de 2014 De acuerdo con informaci\u00f3n del \u00cdndice Nacional de Precios al Consumidor (INPC) del Instituto Nacional de Estad\u00edstica y Geograf\u00eda (INEGI) la inflaci\u00f3n disminuy\u00f3 0.19% en la primera quincena de abril respecto a la segunda de marzo. Por su parte, la inflaci\u00f3n anual disminuy\u00f3 a 3.53% del anterior 3.62%. En [&hellip;]<\/p>\n","protected":false},"author":26,"featured_media":25052,"comment_status":"closed","ping_status":"closed","sticky":false,"template":"","format":"standard","meta":{"_jetpack_memberships_contains_paid_content":false,"footnotes":""},"categories":[32,63,10,23,19],"tags":[1116,1115,252,983,141,985,888],"class_list":["post-25031","post","type-post","status-publish","format-standard","has-post-thumbnail","hentry","category-entradas","category-estados","category-lo-mas-reciente","category-municipios","category-turismo-y-negocios","tag-bienes","tag-consumidor","tag-economia","tag-inflacion","tag-mexico","tag-precios","tag-servicios"],"jetpack_featured_media_url":"http:\/\/www.eloriente.net\/home\/wp-content\/uploads\/2014\/04\/Tomates-Por-maza34.jpg","jetpack_sharing_enabled":true,"_links":{"self":[{"href":"http:\/\/www.eloriente.net\/home\/wp-json\/wp\/v2\/posts\/25031"}],"collection":[{"href":"http:\/\/www.eloriente.net\/home\/wp-json\/wp\/v2\/posts"}],"about":[{"href":"http:\/\/www.eloriente.net\/home\/wp-json\/wp\/v2\/types\/post"}],"author":[{"embeddable":true,"href":"http:\/\/www.eloriente.net\/home\/wp-json\/wp\/v2\/users\/26"}],"replies":[{"embeddable":true,"href":"http:\/\/www.eloriente.net\/home\/wp-json\/wp\/v2\/comments?post=25031"}],"version-history":[{"count":12,"href":"http:\/\/www.eloriente.net\/home\/wp-json\/wp\/v2\/posts\/25031\/revisions"}],"predecessor-version":[{"id":25050,"href":"http:\/\/www.eloriente.net\/home\/wp-json\/wp\/v2\/posts\/25031\/revisions\/25050"}],"wp:featuredmedia":[{"embeddable":true,"href":"http:\/\/www.eloriente.net\/home\/wp-json\/wp\/v2\/media\/25052"}],"wp:attachment":[{"href":"http:\/\/www.eloriente.net\/home\/wp-json\/wp\/v2\/media?parent=25031"}],"wp:term":[{"taxonomy":"category","embeddable":true,"href":"http:\/\/www.eloriente.net\/home\/wp-json\/wp\/v2\/categories?post=25031"},{"taxonomy":"post_tag","embeddable":true,"href":"http:\/\/www.eloriente.net\/home\/wp-json\/wp\/v2\/tags?post=25031"}],"curies":[{"name":"wp","href":"https:\/\/api.w.org\/{rel}","templated":true}]}}