{"id":25035,"date":"2014-04-30T07:53:52","date_gmt":"2014-04-30T13:53:52","guid":{"rendered":"http:\/\/www.eloriente.net\/home\/?p=25035"},"modified":"2014-04-30T07:56:00","modified_gmt":"2014-04-30T13:56:00","slug":"presentan-libros-sobre-estudios-del-jaguar-en-oaxaca","status":"publish","type":"post","link":"http:\/\/www.eloriente.net\/home\/2014\/04\/30\/presentan-libros-sobre-estudios-del-jaguar-en-oaxaca\/","title":{"rendered":"Presentan libros sobre estudios del jaguar en Oaxaca"},"content":{"rendered":"<p>eloriente.net\/<a href=\"http:\/\/www.uabjo.mx\" target=\"_blank\">UABJO<\/a><\/p>\n<p>30 de abril de 2014<\/p>\n<p>La Direcci\u00f3n de Arte y Cultura de la Universidad Aut\u00f3noma \u201cBenito Ju\u00e1rez\u201d de Oaxaca (UABJO) llev\u00f3 a cabo la presentaci\u00f3n de los libros \u201cEl Jaguar en Oaxaca\u201d y \u201cEstudios del Jaguar en Oaxaca\u201d, los cuales fueron previamente distribuidos durante el Congreso de Ciudades Patrimonio a cada uno de los estados participantes.<\/p>\n<p>Al evento se dio cita la secretaria general de la UABJO, Leticia Eugenia Mendoza Toro en representaci\u00f3n del rector Eduardo Mart\u00ednez Helmes; el director de Servicios Escolares, Carlos Benito Garc\u00eda Cort\u00e9z; la directora de la Escuela de Ciencias, Ishtar Gema Hern\u00e1ndez Calvo y el titular de la Direcci\u00f3n de Arte y Cultura, Flavio Morales Cruz.<\/p>\n<p>En estos libros dan cuenta de las investigaciones realizadas a lo largo de 10 a\u00f1os sobre la existencia del jaguar en zonas oaxaque\u00f1as, a partir del ejemplar que se present\u00f3 en el 2005 en inmediaciones del municipio de Tlacolula de Matamores, se desataron una serie de eventos por parte de la Sociedad Civil y Cuerpos Acad\u00e9micos de la UABJO, al igual que otras universidades del pa\u00eds, con la finalidad de revalorar el papel de este ejemplar dentro de nuestra cultura.<\/p>\n<p>Un grupo de investigadores locales se dedicaron a hacer trabajo de campo sobre las condiciones de esta poblaciones y de ah\u00ed se deriv\u00f3 la publicaci\u00f3n de estos libros, cuyo coordinador editorial es el Doctor Alfonso Aquino Mondrag\u00f3n, quien se mostr\u00f3 preocupado por la indiferencia que causan este tipo de fen\u00f3menos naturales en los j\u00f3venes, ya que cada d\u00eda se sumergen en el mundo de la tecnolog\u00eda y no ven lo que sucede alrededor.<\/p>\n<p>Uno de los colaboradores es el profesor de la Licenciatura en Biolog\u00eda de la Escuela de Ciencias, Antonio S\u00e1nchez V\u00e1zquez, as\u00ed como participantes de la Escuela de Medicina Veterinaria y Zootecnia, tambi\u00e9n se encuentran como coeditores Marco Antonio Huerta Garc\u00eda, algunos fot\u00f3grafos como Jorge Douglas Brandom Pliego, Nadir Hern\u00e1ndez Quiroz; y con colaboraci\u00f3n del maestro Francisco Toledo y el artista Jes\u00fas Antonio Dom\u00ednguez, entre otros.<\/p>\n<p>En casi 300 p\u00e1ginas se muestra al jaguar en sus diferentes formas y comportamientos dentro de su h\u00e1bitat natural y en cautiverio como los que se encuentran en el zool\u00f3gico del Yaguar Xoo y dentro de otras 300 p\u00e1ginas podremos adentrarnos a la historia y misticismo de estos animales as\u00ed como las tareas que se han llevado a cabo para su manejo, conservaci\u00f3n y mantenimiento.<\/p>\n<p>&nbsp;<\/p>\n<p><a href=\"http:\/\/www.eloriente.net\/home\/wp-content\/uploads\/2014\/04\/Jaguar-Por-UABJO.jpg\"><img loading=\"lazy\" decoding=\"async\" class=\"alignnone size-medium wp-image-25036\" title=\"Jaguar-Por UABJO\" src=\"http:\/\/www.eloriente.net\/home\/wp-content\/uploads\/2014\/04\/Jaguar-Por-UABJO-300x200.jpg\" alt=\"\" width=\"300\" height=\"200\" srcset=\"http:\/\/www.eloriente.net\/home\/wp-content\/uploads\/2014\/04\/Jaguar-Por-UABJO-300x200.jpg 300w, http:\/\/www.eloriente.net\/home\/wp-content\/uploads\/2014\/04\/Jaguar-Por-UABJO-1024x682.jpg 1024w, http:\/\/www.eloriente.net\/home\/wp-content\/uploads\/2014\/04\/Jaguar-Por-UABJO.jpg 1110w\" sizes=\"(max-width: 300px) 100vw, 300px\" \/><\/a><\/p>\n<p>Foto: UABJO<\/p>\n<p>&nbsp;<\/p>\n<p><strong>Entradas relacionadas:<\/strong><\/p>\n<p><a title=\"Permalink to Una mirada al pasado: \u201cLos directores del IEEPO\u201d\" href=\"http:\/\/www.eloriente.net\/home\/2014\/04\/28\/una-mirada-al-pasado-los-directores-del-ieepo\/\" rel=\"bookmark\">Una mirada al pasado: \u201cLos directores del IEEPO\u201d<\/a><\/p>\n<p><a href=\"http:\/\/www.eloriente.net\/home\/2014\/04\/28\/una-mirada-al-pasado-los-directores-del-ieepo\/\" rel=\"bookmark\"><img decoding=\"async\" title=\"Una mirada al pasado: \u201cLos directores del IEEPO\u201d\" src=\"http:\/\/www.eloriente.net\/home\/wp-content\/themes\/city-desk\/timthumb.php?src=http%3A%2F%2Fwww.eloriente.net%2Fhome%2Fwp-content%2Fuploads%2F2014%2F01%2FHomenaje-a-la-bandera.jpg&amp;q=90&amp;w=160&amp;h=106&amp;zc=1\" alt=\"Una mirada al pasado: \u201cLos directores del IEEPO\u201d\" \/><\/a><\/p>\n<p>eloriente.net 28 de abril de 2014 Desde su fundaci\u00f3n el Instituto Estatal de Educaci\u00f3n P\u00fablica de Oaxaca (IEEPO) en 1992, \u00f3rgano responsable de ejecutar los Programas Educativos Nacionales dentro del sector educativo estatal, se ha visto afectado por una serie de conflictos tanto internos como externos, debido a intereses pol\u00edticos, econ\u00f3micos y sociales que existen [&#8230;]<\/p>\n<p>April 28, 2014<\/p>\n<div id=\"post-24881\">\n<p><a title=\"Permalink to 28\/Abr\/14 19:30 Presentaci\u00f3n del libro \u2018Efem\u00e9rides Oaxaque\u00f1as\u2019\" href=\"http:\/\/www.eloriente.net\/home\/2014\/04\/25\/28abr14-1930-presentacion-del-libro-efemerides-oaxaquenas\/\" rel=\"bookmark\">28\/Abr\/14 19:30 Presentaci\u00f3n del libro \u2018Efem\u00e9rides Oaxaque\u00f1as\u2019<\/a><\/p>\n<p><a href=\"http:\/\/www.eloriente.net\/home\/2014\/04\/25\/28abr14-1930-presentacion-del-libro-efemerides-oaxaquenas\/\" rel=\"bookmark\"><img decoding=\"async\" title=\"28\/Abr\/14 19:30 Presentaci\u00f3n del libro \u2018Efem\u00e9rides Oaxaque\u00f1as\u2019\" src=\"http:\/\/www.eloriente.net\/home\/wp-content\/themes\/city-desk\/timthumb.php?src=http%3A%2F%2Fwww.eloriente.net%2Fhome%2Fwp-content%2Fuploads%2F2014%2F04%2FEfem-Oax-Agenda.jpg&amp;q=90&amp;w=160&amp;h=106&amp;zc=1\" alt=\"28\/Abr\/14 19:30 Presentaci\u00f3n del libro \u2018Efem\u00e9rides Oaxaque\u00f1as\u2019\" \/><\/a><\/p>\n<p>eloriente.net 25 de marzo de 2014 En el marco de actividades de celebraci\u00f3n del 482\u00ba Aniversario del elevamiento de la Villa de Antequera a rango de ciudad,\u00a0se llevar\u00e1 a cabo la presentaci\u00f3n del libro \u2018Efem\u00e9rides Oaxaque\u00f1as\u2019 del cronista de la capital oaxaque\u00f1a, Rub\u00e9n Vasconcelos Beltr\u00e1n. Dicho libro contiene una serie de registros de los hechos [&#8230;]<\/p>\n<p>April 25, 2014<\/p>\n<\/div>\n<div id=\"post-24701\">\n<p><a title=\"Permalink to Se conforma grupo de donadores voluntarios de sangre para ni\u00f1os con c\u00e1ncer\" href=\"http:\/\/www.eloriente.net\/home\/2014\/04\/22\/se-conforma-grupo-de-donadores-voluntarios-de-sangre-para-ninos-con-cancer\/\" rel=\"bookmark\">Se conforma grupo de donadores voluntarios de sangre para ni\u00f1os con c\u00e1ncer<\/a><\/p>\n<p><a href=\"http:\/\/www.eloriente.net\/home\/2014\/04\/22\/se-conforma-grupo-de-donadores-voluntarios-de-sangre-para-ninos-con-cancer\/\" rel=\"bookmark\"><img decoding=\"async\" title=\"Se conforma grupo de donadores voluntarios de sangre para ni\u00f1os con c\u00e1ncer\" src=\"http:\/\/www.eloriente.net\/home\/wp-content\/themes\/city-desk\/timthumb.php?src=http%3A%2F%2Fwww.eloriente.net%2Fhome%2Fwp-content%2Fuploads%2F2014%2F04%2FDonaci%C3%B3n-Por-UABJO.jpg&amp;q=90&amp;w=160&amp;h=106&amp;zc=1\" alt=\"Se conforma grupo de donadores voluntarios de sangre para ni\u00f1os con c\u00e1ncer\" \/><\/a><\/p>\n<p>eloriente.net\/UABJO 22 de abril de 2014 Con el objetivo de contribuir al bienestar de ni\u00f1os enfermos de c\u00e1ncer, la Facultad de Medicina y Cirug\u00eda de la Universidad Aut\u00f3noma \u201cBenito Ju\u00e1rez\u201d de Oaxaca (CUABJO) organiz\u00f3, en coordinaci\u00f3n con Morando Bajo la Esperanza A.C, la conferencia \u201cDetecci\u00f3n oportuna del c\u00e1ncer infantil\u201d impartida por la Dra. Karla Lorena [&#8230;]<\/p>\n<p>April 22, 2014<\/p>\n<\/div>\n\n\t\t\t  <div \n\t\t\t  \tclass = \"fb-comments\" \n\t\t\t  \tdata-href = \"http:\/\/www.eloriente.net\/home\/2014\/04\/30\/presentan-libros-sobre-estudios-del-jaguar-en-oaxaca\/\"\n\t\t\t  \tdata-numposts = \"10\"\n\t\t\t\tdata-colorscheme = \"dark\"\n\t\t\t\tdata-order-by = \"social\"\n\t\t\t\tdata-mobile=true>\n\t\t\t  <\/div>\n\t\t  <style>\n\t\t\t.fb_iframe_widget_fluid_desktop iframe {\n\t\t\t    width: 100% !important;\n\t\t\t}\n\t\t  <\/style>\n\t\t  ","protected":false},"excerpt":{"rendered":"<p>eloriente.net\/UABJO 30 de abril de 2014 La Direcci\u00f3n de Arte y Cultura de la Universidad Aut\u00f3noma \u201cBenito Ju\u00e1rez\u201d de Oaxaca (UABJO) llev\u00f3 a cabo la presentaci\u00f3n de los libros \u201cEl Jaguar en Oaxaca\u201d y \u201cEstudios del Jaguar en Oaxaca\u201d, los cuales fueron previamente distribuidos durante el Congreso de Ciudades Patrimonio a cada uno de los [&hellip;]<\/p>\n","protected":false},"author":26,"featured_media":25036,"comment_status":"open","ping_status":"open","sticky":false,"template":"","format":"standard","meta":{"_jetpack_memberships_contains_paid_content":false,"footnotes":""},"categories":[18,32,63,10,20,464,84],"tags":[1114,241,463,1113,1112,350,958],"class_list":["post-25035","post","type-post","status-publish","format-standard","has-post-thumbnail","hentry","category-educacion-y-cultura","category-entradas","category-estados","category-lo-mas-reciente","category-medio-ambiente","category-oaxaca-estados","category-universidades","tag-animales","tag-cultura","tag-estudios","tag-investigaciones","tag-jaguar","tag-libros","tag-naturaleza"],"jetpack_featured_media_url":"http:\/\/www.eloriente.net\/home\/wp-content\/uploads\/2014\/04\/Jaguar-Por-UABJO.jpg","jetpack_sharing_enabled":true,"_links":{"self":[{"href":"http:\/\/www.eloriente.net\/home\/wp-json\/wp\/v2\/posts\/25035"}],"collection":[{"href":"http:\/\/www.eloriente.net\/home\/wp-json\/wp\/v2\/posts"}],"about":[{"href":"http:\/\/www.eloriente.net\/home\/wp-json\/wp\/v2\/types\/post"}],"author":[{"embeddable":true,"href":"http:\/\/www.eloriente.net\/home\/wp-json\/wp\/v2\/users\/26"}],"replies":[{"embeddable":true,"href":"http:\/\/www.eloriente.net\/home\/wp-json\/wp\/v2\/comments?post=25035"}],"version-history":[{"count":4,"href":"http:\/\/www.eloriente.net\/home\/wp-json\/wp\/v2\/posts\/25035\/revisions"}],"predecessor-version":[{"id":25039,"href":"http:\/\/www.eloriente.net\/home\/wp-json\/wp\/v2\/posts\/25035\/revisions\/25039"}],"wp:featuredmedia":[{"embeddable":true,"href":"http:\/\/www.eloriente.net\/home\/wp-json\/wp\/v2\/media\/25036"}],"wp:attachment":[{"href":"http:\/\/www.eloriente.net\/home\/wp-json\/wp\/v2\/media?parent=25035"}],"wp:term":[{"taxonomy":"category","embeddable":true,"href":"http:\/\/www.eloriente.net\/home\/wp-json\/wp\/v2\/categories?post=25035"},{"taxonomy":"post_tag","embeddable":true,"href":"http:\/\/www.eloriente.net\/home\/wp-json\/wp\/v2\/tags?post=25035"}],"curies":[{"name":"wp","href":"https:\/\/api.w.org\/{rel}","templated":true}]}}