{"id":25056,"date":"2014-04-30T17:18:05","date_gmt":"2014-04-30T23:18:05","guid":{"rendered":"http:\/\/www.eloriente.net\/home\/?p=25056"},"modified":"2014-04-30T17:19:39","modified_gmt":"2014-04-30T23:19:39","slug":"escucha-a-galileo-robles-xochitl-cruz-fernando-mino-y-jose-laz-en-todo-oaxaca-radio-29abr14","status":"publish","type":"post","link":"http:\/\/www.eloriente.net\/home\/2014\/04\/30\/escucha-a-galileo-robles-xochitl-cruz-fernando-mino-y-jose-laz-en-todo-oaxaca-radio-29abr14\/","title":{"rendered":"Escucha a Galileo Robles, X\u00f3chitl Cruz, Fernando Mino y Jos\u00e9 Laz en Todo Oaxaca Radio 29\/Abr\/14"},"content":{"rendered":"<p>todooaxacaradio.com<\/p>\n<p>30 de abril de 2014<\/p>\n<p>Como cada martes, en punto de las 17:00 horas se transmiti\u00f3 el programa Todo Oaxaca Radio completamente en vivo desde la Ciudad de Oaxaca de Ju\u00e1rez, a trav\u00e9s de las frecuencias abiertas 570 AM, 94.9 FM y para todo el mundo a trav\u00e9s de www.todooaxacaradio.com.<\/p>\n<p>El programa es conducido por Rub\u00e9n Vasconcelos Beltr\u00e1n, cronista de la Ciudad de Oaxaca, as\u00ed como Guadalupe Zarza Brise\u00f1o, reconocida empresaria y representante de la sociedad civil.<\/p>\n<p><strong>Nuestros temas e invitados del 29 de abril de 2014<\/strong><\/p>\n<p>En esta quinta y \u00faltima emisi\u00f3n de abril de 2014, charlamos con cuatro personalidades para abordar un tema de inter\u00e9s de car\u00e1cter civil, social y cultural que concierne a nuestra entidad oaxaque\u00f1a \u00bfquieres saber m\u00e1s? Escucha el programa dando click en el reproductor localizado al final de la redacci\u00f3n.<\/p>\n<p><strong>Minuto 01<strong>\u201935<strong>\u2019<\/strong><strong>\u2019<\/strong><\/strong><\/strong><\/p>\n<p>Lic. X\u00f3chitl Cruz Mat\u00edas y Lic. Galileo Robles, mediadores judiciales en el Centro de Justicia Alternativa del Poder Judicial del estado.<\/p>\n<p><em>\u00abLa labor del Centro de Justicia Alternativa es apoyar a las personas que est\u00e1n en un conflicto de car\u00e1cter civil para darle soluci\u00f3n, a trav\u00e9s de un acuerdo de ambas partes\u00bb<\/em><\/p>\n<p><em>\u00abNo todos los problemas son susceptibles de llevarse por medio de la mediaci\u00f3n judicial; un delito grave por ejemplo, no\u00bb<\/em><\/p>\n<p><em>\u00abSi hay voluntad de las partes, en una sesi\u00f3n de mediaci\u00f3n de dos horas se puede dar soluci\u00f3n a un conflicto planteado\u00bb<\/em><\/p>\n<p><em>\u00abDe esta forma el ciudadano no desgasta de manera econ\u00f3mica y emocional. Un juicio puede durar de uno hasta 10 a\u00f1os\u00bb<\/em><\/p>\n<p><em>\u00abLas personas que decidan hacer uso de la mediaci\u00f3n judicial pueden asistir al Centro de Justicia Alternativa, ubicado en la calle de Madero No. 908, donde se evaluar\u00e1 el caso\u00bb<\/em><\/p>\n<p>&nbsp;<\/p>\n<p><a href=\"http:\/\/www.eloriente.net\/home\/wp-content\/uploads\/2014\/04\/Robles-y-Cruz.jpg\"><img loading=\"lazy\" decoding=\"async\" class=\"size-medium wp-image-25058 aligncenter\" title=\"Robles-y-Cruz\" src=\"http:\/\/www.eloriente.net\/home\/wp-content\/uploads\/2014\/04\/Robles-y-Cruz-300x208.jpg\" alt=\"\" width=\"300\" height=\"208\" srcset=\"http:\/\/www.eloriente.net\/home\/wp-content\/uploads\/2014\/04\/Robles-y-Cruz-300x208.jpg 300w, http:\/\/www.eloriente.net\/home\/wp-content\/uploads\/2014\/04\/Robles-y-Cruz-1024x710.jpg 1024w\" sizes=\"(max-width: 300px) 100vw, 300px\" \/><\/a><\/p>\n<p>&nbsp;<\/p>\n<p><strong>Minuto 18\u201914<strong>\u2019<strong>\u2019<\/strong><\/strong><\/strong><\/p>\n<p>Fernando Mino y Ulises Aquino, miembros de la organizaci\u00f3n Impact Hub Oaxaca.<\/p>\n<p><em>\u00abPresentamos ayer el programa &#8216;Impact Hub Fellowship, para una vida larga y plena&#8217;, en el que estamos ofreciendo capital para quien tenga un proyecto innovador que tenga que ver con envejecimiento saludable\u00bb<\/em><\/p>\n<p><em>\u00abEste programa surge tras un\u00a0diagn\u00f3stico\u00a0muy claro: en 30 a\u00f1os en M\u00e9xico habr\u00e1n 36 millones de personas mayores de 70 a\u00f1os\u00bb<\/em><\/p>\n<p><em>\u00abQueremos empezar a dar soluciones \u00bfqu\u00e9 podemos hacer ahora para que las personas de la tercera edad tengan las condiciones para vivir bien?\u00bb<\/em><\/p>\n<p><em>\u00abDeseamos motivar a las personas para que cuando lleguen a la tercera edad sigan activas y aportando a la sociedad a trav\u00e9s de actividades laborales o de esparcimiento\u00bb<\/em><\/p>\n<p><em>\u00abLas bases del concurso pueden consultarlo en <a href=\"http:\/\/www.huboaxaca.org\/vidaplena\" target=\"_blank\">www.huboaxaca.org\/vidaplena<\/a> o al correo electr\u00f3nico ulises.aquino@huboaxaca.org. Hay m\u00e1s de 260 mil de pesos de inversi\u00f3n para el proyecto ganador\u00bb<\/em><\/p>\n<p>&nbsp;<\/p>\n<p><a href=\"http:\/\/www.eloriente.net\/home\/wp-content\/uploads\/2014\/04\/Hub-Oaxaca.jpg\"><img loading=\"lazy\" decoding=\"async\" class=\"aligncenter\" style=\"-webkit-user-select: none; cursor: -webkit-zoom-in;\" src=\"http:\/\/www.eloriente.net\/home\/wp-content\/uploads\/2014\/04\/Hub-Oaxaca.jpg\" alt=\"\" width=\"314\" height=\"217\" \/><\/a><\/p>\n<p>&nbsp;<\/p>\n<p><strong>Minuto 30\u201948<strong>\u2019<strong>\u2019<\/strong><\/strong><\/strong><\/p>\n<p>Jos\u00e9 Laz \u00abel cubano\u00bb, ex beisbolista y oriundo del Barrio de Jalatlaco<\/p>\n<p><em>\u00abCasi todos los de Jalatlaco fueron deportistas, jugaban b\u00e9isbol\u00bb<\/em><\/p>\n<p><em>\u00abRecib\u00ed el apodo de &#8216;el cubano&#8217; en un partido contra Xochimilco en donde ahora es el jard\u00edn Conzatti, donde hice un homerun y mis compa\u00f1eros me dijeron que bate\u00e9 como un cubano\u00bb<\/em><\/p>\n<p>&nbsp;<\/p>\n<p><a href=\"http:\/\/www.eloriente.net\/home\/wp-content\/uploads\/2014\/04\/Jos%C3%A9-Laz.jpg\"><img loading=\"lazy\" decoding=\"async\" class=\"aligncenter\" style=\"-webkit-user-select: none; cursor: -webkit-zoom-in;\" src=\"http:\/\/www.eloriente.net\/home\/wp-content\/uploads\/2014\/04\/Jos%C3%A9-Laz.jpg\" alt=\"\" width=\"316\" height=\"217\" \/><\/a><\/p>\n<p>&nbsp;<\/p>\n<p><iframe loading=\"lazy\" src=\"http:\/\/www.ivoox.com\/player_ek_3074110_2_1.html?data=lJWklpaVdI6ZmKial5iJd6KnlZKSmaiRdo6ZmKiakpKJe6ShkZKSmaiRmNDY0JC8w93Fp8Kfs8bRy9SPdpqZk6uuxNeJdqellZKSmaiRmNDY0JC8w93Fp8Kfs8bRy9SRaZi3jpk%3D&amp;\" frameborder=\"0\" scrolling=\"no\" width=\"238\" height=\"48\"><\/iframe><\/p>\n<p>&nbsp;<\/p>\n<p><strong>Entradas relacionadas:<\/strong><\/p>\n<p><a title=\"Permalink to Escucha a Jorge Machorro y Jaime Katz en Todo Oaxaca Radio 22\/Abr\/14\" href=\"http:\/\/www.eloriente.net\/home\/2014\/04\/23\/escucha-a-jorge-machorro-y-jaime-katz-en-todo-oaxaca-radio-22abr14\/\" rel=\"bookmark\">Escucha a Jorge Machorro y Jaime Katz en Todo Oaxaca Radio 22\/Abr\/14<\/a><\/p>\n<p><a href=\"http:\/\/www.eloriente.net\/home\/2014\/04\/23\/escucha-a-jorge-machorro-y-jaime-katz-en-todo-oaxaca-radio-22abr14\/\" rel=\"bookmark\"><img decoding=\"async\" title=\"Escucha a Jorge Machorro y Jaime Katz en Todo Oaxaca Radio 22\/Abr\/14\" src=\"http:\/\/www.eloriente.net\/home\/wp-content\/themes\/city-desk\/timthumb.php?src=http%3A%2F%2Fwww.eloriente.net%2Fhome%2Fwp-content%2Fuploads%2F2014%2F04%2FKatz-Machorro.jpg&amp;q=90&amp;w=160&amp;h=106&amp;zc=1\" alt=\"Escucha a Jorge Machorro y Jaime Katz en Todo Oaxaca Radio 22\/Abr\/14\" \/><\/a><\/p>\n<p>todooaxacaradio.com 23 de abril de 2014 Como cada martes, en punto de las 17:00 horas se transmiti\u00f3 el programa Todo Oaxaca Radio completamente en vivo desde la Ciudad de Oaxaca de Ju\u00e1rez, a trav\u00e9s de las frecuencias abiertas 570 AM, 94.9 FM y para todo el mundo a trav\u00e9s de www.todooaxacaradio.com. El programa es conducido [&#8230;]<\/p>\n<p>April 23, 2014<\/p>\n<div id=\"post-24522\">\n<p><a title=\"Permalink to Escucha a Yannik Gonz\u00e1lez, Oscar Morales y Enrique Guajiro en Todo Oaxaca Radio 15\/Abr\/14\" href=\"http:\/\/www.eloriente.net\/home\/2014\/04\/17\/escucha-a-yannik-gonzalez-oscar-morales-y-enrique-guajiro-en-todo-oaxaca-radio-15abr14\/\" rel=\"bookmark\">Escucha a Yannik Gonz\u00e1lez, Oscar Morales y Enrique Guajiro en Todo Oaxaca Radio 15\/Abr\/14<\/a><\/p>\n<p><a href=\"http:\/\/www.eloriente.net\/home\/2014\/04\/17\/escucha-a-yannik-gonzalez-oscar-morales-y-enrique-guajiro-en-todo-oaxaca-radio-15abr14\/\" rel=\"bookmark\"><img decoding=\"async\" title=\"Escucha a Yannik Gonz\u00e1lez, Oscar Morales y Enrique Guajiro en Todo Oaxaca Radio 15\/Abr\/14\" src=\"http:\/\/www.eloriente.net\/home\/wp-content\/themes\/city-desk\/timthumb.php?src=http%3A%2F%2Fwww.eloriente.net%2Fhome%2Fwp-content%2Fuploads%2F2014%2F04%2FYannik-y-Oscar.jpg&amp;q=90&amp;w=160&amp;h=106&amp;zc=1\" alt=\"Escucha a Yannik Gonz\u00e1lez, Oscar Morales y Enrique Guajiro en Todo Oaxaca Radio 15\/Abr\/14\" \/><\/a><\/p>\n<p>todooaxacaradio.com 17 de abril de 2014 Como cada martes, en punto de las 17:00 horas se transmiti\u00f3 el programa Todo Oaxaca Radio completamente en vivo desde la Ciudad de Oaxaca de Ju\u00e1rez, a trav\u00e9s de las frecuencias abiertas 570 AM, 94.9 FM y para todo el mundo a trav\u00e9s de www.todooaxacaradio.com. El programa es conducido [&#8230;]<\/p>\n<p>April 17, 2014<\/p>\n<\/div>\n<div id=\"post-24027\">\n<p><a title=\"Permalink to Escucha a Dora Vera y \u00darsula Woolrich en Todo Oaxaca Radio 8\/Abr\/14\" href=\"http:\/\/www.eloriente.net\/home\/2014\/04\/09\/escucha-a-dora-vera-y-ursula-woolrich-en-todo-oaxaca-radio-8abr14\/\" rel=\"bookmark\">Escucha a Dora Vera y \u00darsula Woolrich en Todo Oaxaca Radio 8\/Abr\/14<\/a><\/p>\n<p><a href=\"http:\/\/www.eloriente.net\/home\/2014\/04\/09\/escucha-a-dora-vera-y-ursula-woolrich-en-todo-oaxaca-radio-8abr14\/\" rel=\"bookmark\"><img decoding=\"async\" title=\"Escucha a Dora Vera y \u00darsula Woolrich en Todo Oaxaca Radio 8\/Abr\/14\" src=\"http:\/\/www.eloriente.net\/home\/wp-content\/themes\/city-desk\/timthumb.php?src=http%3A%2F%2Fwww.eloriente.net%2Fhome%2Fwp-content%2Fuploads%2F2014%2F04%2FDora-Mar%C3%ADa.jpg&amp;q=90&amp;w=160&amp;h=106&amp;zc=1\" alt=\"Escucha a Dora Vera y \u00darsula Woolrich en Todo Oaxaca Radio 8\/Abr\/14\" \/><\/a><\/p>\n<p>todooaxacaradio.com 9 de abril de 2014 Como cada martes, en punto de las 17:00 horas se transmiti\u00f3 el programa Todo Oaxaca Radio completamente en vivo desde la Ciudad de Oaxaca de Ju\u00e1rez, a trav\u00e9s de las frecuencias abiertas 570 AM, 94.9 FM y para todo el mundo a trav\u00e9s de www.todooaxacaradio.com. El programa es conducido [&#8230;]<\/p>\n<p>April 9, 2014<\/p>\n<\/div>\n\n\t\t\t  <div \n\t\t\t  \tclass = \"fb-comments\" \n\t\t\t  \tdata-href = \"http:\/\/www.eloriente.net\/home\/2014\/04\/30\/escucha-a-galileo-robles-xochitl-cruz-fernando-mino-y-jose-laz-en-todo-oaxaca-radio-29abr14\/\"\n\t\t\t  \tdata-numposts = \"10\"\n\t\t\t\tdata-colorscheme = \"dark\"\n\t\t\t\tdata-order-by = \"social\"\n\t\t\t\tdata-mobile=true>\n\t\t\t  <\/div>\n\t\t  <style>\n\t\t\t.fb_iframe_widget_fluid_desktop iframe {\n\t\t\t    width: 100% !important;\n\t\t\t}\n\t\t  <\/style>\n\t\t  ","protected":false},"excerpt":{"rendered":"<p>todooaxacaradio.com 30 de abril de 2014 Como cada martes, en punto de las 17:00 horas se transmiti\u00f3 el programa Todo Oaxaca Radio completamente en vivo desde la Ciudad de Oaxaca de Ju\u00e1rez, a trav\u00e9s de las frecuencias abiertas 570 AM, 94.9 FM y para todo el mundo a trav\u00e9s de www.todooaxacaradio.com. El programa es conducido [&hellip;]<\/p>\n","protected":false},"author":26,"featured_media":25058,"comment_status":"open","ping_status":"open","sticky":false,"template":"","format":"standard","meta":{"_jetpack_memberships_contains_paid_content":false,"footnotes":""},"categories":[32,63,464,12],"tags":[1084,322,1118,1117,73,330,415],"class_list":["post-25056","post","type-post","status-publish","format-standard","has-post-thumbnail","hentry","category-entradas","category-estados","category-oaxaca-estados","category-todo-oaxaca-radio","tag-efemerides","tag-hub","tag-jalatlaco","tag-mediacion","tag-oaxaca","tag-radio","tag-todo"],"jetpack_featured_media_url":"http:\/\/www.eloriente.net\/home\/wp-content\/uploads\/2014\/04\/Robles-y-Cruz.jpg","jetpack_sharing_enabled":true,"_links":{"self":[{"href":"http:\/\/www.eloriente.net\/home\/wp-json\/wp\/v2\/posts\/25056"}],"collection":[{"href":"http:\/\/www.eloriente.net\/home\/wp-json\/wp\/v2\/posts"}],"about":[{"href":"http:\/\/www.eloriente.net\/home\/wp-json\/wp\/v2\/types\/post"}],"author":[{"embeddable":true,"href":"http:\/\/www.eloriente.net\/home\/wp-json\/wp\/v2\/users\/26"}],"replies":[{"embeddable":true,"href":"http:\/\/www.eloriente.net\/home\/wp-json\/wp\/v2\/comments?post=25056"}],"version-history":[{"count":6,"href":"http:\/\/www.eloriente.net\/home\/wp-json\/wp\/v2\/posts\/25056\/revisions"}],"predecessor-version":[{"id":25075,"href":"http:\/\/www.eloriente.net\/home\/wp-json\/wp\/v2\/posts\/25056\/revisions\/25075"}],"wp:featuredmedia":[{"embeddable":true,"href":"http:\/\/www.eloriente.net\/home\/wp-json\/wp\/v2\/media\/25058"}],"wp:attachment":[{"href":"http:\/\/www.eloriente.net\/home\/wp-json\/wp\/v2\/media?parent=25056"}],"wp:term":[{"taxonomy":"category","embeddable":true,"href":"http:\/\/www.eloriente.net\/home\/wp-json\/wp\/v2\/categories?post=25056"},{"taxonomy":"post_tag","embeddable":true,"href":"http:\/\/www.eloriente.net\/home\/wp-json\/wp\/v2\/tags?post=25056"}],"curies":[{"name":"wp","href":"https:\/\/api.w.org\/{rel}","templated":true}]}}