{"id":25068,"date":"2014-04-30T12:53:13","date_gmt":"2014-04-30T18:53:13","guid":{"rendered":"http:\/\/www.eloriente.net\/home\/?p=25068"},"modified":"2014-04-30T15:56:51","modified_gmt":"2014-04-30T21:56:51","slug":"30abr14-en-vivo-sesion-del-senado-de-la-republica","status":"publish","type":"post","link":"http:\/\/www.eloriente.net\/home\/2014\/04\/30\/30abr14-en-vivo-sesion-del-senado-de-la-republica\/","title":{"rendered":"30\/Abr\/14 En vivo: Sesi\u00f3n del Senado de la Rep\u00fablica"},"content":{"rendered":"<p>eloriente.net\/<a href=\"http:\/\/www.senado.gob.mx\/\" target=\"_blank\">Senado de la Rep\u00fablica<\/a><\/p>\n<p>30 de abril de 2014<\/p>\n<p>Conscientes de su importancia para la vida de la comunidad, nos enlazamos con la se\u00f1al del Senado de la Rep\u00fablica para la sesi\u00f3n ordinaria de este d\u00eda.<\/p>\n<p>Para verificar el orden del d\u00eda de la sesi\u00f3n de hoy, da click a la siguiente <a href=\"http:\/\/www.senado.gob.mx\/?ver=sp&amp;mn=2&amp;sm=2&amp;id=47272\" target=\"_blank\">liga<\/a>.<\/p>\n<p>&nbsp;<\/p>\n<p><iframe loading=\"lazy\" src=\"\/\/www.youtube.com\/embed\/v-Xwe9TK_SI\" frameborder=\"0\" width=\"560\" height=\"315\"><\/iframe><\/p>\n<p>Video: <a dir=\"ltr\" href=\"https:\/\/www.youtube.com\/user\/SenadoLXILegislatura\" data-sessionlink=\"feature=watch&amp;ei=A9tfU-KHI9Tz-QPb9YG4CQ\" data-ytid=\"UCoeJxDc717MNVJtUsQW20Qg\" data-name=\"watch\">Senado de M\u00e9xico.<\/a><\/p>\n<p>&nbsp;<\/p>\n<p><a href=\"http:\/\/www.eloriente.net\/home\/wp-content\/uploads\/2013\/12\/senado1.jpg\"><img loading=\"lazy\" decoding=\"async\" class=\"alignnone size-medium wp-image-18543\" title=\"senado\" src=\"http:\/\/www.eloriente.net\/home\/wp-content\/uploads\/2013\/12\/senado1-300x174.jpg\" alt=\"\" width=\"300\" height=\"174\" srcset=\"http:\/\/www.eloriente.net\/home\/wp-content\/uploads\/2013\/12\/senado1-300x174.jpg 300w, http:\/\/www.eloriente.net\/home\/wp-content\/uploads\/2013\/12\/senado1.jpg 944w\" sizes=\"(max-width: 300px) 100vw, 300px\" \/><\/a><\/p>\n<p>Foto: Senado de la Rep\u00fablica<\/p>\n<p>&nbsp;<\/p>\n<p><strong>Entradas relacionadas:<\/strong><\/p>\n<p><a title=\"Permalink to Reconocen a ciudadanos distinguidos que han engrandecido a Oaxaca de Ju\u00e1rez\" href=\"http:\/\/www.eloriente.net\/home\/2014\/04\/26\/reconocen-a-ciudadanos-distinguidos-que-han-engrandecido-a-oaxaca-de-juarez\/\" rel=\"bookmark\">Reconocen a ciudadanos distinguidos que han engrandecido a Oaxaca de Ju\u00e1rez<\/a><\/p>\n<p><a href=\"http:\/\/www.eloriente.net\/home\/2014\/04\/26\/reconocen-a-ciudadanos-distinguidos-que-han-engrandecido-a-oaxaca-de-juarez\/\" rel=\"bookmark\"><img decoding=\"async\" title=\"Reconocen a ciudadanos distinguidos que han engrandecido a Oaxaca de Ju\u00e1rez\" src=\"http:\/\/www.eloriente.net\/home\/wp-content\/themes\/city-desk\/timthumb.php?src=http%3A%2F%2Fwww.eloriente.net%2Fhome%2Fwp-content%2Fuploads%2F2014%2F04%2FSesi%C3%B3n-Solemne-Principal-Por-Municipio-de-Oaxaca.jpg&amp;q=90&amp;w=160&amp;h=106&amp;zc=1\" alt=\"Reconocen a ciudadanos distinguidos que han engrandecido a Oaxaca de Ju\u00e1rez\" \/><\/a><\/p>\n<p>eloriente.net\/Municipio de Oaxaca 26 de abril de 2014 Durante una sesi\u00f3n solemne enmarcada en el 482 aniversario de la ciudad, entregan reconocimientos a 9 ciudadanos distinguidos. En sesi\u00f3n solemne de cabildo enmarcada en el 482 aniversario de la ciudad de Oaxaca de Ju\u00e1rez, el ayuntamiento capitalino rindi\u00f3 un homenaje a 9 ciudadanos oaxaque\u00f1os quienes con [&#8230;]<\/p>\n<p>April 26, 201<\/p>\n<p><a title=\"Permalink to Alcanzar\u00e1 la industria de la televisi\u00f3n un valor de 750 mil mdd para 2020\" href=\"http:\/\/www.eloriente.net\/home\/2014\/04\/23\/alcanzara-la-industria-de-la-television-un-valor-de-750-mil-mdd-para-2020\/\" rel=\"bookmark\">Alcanzar\u00e1 la industria de la televisi\u00f3n un valor de 750 mil mdd para 2020<\/a><\/p>\n<p><a href=\"http:\/\/www.eloriente.net\/home\/2014\/04\/23\/alcanzara-la-industria-de-la-television-un-valor-de-750-mil-mdd-para-2020\/\" rel=\"bookmark\"><img decoding=\"async\" title=\"Alcanzar\u00e1 la industria de la televisi\u00f3n un valor de 750 mil mdd para 2020\" src=\"http:\/\/www.eloriente.net\/home\/wp-content\/themes\/city-desk\/timthumb.php?src=http%3A%2F%2Fwww.eloriente.net%2Fhome%2Fwp-content%2Fuploads%2F2014%2F04%2FTV-por-internet-Por-Shardayyy.jpg&amp;q=90&amp;w=160&amp;h=106&amp;zc=1\" alt=\"Alcanzar\u00e1 la industria de la televisi\u00f3n un valor de 750 mil mdd para 2020\" \/><\/a><\/p>\n<p>eloriente.net 23 de abril de 2014 En 2020, la industria de la televisi\u00f3n en el mundo alcanzar\u00e1 un valor de 750 mil millones de d\u00f3lares y su consumo incluir\u00e1 a 9 mil millones de personas, as\u00ed lo dio a conocer la firma de telecomunicaciones Ericsson, a trav\u00e9s de su reporte Media Vision 2020, sobre su percepci\u00f3n [&#8230;]<\/p>\n<p>April 23, 2014<\/p>\n<p><a title=\"Permalink to Proponen transici\u00f3n de medios p\u00fablicos estatales a \u00f3rganos aut\u00f3nomos\" href=\"http:\/\/www.eloriente.net\/home\/2014\/04\/16\/proponen-transicion-de-medios-publicos-estatales-a-organos-autonomos\/\" rel=\"bookmark\">Proponen transici\u00f3n de medios p\u00fablicos estatales a \u00f3rganos aut\u00f3nomos<\/a><\/p>\n<p><a href=\"http:\/\/www.eloriente.net\/home\/2014\/04\/16\/proponen-transicion-de-medios-publicos-estatales-a-organos-autonomos\/\" rel=\"bookmark\"><img decoding=\"async\" title=\"Proponen transici\u00f3n de medios p\u00fablicos estatales a \u00f3rganos aut\u00f3nomos\" src=\"http:\/\/www.eloriente.net\/home\/wp-content\/themes\/city-desk\/timthumb.php?src=http%3A%2F%2Fwww.eloriente.net%2Fhome%2Fwp-content%2Fuploads%2F2014%2F04%2FColegio-de-profesionistas.jpg&amp;q=90&amp;w=160&amp;h=106&amp;zc=1\" alt=\"Proponen transici\u00f3n de medios p\u00fablicos estatales a \u00f3rganos aut\u00f3nomos\" \/><\/a><\/p>\n<p>eloriente.net\/Env\u00edo* El Colegio de Profesionistas Compartir Conocimiento AC entreg\u00f3 propuestas de adiciones a la Iniciativa de Decreto de la Ley Federal de Telecomunicaciones y Radiodifusi\u00f3n enviada por el Presidente Enrique Pe\u00f1a Nieto al Congreso de la Uni\u00f3n. El Secretario de la Comisi\u00f3n de Estudios Legislativos del Senado de la Rep\u00fablica tom\u00f3 nota de las observaciones de los asociados. Representados por [&#8230;]<\/p>\n<p>April 16, 2014<\/p>\n\n\t\t\t  <div \n\t\t\t  \tclass = \"fb-comments\" \n\t\t\t  \tdata-href = \"http:\/\/www.eloriente.net\/home\/2014\/04\/30\/30abr14-en-vivo-sesion-del-senado-de-la-republica\/\"\n\t\t\t  \tdata-numposts = \"10\"\n\t\t\t\tdata-colorscheme = \"dark\"\n\t\t\t\tdata-order-by = \"social\"\n\t\t\t\tdata-mobile=true>\n\t\t\t  <\/div>\n\t\t  <style>\n\t\t\t.fb_iframe_widget_fluid_desktop iframe {\n\t\t\t    width: 100% !important;\n\t\t\t}\n\t\t  <\/style>\n\t\t  ","protected":false},"excerpt":{"rendered":"<p>eloriente.net\/Senado de la Rep\u00fablica 30 de abril de 2014 Conscientes de su importancia para la vida de la comunidad, nos enlazamos con la se\u00f1al del Senado de la Rep\u00fablica para la sesi\u00f3n ordinaria de este d\u00eda. Para verificar el orden del d\u00eda de la sesi\u00f3n de hoy, da click a la siguiente liga. &nbsp; Video: [&hellip;]<\/p>\n","protected":false},"author":1,"featured_media":18543,"comment_status":"open","ping_status":"open","sticky":false,"template":"","format":"standard","meta":{"_jetpack_memberships_contains_paid_content":false,"footnotes":""},"categories":[4,32,10,24,21],"tags":[],"class_list":["post-25068","post","type-post","status-publish","format-standard","has-post-thumbnail","hentry","category-canal-2-en-vivo","category-entradas","category-lo-mas-reciente","category-mexico-y-el-mundo","category-politica-y-gobierno"],"jetpack_featured_media_url":"http:\/\/www.eloriente.net\/home\/wp-content\/uploads\/2013\/12\/senado1.jpg","jetpack_sharing_enabled":true,"_links":{"self":[{"href":"http:\/\/www.eloriente.net\/home\/wp-json\/wp\/v2\/posts\/25068"}],"collection":[{"href":"http:\/\/www.eloriente.net\/home\/wp-json\/wp\/v2\/posts"}],"about":[{"href":"http:\/\/www.eloriente.net\/home\/wp-json\/wp\/v2\/types\/post"}],"author":[{"embeddable":true,"href":"http:\/\/www.eloriente.net\/home\/wp-json\/wp\/v2\/users\/1"}],"replies":[{"embeddable":true,"href":"http:\/\/www.eloriente.net\/home\/wp-json\/wp\/v2\/comments?post=25068"}],"version-history":[{"count":1,"href":"http:\/\/www.eloriente.net\/home\/wp-json\/wp\/v2\/posts\/25068\/revisions"}],"predecessor-version":[{"id":25070,"href":"http:\/\/www.eloriente.net\/home\/wp-json\/wp\/v2\/posts\/25068\/revisions\/25070"}],"wp:featuredmedia":[{"embeddable":true,"href":"http:\/\/www.eloriente.net\/home\/wp-json\/wp\/v2\/media\/18543"}],"wp:attachment":[{"href":"http:\/\/www.eloriente.net\/home\/wp-json\/wp\/v2\/media?parent=25068"}],"wp:term":[{"taxonomy":"category","embeddable":true,"href":"http:\/\/www.eloriente.net\/home\/wp-json\/wp\/v2\/categories?post=25068"},{"taxonomy":"post_tag","embeddable":true,"href":"http:\/\/www.eloriente.net\/home\/wp-json\/wp\/v2\/tags?post=25068"}],"curies":[{"name":"wp","href":"https:\/\/api.w.org\/{rel}","templated":true}]}}