{"id":25078,"date":"2014-05-01T08:32:02","date_gmt":"2014-05-01T14:32:02","guid":{"rendered":"http:\/\/www.eloriente.net\/home\/?p=25078"},"modified":"2014-05-01T08:32:51","modified_gmt":"2014-05-01T14:32:51","slug":"entrega-ejecutivo-a-diputados-cuenta-publica-2013-para-su-estudio","status":"publish","type":"post","link":"http:\/\/www.eloriente.net\/home\/2014\/05\/01\/entrega-ejecutivo-a-diputados-cuenta-publica-2013-para-su-estudio\/","title":{"rendered":"Entrega Ejecutivo a diputados Cuenta P\u00fablica 2013 para su estudio"},"content":{"rendered":"<p>eloriente.net\/<a href=\"http:\/\/www.congresooaxaca.gob.mx\/\" target=\"_blank\">Congreso del Estado<\/a><\/p>\n<p>1 de mayo de 2014<\/p>\n<p>El secretario de Finanzas del Gobierno del Estado de Oaxaca, Enrique Arnaud Vi\u00f1as entreg\u00f3 este mi\u00e9rcoles la Cuenta P\u00fablica 2013\u00a0a los integrantes de la Junta de Coordinaci\u00f3n Pol\u00edtica y al presidente de la mesa directiva del Congreso Local, para su estudio.<\/p>\n<p>En el acto estuvieron presentes los integrantes de la Junta de\u00a0Coordinaci\u00f3n Pol\u00edtica, Natividad D\u00edaz Jim\u00e9nez del PAN, Anselmo Ortiz\u00a0Garc\u00eda del PRD y su presidente Alejandro Avil\u00e9s \u00c1lvarez, quienes\u00a0recibieron el paquete para turnarlo a las comisiones correspondientes.<\/p>\n<p>Asimismo, acudieron a esta entrega los diputados Adolfo Toledo\u00a0Infanz\u00f3n, Rosal\u00eda Palma L\u00f3pez, Gustavo D\u00edaz S\u00e1nchez, Mar\u00eda Luisa Fuentes Matus y Arsenio Mej\u00eda Garc\u00eda del PRI; Jes\u00fas L\u00f3pez Santiago, Sergio L\u00f3pez S\u00e1nchez del PRD; Leslie Jim\u00e9nez Valencia del PAN; Santiago Garc\u00eda Sandoval del PUP; Ericel G\u00f3mez Nucamendi de Movimiento Ciudadano y Jeft\u00e9 M\u00e9ndez Hern\u00e1ndez del PANAL.<\/p>\n<p>Ah\u00ed, el secretario de Finanzas sostuvo: \u201cvenimos aqu\u00ed por instrucciones del gobernador para preparar y entregar la Cuenta P\u00fablica 2013 para cumplir con el art\u00edculo 80, fracci\u00f3n V de la Constituci\u00f3n Pol\u00edtica del Estado\u201d.<\/p>\n<p>El prop\u00f3sito de este documento, refiri\u00f3, es rendir cuentas del estado que guardan las rentas en la entidad, el cual contiene los estados financieros y anexos correspondientes que fueron entregados a los integrantes de la LXII Legislatura del Estado.<\/p>\n<p>Dijo que durante la revisi\u00f3n de la Cuenta P\u00fablica, el personal de la Secretar\u00eda de Finanzas estar\u00e1 pendiente para aclarar cualquier duda, como tambi\u00e9n de las diferentes dependencias que integran el Gobierno del Estado.<\/p>\n<p>El presidente de la Mesa Directiva de la LXII Legislatura, Jes\u00fas L\u00f3pez\u00a0Rodr\u00edguez, se\u00f1al\u00f3 cada uno de los integrantes de esta soberan\u00eda\u00a0dar\u00e1n su punto de vista y la revisi\u00f3n en comisiones que mandata la ley\u00a0como un acto republicano.<\/p>\n<p>&nbsp;<\/p>\n<p><a href=\"http:\/\/www.eloriente.net\/home\/wp-content\/uploads\/2014\/05\/Diputados-Por-Congreso-Local.jpg\"><img loading=\"lazy\" decoding=\"async\" class=\"alignnone size-medium wp-image-25079\" title=\"Diputados-Por Congreso Local\" src=\"http:\/\/www.eloriente.net\/home\/wp-content\/uploads\/2014\/05\/Diputados-Por-Congreso-Local-300x174.jpg\" alt=\"\" width=\"300\" height=\"174\" srcset=\"http:\/\/www.eloriente.net\/home\/wp-content\/uploads\/2014\/05\/Diputados-Por-Congreso-Local-300x174.jpg 300w, http:\/\/www.eloriente.net\/home\/wp-content\/uploads\/2014\/05\/Diputados-Por-Congreso-Local-1024x594.jpg 1024w, http:\/\/www.eloriente.net\/home\/wp-content\/uploads\/2014\/05\/Diputados-Por-Congreso-Local.jpg 1271w\" sizes=\"(max-width: 300px) 100vw, 300px\" \/><\/a><\/p>\n<p>Foto: Congreso del Estado<\/p>\n<p>&nbsp;<\/p>\n<p><strong>Entradas relacionadas:<\/strong><\/p>\n<p><a title=\"Permalink to Una democracia s\u00f3lida requiere un Congreso productivo: Alejandra G. Morlan\" href=\"http:\/\/www.eloriente.net\/home\/2014\/04\/22\/una-democracia-solida-requiere-un-congreso-productivo-alejandra-g-morlan\/\" rel=\"bookmark\">Una democracia s\u00f3lida requiere un Congreso productivo: Alejandra G. Morlan<\/a><\/p>\n<p><a href=\"http:\/\/www.eloriente.net\/home\/2014\/04\/22\/una-democracia-solida-requiere-un-congreso-productivo-alejandra-g-morlan\/\" rel=\"bookmark\"><img decoding=\"async\" title=\"Una democracia s\u00f3lida requiere un Congreso productivo: Alejandra G. Morlan\" src=\"http:\/\/www.eloriente.net\/home\/wp-content\/themes\/city-desk\/timthumb.php?src=http%3A%2F%2Fwww.eloriente.net%2Fhome%2Fwp-content%2Fuploads%2F2014%2F04%2FGarc%C3%ADa-Morlan-Principal-Por-El-Oriente.jpg&amp;q=90&amp;w=160&amp;h=106&amp;zc=1\" alt=\"Una democracia s\u00f3lida requiere un Congreso productivo: Alejandra G. Morlan\" \/><\/a><\/p>\n<p>eloriente.net 22 de abril de 2014 Con el objetivo de \u201cprocurar acciones de beneficio colectivo\u201d, Alejandra Garc\u00eda Morlan present\u00f3 esta ma\u00f1ana los avances de su labor legislativa alcanzados durante el primer periodo ordinario de sesiones en el Congreso Local, en el funge como diputada plurinominal por el Partido Acci\u00f3n Nacional. Asimismo, dio a conocer su [&#8230;]<\/p>\n<p>April 22, 2014<\/p>\n<div id=\"post-24597\">\n<p><a title=\"Permalink to Avanza edificaci\u00f3n del Centro Internacional del Mezcal: Zonia L\u00f3pez\" href=\"http:\/\/www.eloriente.net\/home\/2014\/04\/21\/avanza-edificacion-del-centro-internacional-del-mezcal-zonia-lopez\/\" rel=\"bookmark\">Avanza edificaci\u00f3n del Centro Internacional del Mezcal: Zonia L\u00f3pez<\/a><\/p>\n<p><a href=\"http:\/\/www.eloriente.net\/home\/2014\/04\/21\/avanza-edificacion-del-centro-internacional-del-mezcal-zonia-lopez\/\" rel=\"bookmark\"><img decoding=\"async\" title=\"Avanza edificaci\u00f3n del Centro Internacional del Mezcal: Zonia L\u00f3pez\" src=\"http:\/\/www.eloriente.net\/home\/wp-content\/themes\/city-desk\/timthumb.php?src=http%3A%2F%2Fwww.eloriente.net%2Fhome%2Fwp-content%2Fuploads%2F2014%2F04%2FDiputada-Zonia-Lo%CC%81pez-Congreso.jpg&amp;q=90&amp;w=160&amp;h=106&amp;zc=1\" alt=\"Avanza edificaci\u00f3n del Centro Internacional del Mezcal: Zonia L\u00f3pez\" \/><\/a><\/p>\n<p>eloriente.net\/Congreso del Estado 21 de abril de 2014 En este a\u00f1o se tiene prevista la edificaci\u00f3n del Centro Internacional del Mezcal que permitir\u00e1 promover y abrir nuevos mercados para la bebida, se\u00f1al\u00f3 la diputada del PAN, Remedios Zonia L\u00f3pez Cruz. La presidenta de la Comisi\u00f3n Permanente de Infraestructuras y el Ordenamiento Territorial Sustentable de la [&#8230;]<\/p>\n<p>April 21, 2014<\/p>\n<\/div>\n<div id=\"post-24404\">\n<p><a title=\"Permalink to La lectura debe ser el eje primordial de la educaci\u00f3n en Oaxaca: Jim\u00e9nez Valencia\" href=\"http:\/\/www.eloriente.net\/home\/2014\/04\/17\/urge-fomentar-el-habito-de-la-lectura-en-la-ninez-oaxaquena-diputada-leslie-jimenez\/\" rel=\"bookmark\">La lectura debe ser el eje primordial de la educaci\u00f3n en Oaxaca: Jim\u00e9nez Valencia<\/a><\/p>\n<p><a href=\"http:\/\/www.eloriente.net\/home\/2014\/04\/17\/urge-fomentar-el-habito-de-la-lectura-en-la-ninez-oaxaquena-diputada-leslie-jimenez\/\" rel=\"bookmark\"><img decoding=\"async\" title=\"La lectura debe ser el eje primordial de la educaci\u00f3n en Oaxaca: Jim\u00e9nez Valencia\" src=\"http:\/\/www.eloriente.net\/home\/wp-content\/themes\/city-desk\/timthumb.php?src=http%3A%2F%2Fwww.eloriente.net%2Fhome%2Fwp-content%2Fuploads%2F2014%2F04%2FLeslie-Jim%C3%A9nez-Por-Congreso.jpg&amp;q=90&amp;w=160&amp;h=106&amp;zc=1\" alt=\"La lectura debe ser el eje primordial de la educaci\u00f3n en Oaxaca: Jim\u00e9nez Valencia\" \/><\/a><\/p>\n<p>eloriente.net\/Congreso del Estado 17 de abril de 2014 La diputada local panista por el\u00a0distrito 22 con cabecera en Oaxaca Norte, Leslie Jim\u00e9nez Valencia,\u00a0resalt\u00f3 que urge revisar la Ley Estatal de Educaci\u00f3n para situar a la\u00a0lectura como un eje primordial en el mejoramiento de la calidad\u00a0educativa del Estado, por lo cual se trabajar\u00e1 a marchas forzadas [&#8230;]<\/p>\n<p>April 17, 2014<\/p>\n<\/div>\n\n\t\t\t  <div \n\t\t\t  \tclass = \"fb-comments\" \n\t\t\t  \tdata-href = \"http:\/\/www.eloriente.net\/home\/2014\/05\/01\/entrega-ejecutivo-a-diputados-cuenta-publica-2013-para-su-estudio\/\"\n\t\t\t  \tdata-numposts = \"10\"\n\t\t\t\tdata-colorscheme = \"dark\"\n\t\t\t\tdata-order-by = \"social\"\n\t\t\t\tdata-mobile=true>\n\t\t\t  <\/div>\n\t\t  <style>\n\t\t\t.fb_iframe_widget_fluid_desktop iframe {\n\t\t\t    width: 100% !important;\n\t\t\t}\n\t\t  <\/style>\n\t\t  ","protected":false},"excerpt":{"rendered":"<p>eloriente.net\/Congreso del Estado 1 de mayo de 2014 El secretario de Finanzas del Gobierno del Estado de Oaxaca, Enrique Arnaud Vi\u00f1as entreg\u00f3 este mi\u00e9rcoles la Cuenta P\u00fablica 2013\u00a0a los integrantes de la Junta de Coordinaci\u00f3n Pol\u00edtica y al presidente de la mesa directiva del Congreso Local, para su estudio. En el acto estuvieron presentes los [&hellip;]<\/p>\n","protected":false},"author":26,"featured_media":25079,"comment_status":"open","ping_status":"open","sticky":false,"template":"","format":"standard","meta":{"_jetpack_memberships_contains_paid_content":false,"footnotes":""},"categories":[91,32,63,464,21],"tags":[246,1119,93,1121,277,73,1120,502],"class_list":["post-25078","post","type-post","status-publish","format-standard","has-post-thumbnail","hentry","category-congreso-y-justicia","category-entradas","category-estados","category-oaxaca-estados","category-politica-y-gobierno","tag-congreso","tag-cuenta","tag-diputados","tag-finanzas","tag-gobierno","tag-oaxaca","tag-publica","tag-republica"],"jetpack_featured_media_url":"http:\/\/www.eloriente.net\/home\/wp-content\/uploads\/2014\/05\/Diputados-Por-Congreso-Local.jpg","jetpack_sharing_enabled":true,"_links":{"self":[{"href":"http:\/\/www.eloriente.net\/home\/wp-json\/wp\/v2\/posts\/25078"}],"collection":[{"href":"http:\/\/www.eloriente.net\/home\/wp-json\/wp\/v2\/posts"}],"about":[{"href":"http:\/\/www.eloriente.net\/home\/wp-json\/wp\/v2\/types\/post"}],"author":[{"embeddable":true,"href":"http:\/\/www.eloriente.net\/home\/wp-json\/wp\/v2\/users\/26"}],"replies":[{"embeddable":true,"href":"http:\/\/www.eloriente.net\/home\/wp-json\/wp\/v2\/comments?post=25078"}],"version-history":[{"count":2,"href":"http:\/\/www.eloriente.net\/home\/wp-json\/wp\/v2\/posts\/25078\/revisions"}],"predecessor-version":[{"id":25081,"href":"http:\/\/www.eloriente.net\/home\/wp-json\/wp\/v2\/posts\/25078\/revisions\/25081"}],"wp:featuredmedia":[{"embeddable":true,"href":"http:\/\/www.eloriente.net\/home\/wp-json\/wp\/v2\/media\/25079"}],"wp:attachment":[{"href":"http:\/\/www.eloriente.net\/home\/wp-json\/wp\/v2\/media?parent=25078"}],"wp:term":[{"taxonomy":"category","embeddable":true,"href":"http:\/\/www.eloriente.net\/home\/wp-json\/wp\/v2\/categories?post=25078"},{"taxonomy":"post_tag","embeddable":true,"href":"http:\/\/www.eloriente.net\/home\/wp-json\/wp\/v2\/tags?post=25078"}],"curies":[{"name":"wp","href":"https:\/\/api.w.org\/{rel}","templated":true}]}}