{"id":25329,"date":"2014-05-05T10:58:00","date_gmt":"2014-05-05T16:58:00","guid":{"rendered":"http:\/\/www.eloriente.net\/home\/?p=25329"},"modified":"2014-05-05T14:37:27","modified_gmt":"2014-05-05T20:37:27","slug":"05may14-en-vivo-25-anos-del-partido-de-la-revolucion-democratica","status":"publish","type":"post","link":"http:\/\/www.eloriente.net\/home\/2014\/05\/05\/05may14-en-vivo-25-anos-del-partido-de-la-revolucion-democratica\/","title":{"rendered":"05\/May\/14 En Vivo: 25 a\u00f1os del Partido de la Revoluci\u00f3n Democr\u00e1tica"},"content":{"rendered":"<p>eloriente.net\/<a href=\"http:\/\/www.prd.org.mx\/\" target=\"_blank\">PRD<\/a><\/p>\n<p>5 de mayo de 2014<\/p>\n<p>El Partido de la Revoluci\u00f3n Democr\u00e1tica celebra este d\u00eda 25 a\u00f1os de fundaci\u00f3n, para lo cual ha organizado un evento de aniversario en el cual participar\u00e1n algunas de sus figuras emblem\u00e1ticas.<\/p>\n<p>Como lo hemos hecho en otras ocasiones en eventos similares del PRI o del PAN, en este caso consideramos necesario enlazar la se\u00f1al oficial del PRD para que las ciudadanas y ciudadanos interesados en el tema, puedan seguir los mensajes y las comunicaciones respectivas, bajo dos premisas: la vida de los partidos es un asunto de inter\u00e9s p\u00fablico y el derecho a saber se ejerce no solo se solicita:<\/p>\n<p>&nbsp;<\/p>\n<p><iframe loading=\"lazy\" style=\"border: 0px none transparent;\" src=\"http:\/\/www.ustream.tv\/embed\/17466238?v=3&amp;wmode=direct\" frameborder=\"0\" scrolling=\"no\" width=\"480\" height=\"302\"><\/iframe><\/p>\n<p><a style=\"padding: 2px 0px 4px; width: 400px; background: #ffffff; display: block; color: #000000; font-weight: normal; font-size: 10px; text-decoration: underline; text-align: center;\" href=\"http:\/\/www.ustream.tv\/\" target=\"_blank\">Live streaming video by Ustream<\/a><\/p>\n<p>&nbsp;<\/p>\n<p><a href=\"http:\/\/www.eloriente.net\/home\/wp-content\/uploads\/2014\/05\/Captura-de-pantalla-2014-05-05-a-las-11.57.02.png\"><img loading=\"lazy\" decoding=\"async\" class=\"alignnone size-medium wp-image-25334\" title=\"Captura 25 a\u00f1os del PRD\" src=\"http:\/\/www.eloriente.net\/home\/wp-content\/uploads\/2014\/05\/Captura-de-pantalla-2014-05-05-a-las-11.57.02-300x132.png\" alt=\"\" width=\"300\" height=\"132\" srcset=\"http:\/\/www.eloriente.net\/home\/wp-content\/uploads\/2014\/05\/Captura-de-pantalla-2014-05-05-a-las-11.57.02-300x132.png 300w, http:\/\/www.eloriente.net\/home\/wp-content\/uploads\/2014\/05\/Captura-de-pantalla-2014-05-05-a-las-11.57.02.png 559w\" sizes=\"(max-width: 300px) 100vw, 300px\" \/><\/a><\/p>\n<address>\u00a0<\/address>\n<p><strong>Entradas relacionadas:<\/strong><\/p>\n<div id=\"post-25314\">\n<p><a title=\"Permalink to Las 10+ vistas de ELORIENTE.NET en abril 2014\" href=\"http:\/\/www.eloriente.net\/home\/2014\/05\/05\/las-10-vistas-de-eloriente-net-en-abril-2014\/\" rel=\"bookmark\">Las 10+ vistas de ELORIENTE.NET en abril 2014<\/a><\/p>\n<p><a href=\"http:\/\/www.eloriente.net\/home\/2014\/05\/05\/las-10-vistas-de-eloriente-net-en-abril-2014\/\" rel=\"bookmark\"><img decoding=\"async\" title=\"Las 10+ vistas de ELORIENTE.NET en abril 2014\" src=\"http:\/\/www.eloriente.net\/home\/wp-content\/themes\/city-desk\/timthumb.php?src=http%3A%2F%2Fwww.eloriente.net%2Fhome%2Fwp-content%2Fuploads%2F2014%2F05%2FPintura-Por-Pajaroenmano.jpg&amp;q=90&amp;w=160&amp;h=106&amp;zc=1\" alt=\"Las 10+ vistas de ELORIENTE.NET en abril 2014\" \/><\/a><\/p>\n<p>eloriente.net 5 de mayo de 2014 Cada mes, ELORIENTE.NET publica la lista de los contenidos m\u00e1s visitados por nuestros usuarios de manera mensual. Esto, para que aquellos que se han perdido una buena recomendaci\u00f3n o una buena nota, tengan la oportunidad de volver sobre ella, regocijarse y disfrutar. Hay que recordar que el objetivo de [&#8230;]<\/p>\n<p>May 5, 2014<\/p>\n<\/div>\n<p><a title=\"Permalink to Jueves 8\/May\/14 12:00 Conferencia \u201cLluvia s\u00f3lida\u201d, por Sergio Jes\u00fas Rico Velasco\" href=\"http:\/\/www.eloriente.net\/home\/2014\/05\/05\/jueves-8may14-1200-conferencia-lluvia-solida-por-sergio-jesus-rico-velasco\/\" rel=\"bookmark\">Jueves 8\/May\/14 12:00 Conferencia \u201cLluvia s\u00f3lida\u201d, por Sergio Jes\u00fas Rico Velasco<\/a><\/p>\n<p><a href=\"http:\/\/www.eloriente.net\/home\/2014\/05\/05\/jueves-8may14-1200-conferencia-lluvia-solida-por-sergio-jesus-rico-velasco\/\" rel=\"bookmark\"><img decoding=\"async\" title=\"Jueves 8\/May\/14 12:00 Conferencia \u201cLluvia s\u00f3lida\u201d, por Sergio Jes\u00fas Rico Velasco\" src=\"http:\/\/www.eloriente.net\/home\/wp-content\/themes\/city-desk\/timthumb.php?src=http%3A%2F%2Fwww.eloriente.net%2Fhome%2Fwp-content%2Fuploads%2F2014%2F05%2FSergio-Jes%C3%BAs-Rico-Velasco.jpg&amp;q=90&amp;w=160&amp;h=106&amp;zc=1\" alt=\"Jueves 8\/May\/14 12:00 Conferencia \u201cLluvia s\u00f3lida\u201d, por Sergio Jes\u00fas Rico Velasco\" \/><\/a><\/p>\n<p>eloriente.net\/UTVCO 5 de mayo de 2014 El inventor de la t\u00e9cnica para combatir la sequ\u00eda brindar\u00e1 una conferencia en Oaxaca\u00a0el jueves 8 de mayo\u00a0 Sergio Jes\u00fas Rico Velasco, investigador del\u00a0Instituto Polit\u00e9cnico Nacional (IPN), nombrado como la mente cient\u00edfica m\u00e1s brillante de nuestros tiempos en M\u00e9xico, seg\u00fan la revista\u00a0Discovery, presentar\u00e1 en Oaxaca la conferencia \u201cLluvia s\u00f3lida\u201d, [&#8230;]<\/p>\n<p>May 5, 2014<\/p>\n<p><a title=\"Permalink to 04\/May\/14 En Vivo: Elecciones presidenciales en Panam\u00e1\" href=\"http:\/\/www.eloriente.net\/home\/2014\/05\/04\/04may14-en-vivo-elecciones-presidenciales-en-panama\/\" rel=\"bookmark\">04\/May\/14 En Vivo: Elecciones presidenciales en Panam\u00e1<\/a><\/p>\n<p><a href=\"http:\/\/www.eloriente.net\/home\/2014\/05\/04\/04may14-en-vivo-elecciones-presidenciales-en-panama\/\" rel=\"bookmark\"><img decoding=\"async\" title=\"04\/May\/14 En Vivo: Elecciones presidenciales en Panam\u00e1\" src=\"http:\/\/www.eloriente.net\/home\/wp-content\/themes\/city-desk\/timthumb.php?src=http%3A%2F%2Fwww.eloriente.net%2Fhome%2Fwp-content%2Fuploads%2F2014%2F05%2FPANAMA%CC%81-Algunos-derechos-reservados-por-Matthew-Straubmuller.jpg&amp;q=90&amp;w=160&amp;h=106&amp;zc=1\" alt=\"04\/May\/14 En Vivo: Elecciones presidenciales en Panam\u00e1\" \/><\/a><\/p>\n<p>eloriente.net 4 de mayo de 2014 Como es habitual en ELORIENTE.NET, puedes seguir aqu\u00ed las incidencias fundamentales de los procesos electorales en M\u00e9xico y el mundo. En este caso, hoy se efect\u00faan votaciones en el hermano Panam\u00e1, donde se eligen m\u00e1s de 1,648 cargos p\u00fablicos para el periodo 2014-2019. Entre ellos, destaca el de la [&#8230;]<\/p>\n<p>May 4, 2014<\/p>\n\n\t\t\t  <div \n\t\t\t  \tclass = \"fb-comments\" \n\t\t\t  \tdata-href = \"http:\/\/www.eloriente.net\/home\/2014\/05\/05\/05may14-en-vivo-25-anos-del-partido-de-la-revolucion-democratica\/\"\n\t\t\t  \tdata-numposts = \"10\"\n\t\t\t\tdata-colorscheme = \"dark\"\n\t\t\t\tdata-order-by = \"social\"\n\t\t\t\tdata-mobile=true>\n\t\t\t  <\/div>\n\t\t  <style>\n\t\t\t.fb_iframe_widget_fluid_desktop iframe {\n\t\t\t    width: 100% !important;\n\t\t\t}\n\t\t  <\/style>\n\t\t  ","protected":false},"excerpt":{"rendered":"<p>eloriente.net\/PRD 5 de mayo de 2014 El Partido de la Revoluci\u00f3n Democr\u00e1tica celebra este d\u00eda 25 a\u00f1os de fundaci\u00f3n, para lo cual ha organizado un evento de aniversario en el cual participar\u00e1n algunas de sus figuras emblem\u00e1ticas. Como lo hemos hecho en otras ocasiones en eventos similares del PRI o del PAN, en este caso [&hellip;]<\/p>\n","protected":false},"author":1,"featured_media":25334,"comment_status":"open","ping_status":"open","sticky":false,"template":"","format":"standard","meta":{"_jetpack_memberships_contains_paid_content":false,"footnotes":""},"categories":[4,71,32,21],"tags":[],"class_list":["post-25329","post","type-post","status-publish","format-standard","has-post-thumbnail","hentry","category-canal-2-en-vivo","category-elecciones","category-entradas","category-politica-y-gobierno"],"jetpack_featured_media_url":"http:\/\/www.eloriente.net\/home\/wp-content\/uploads\/2014\/05\/Captura-de-pantalla-2014-05-05-a-las-11.57.02.png","jetpack_sharing_enabled":true,"_links":{"self":[{"href":"http:\/\/www.eloriente.net\/home\/wp-json\/wp\/v2\/posts\/25329"}],"collection":[{"href":"http:\/\/www.eloriente.net\/home\/wp-json\/wp\/v2\/posts"}],"about":[{"href":"http:\/\/www.eloriente.net\/home\/wp-json\/wp\/v2\/types\/post"}],"author":[{"embeddable":true,"href":"http:\/\/www.eloriente.net\/home\/wp-json\/wp\/v2\/users\/1"}],"replies":[{"embeddable":true,"href":"http:\/\/www.eloriente.net\/home\/wp-json\/wp\/v2\/comments?post=25329"}],"version-history":[{"count":4,"href":"http:\/\/www.eloriente.net\/home\/wp-json\/wp\/v2\/posts\/25329\/revisions"}],"predecessor-version":[{"id":25347,"href":"http:\/\/www.eloriente.net\/home\/wp-json\/wp\/v2\/posts\/25329\/revisions\/25347"}],"wp:featuredmedia":[{"embeddable":true,"href":"http:\/\/www.eloriente.net\/home\/wp-json\/wp\/v2\/media\/25334"}],"wp:attachment":[{"href":"http:\/\/www.eloriente.net\/home\/wp-json\/wp\/v2\/media?parent=25329"}],"wp:term":[{"taxonomy":"category","embeddable":true,"href":"http:\/\/www.eloriente.net\/home\/wp-json\/wp\/v2\/categories?post=25329"},{"taxonomy":"post_tag","embeddable":true,"href":"http:\/\/www.eloriente.net\/home\/wp-json\/wp\/v2\/tags?post=25329"}],"curies":[{"name":"wp","href":"https:\/\/api.w.org\/{rel}","templated":true}]}}