{"id":25492,"date":"2014-05-07T17:36:05","date_gmt":"2014-05-07T23:36:05","guid":{"rendered":"http:\/\/www.eloriente.net\/home\/?p=25492"},"modified":"2014-05-07T17:38:56","modified_gmt":"2014-05-07T23:38:56","slug":"59-6-porcentaje-de-mexicanos-economicamente-activos-en-4o-trimestre-de-2013","status":"publish","type":"post","link":"http:\/\/www.eloriente.net\/home\/2014\/05\/07\/59-6-porcentaje-de-mexicanos-economicamente-activos-en-4o-trimestre-de-2013\/","title":{"rendered":"59.6%, porcentaje de mexicanos econ\u00f3micamente activos en 4\u00ba trimestre de 2013"},"content":{"rendered":"<p>eloriente.net<\/p>\n<p>7 de mayo de 2014<\/p>\n<p>De acuerdo con datos de la Encuesta Nacional de Ocupaci\u00f3n y Empleo (ENOE) del Instituto Nacional de Estad\u00edstica y Geograf\u00eda (INEGI) durante el periodo de octubre a diciembre de 2013 la poblaci\u00f3n econ\u00f3micamente activa en M\u00e9xico abarc\u00f3 52.7 millones de personas, lo que representa el 59.6% de los habitantes del pa\u00eds mayores de 14 a\u00f1os.<\/p>\n<p>&nbsp;<\/p>\n<p style=\"text-align: center;\"><a href=\"http:\/\/www.eloriente.net\/home\/wp-content\/uploads\/2014\/05\/Gr%C3%A1fica-ENOE-2.png\"><img loading=\"lazy\" decoding=\"async\" class=\"aligncenter\" style=\"-webkit-user-select: none;\" src=\"http:\/\/www.eloriente.net\/home\/wp-content\/uploads\/2014\/05\/Gr%C3%A1fica-ENOE-2.png\" alt=\"\" width=\"433\" height=\"333\" \/><\/a><\/p>\n<p>&nbsp;<\/p>\n<p>La anterior cifra fue mayor en 1.2 millones de personas en comparaci\u00f3n al mismo trimestre de 2012. Por su parte, la poblaci\u00f3n parcialmente ocupada alcanz\u00f3 4.1 millones de personas y la\u00a0desocupada se situ\u00f3 en 2.4 millones de personas.<\/p>\n<p>&nbsp;<\/p>\n<p style=\"text-align: center;\"><a href=\"http:\/\/www.eloriente.net\/home\/wp-content\/uploads\/2014\/05\/Gr\u00e1fica-ENOE-1.png\"><img loading=\"lazy\" decoding=\"async\" class=\"aligncenter\" style=\"-webkit-user-select: none;\" src=\"http:\/\/www.eloriente.net\/home\/wp-content\/uploads\/2014\/05\/Gr%C3%A1fica-ENOE-1.png\" alt=\"\" width=\"545\" height=\"234\" \/><\/a><\/p>\n<p>&nbsp;<\/p>\n<p>Seg\u00fan informaci\u00f3n del ENOE, 77 de cada 100 hombres son econ\u00f3micamente activos y\u00a0en el caso de las mujeres 44 de cada 100 est\u00e1n en esta situaci\u00f3n; es decir, 31 millones son hombres y 19.2 son mujeres.<\/p>\n<p>El 50.7% de la poblaci\u00f3n ocupada se concentra en las ciudades m\u00e1s grandes del pa\u00eds; seguido del 20.5% ubicados en poblaciones rurales; 14.9% localizados en municipios definidos como urbanos medios; y el 13.9% restante reside en localidades urbanas bajas.<\/p>\n<p>Por su parte, el 61.5% de personas ocupadas manifestaron dedicarse a alguna actividad dentro del sector econ\u00f3mico de servicios o terciario; el 24% en tareas industriales o secundario; y el 13.9% en producci\u00f3n de recursos naturales o primario.<\/p>\n<p>&nbsp;<\/p>\n<p style=\"text-align: center;\"><a href=\"http:\/\/www.eloriente.net\/home\/wp-content\/uploads\/2014\/05\/Gr\u00e1fica-ENOE-3.png\"><img loading=\"lazy\" decoding=\"async\" class=\"aligncenter\" style=\"-webkit-user-select: none;\" src=\"http:\/\/www.eloriente.net\/home\/wp-content\/uploads\/2014\/05\/Gr%C3%A1fica-ENOE-3.png\" alt=\"\" width=\"462\" height=\"358\" \/><\/a><\/p>\n<p>&nbsp;<\/p>\n<p>Tambi\u00e9n, el INEGI dio a conocer que dos terceras partes del total de la poblaci\u00f3n ocupada (33.7 millones) son trabajadores subordinados y remunerados; 11.1 millones trabajan por su cuenta sin emplear personal pagado; 3.1 millones laboran sin sueldo; y 2.3 millones son propietarios de los bienes de producci\u00f3n con empleados a su cargo.<\/p>\n<p>En promedio, las personas econ\u00f3micamente activas en M\u00e9xico laboraron en el cuarto trimestre de 2013 jornadas de 43 horas por semana. Por un lado, 28.4% de la poblaci\u00f3n trabaj\u00f3 m\u00e1s de 48 horas y el otro extremo 7.1% dedic\u00f3 menos de 15 horas a la semana a su trabajo.<\/p>\n<p>Por entidades federativas, las mayores tasas de participaci\u00f3n en la actividad econ\u00f3mica fueron Colima con 68.1%, Quintana Roo 66.2% y Baja California Sur 65.2%. En contra parte, las\u00a0que presentaron las menores aportaciones fueron\u00a0Oaxaca y San Luis Potos\u00ed con 57.7% y Durango\u00a0con 57.9 por ciento.<\/p>\n<p>Contrario al empleo formal, los resultados de la ENOE indican que en\u00a0octubre-diciembre de 2013 las actividades informales sumaron\u00a029.6 millones de personas, lo que representa el 58.9% de la poblaci\u00f3n econ\u00f3mica activa.<\/p>\n<p>&nbsp;<\/p>\n<p><a href=\"http:\/\/www.eloriente.net\/home\/wp-content\/uploads\/2014\/05\/Trabajo-Por-emiliokuffer.jpg\"><img loading=\"lazy\" decoding=\"async\" class=\"alignnone size-medium wp-image-25509\" title=\"Trabajo-Por emiliokuffer\" src=\"http:\/\/www.eloriente.net\/home\/wp-content\/uploads\/2014\/05\/Trabajo-Por-emiliokuffer-199x300.jpg\" alt=\"\" width=\"199\" height=\"300\" srcset=\"http:\/\/www.eloriente.net\/home\/wp-content\/uploads\/2014\/05\/Trabajo-Por-emiliokuffer-199x300.jpg 199w, http:\/\/www.eloriente.net\/home\/wp-content\/uploads\/2014\/05\/Trabajo-Por-emiliokuffer.jpg 682w\" sizes=\"(max-width: 199px) 100vw, 199px\" \/><\/a><\/p>\n<p>Foto:\u00a0<a href=\"https:\/\/www.flickr.com\/photos\/emiliokuffer\/\">emiliokuffer<\/a><\/p>\n<p>&nbsp;<\/p>\n<p><strong>Entradas relacionadas:<\/strong><\/p>\n<p><a title=\"Permalink to 5 vacantes en comunicaci\u00f3n y dise\u00f1o #MartesdeVacantes\" href=\"http:\/\/www.eloriente.net\/home\/2014\/05\/06\/5-vacantes-en-comunicacion-y-diseno-martesdevacantes\/\" rel=\"bookmark\">5 vacantes en comunicaci\u00f3n y dise\u00f1o #MartesdeVacantes<\/a><\/p>\n<p><a href=\"http:\/\/www.eloriente.net\/home\/2014\/05\/06\/5-vacantes-en-comunicacion-y-diseno-martesdevacantes\/\" rel=\"bookmark\"><img decoding=\"async\" title=\"5 vacantes en comunicaci\u00f3n y dise\u00f1o #MartesdeVacantes\" src=\"http:\/\/www.eloriente.net\/home\/wp-content\/themes\/city-desk\/timthumb.php?src=http%3A%2F%2Fwww.eloriente.net%2Fhome%2Fwp-content%2Fuploads%2F2014%2F05%2FTrabajando-Por-Desconocido.jpg&amp;q=90&amp;w=160&amp;h=106&amp;zc=1\" alt=\"5 vacantes en comunicaci\u00f3n y dise\u00f1o #MartesdeVacantes\" \/><\/a><\/p>\n<p>eloriente.net 6 de mayo de 2014 Conscientes de la importancia para la ciudadan\u00eda en general de la b\u00fasqueda de nuevas oportunidades de crecimiento profesional, ponemos a tu disposici\u00f3n semanalmente ofertas de empleo disponibles en la ciudad de Oaxaca de Ju\u00e1rez, municipios conurbados y en regiones al interior del estado. En esta ocasi\u00f3n, ELORIENTE.NET comparte cinco [&#8230;]<\/p>\n<p>May 6, 2014<\/p>\n<p><a title=\"Permalink to Aumenta 0.27% la inflaci\u00f3n en marzo, respecto a febrero de 2014\" href=\"http:\/\/www.eloriente.net\/home\/2014\/04\/16\/aumenta-0-27-la-inflacion-en-marzo-respecto-a-febrero-de-2014\/\" rel=\"bookmark\">Aumenta 0.27% la inflaci\u00f3n en marzo, respecto a febrero de 2014<\/a><\/p>\n<p><a href=\"http:\/\/www.eloriente.net\/home\/2014\/04\/16\/aumenta-0-27-la-inflacion-en-marzo-respecto-a-febrero-de-2014\/\" rel=\"bookmark\"><img decoding=\"async\" title=\"Aumenta 0.27% la inflaci\u00f3n en marzo, respecto a febrero de 2014\" src=\"http:\/\/www.eloriente.net\/home\/wp-content\/themes\/city-desk\/timthumb.php?src=http%3A%2F%2Fwww.eloriente.net%2Fhome%2Fwp-content%2Fuploads%2F2014%2F04%2FLim%C3%B3n-Por-Tierra-F%C3%A9rtil.jpg&amp;q=90&amp;w=160&amp;h=106&amp;zc=1\" alt=\"Aumenta 0.27% la inflaci\u00f3n en marzo, respecto a febrero de 2014\" \/><\/a><\/p>\n<p>eloriente.net 16 de marzo de 2014 La inflaci\u00f3n mensual en marzo de 2014 registr\u00f3 un incremento del 0.27% respecto a los 30 d\u00edas anteriores; mientras que en igual periodo de 2013, su variaci\u00f3n fue de 0.73%, as\u00ed lo dio a conocer el\u00a0\u00cdndice Nacional de Precios al Consumidor (INPC), instrumento elaborado por el Instituto Nacional de [&#8230;]<\/p>\n<p>April 16, 2014<\/p>\n<p><a title=\"Permalink to Oaxaca con el mayor crecimiento econ\u00f3mico del sur-sureste al 3er trimestre 2013\" href=\"http:\/\/www.eloriente.net\/home\/2014\/04\/09\/oaxaca-presenta-el-mayor-crecimiento-economico-en-la-region-sur-sureste-al-3er-trimestre-de-2013\/\" rel=\"bookmark\">Oaxaca con el mayor crecimiento econ\u00f3mico del sur-sureste al 3er trimestre 2013<\/a><\/p>\n<p><a href=\"http:\/\/www.eloriente.net\/home\/2014\/04\/09\/oaxaca-presenta-el-mayor-crecimiento-economico-en-la-region-sur-sureste-al-3er-trimestre-de-2013\/\" rel=\"bookmark\"><img decoding=\"async\" title=\"Oaxaca con el mayor crecimiento econ\u00f3mico del sur-sureste al 3er trimestre 2013\" src=\"http:\/\/www.eloriente.net\/home\/wp-content\/themes\/city-desk\/timthumb.php?src=http%3A%2F%2Fwww.eloriente.net%2Fhome%2Fwp-content%2Fuploads%2F2014%2F04%2FEconom%C3%ADa-Por-Aristoteles-Sandoval.jpg&amp;q=90&amp;w=160&amp;h=106&amp;zc=1\" alt=\"Oaxaca con el mayor crecimiento econ\u00f3mico del sur-sureste al 3er trimestre 2013\" \/><\/a><\/p>\n<p>eloriente.net 9 de abril de 2014 De acuerdo a cifras del Indicador Trimestral de la Actividad Econ\u00f3mica Estatal del Instituto Nacional de Estad\u00edstica y Geograf\u00eda (INEGI), Oaxaca present\u00f3 el mayor crecimiento econ\u00f3mico durante el tercer trimestre de 2013, en comparaci\u00f3n con las entidades que conforman la regi\u00f3n sur-sureste de M\u00e9xico. Oaxaca, en quinto lugar a [&#8230;]<\/p>\n<p>April 9, 2014<\/p>\n\n\t\t\t  <div \n\t\t\t  \tclass = \"fb-comments\" \n\t\t\t  \tdata-href = \"http:\/\/www.eloriente.net\/home\/2014\/05\/07\/59-6-porcentaje-de-mexicanos-economicamente-activos-en-4o-trimestre-de-2013\/\"\n\t\t\t  \tdata-numposts = \"10\"\n\t\t\t\tdata-colorscheme = \"dark\"\n\t\t\t\tdata-order-by = \"social\"\n\t\t\t\tdata-mobile=true>\n\t\t\t  <\/div>\n\t\t  <style>\n\t\t\t.fb_iframe_widget_fluid_desktop iframe {\n\t\t\t    width: 100% !important;\n\t\t\t}\n\t\t  <\/style>\n\t\t  ","protected":false},"excerpt":{"rendered":"<p>eloriente.net 7 de mayo de 2014 De acuerdo con datos de la Encuesta Nacional de Ocupaci\u00f3n y Empleo (ENOE) del Instituto Nacional de Estad\u00edstica y Geograf\u00eda (INEGI) durante el periodo de octubre a diciembre de 2013 la poblaci\u00f3n econ\u00f3micamente activa en M\u00e9xico abarc\u00f3 52.7 millones de personas, lo que representa el 59.6% de los habitantes [&hellip;]<\/p>\n","protected":false},"author":26,"featured_media":25509,"comment_status":"open","ping_status":"open","sticky":false,"template":"","format":"standard","meta":{"_jetpack_memberships_contains_paid_content":false,"footnotes":""},"categories":[32,63,35,10],"tags":[252,215,1202,782,175,888,211],"class_list":["post-25492","post","type-post","status-publish","format-standard","has-post-thumbnail","hentry","category-entradas","category-estados","category-secciones-oriente","category-lo-mas-reciente","tag-economia","tag-empleo","tag-informal","tag-ocupacion","tag-produccion","tag-servicios","tag-trabajo"],"jetpack_featured_media_url":"http:\/\/www.eloriente.net\/home\/wp-content\/uploads\/2014\/05\/Trabajo-Por-emiliokuffer.jpg","jetpack_sharing_enabled":true,"_links":{"self":[{"href":"http:\/\/www.eloriente.net\/home\/wp-json\/wp\/v2\/posts\/25492"}],"collection":[{"href":"http:\/\/www.eloriente.net\/home\/wp-json\/wp\/v2\/posts"}],"about":[{"href":"http:\/\/www.eloriente.net\/home\/wp-json\/wp\/v2\/types\/post"}],"author":[{"embeddable":true,"href":"http:\/\/www.eloriente.net\/home\/wp-json\/wp\/v2\/users\/26"}],"replies":[{"embeddable":true,"href":"http:\/\/www.eloriente.net\/home\/wp-json\/wp\/v2\/comments?post=25492"}],"version-history":[{"count":16,"href":"http:\/\/www.eloriente.net\/home\/wp-json\/wp\/v2\/posts\/25492\/revisions"}],"predecessor-version":[{"id":25511,"href":"http:\/\/www.eloriente.net\/home\/wp-json\/wp\/v2\/posts\/25492\/revisions\/25511"}],"wp:featuredmedia":[{"embeddable":true,"href":"http:\/\/www.eloriente.net\/home\/wp-json\/wp\/v2\/media\/25509"}],"wp:attachment":[{"href":"http:\/\/www.eloriente.net\/home\/wp-json\/wp\/v2\/media?parent=25492"}],"wp:term":[{"taxonomy":"category","embeddable":true,"href":"http:\/\/www.eloriente.net\/home\/wp-json\/wp\/v2\/categories?post=25492"},{"taxonomy":"post_tag","embeddable":true,"href":"http:\/\/www.eloriente.net\/home\/wp-json\/wp\/v2\/tags?post=25492"}],"curies":[{"name":"wp","href":"https:\/\/api.w.org\/{rel}","templated":true}]}}