{"id":25594,"date":"2014-05-09T10:38:21","date_gmt":"2014-05-09T16:38:21","guid":{"rendered":"http:\/\/www.eloriente.net\/home\/?p=25594"},"modified":"2014-05-09T10:38:21","modified_gmt":"2014-05-09T16:38:21","slug":"los-senadores-clave-escribeles","status":"publish","type":"post","link":"http:\/\/www.eloriente.net\/home\/2014\/05\/09\/los-senadores-clave-escribeles\/","title":{"rendered":"Los Senadores Clave: escr\u00edbeles"},"content":{"rendered":"<p>eloriente.net<\/p>\n<p>8 de mayo de 2014<\/p>\n<p><strong>Ninguna ciudadana o ciudadano deber\u00eda rehuir a la responsabilidad de hacer llegar sus reflexiones, comentarios y propuestas<\/strong> a los legisladores que en se encuentran, en estos d\u00edas, revisando y elaborando algunas de las leyes secundarias m\u00e1s importantes para el pa\u00eds: la energ\u00e9tica (en la que est\u00e1 en juego el patrimonio y los recursos de M\u00e9xico), la de telecomunicaciones (que pone en la mesa el ejercicio pleno de la libertad y la cultura), la pol\u00edtico electoral (cuyo gran debate sobre la reforma de los partidos est\u00e1 pendiente), entre otras.<\/p>\n<p>En este sentido, nos parece por ello interesante el ejercicio elaborado por Reforma, que el pasado 7 de mayo public\u00f3 una lista de Senadores a los que denomin\u00f3 <a href=\"http:\/\/gruporeforma.reforma.com\/interactivo\/senadores_clave_may14\/\" target=\"_blank\">\u00abLos Senadores Clave\u00bb<\/a>, quienes les ha tocado revisar m\u00e1s de uno de estos asuntos, detectando a 17 que: \u00abestuvieron o siguen involucrados en la designaci\u00f3n de nuevos comisionados del IFAI o bien en la construcci\u00f3n de las reformas en telecomunicaciones, de competencia econ\u00f3mica y pol\u00edtico electoral.\u00bb<\/p>\n<p><strong>Estos 17 senadores de un total de 128 que componen la C\u00e1mara Alta, son 3 de el Partido de la Revoluci\u00f3n Democr\u00e1tica (PRD): Alejandro Encinas, Benjam\u00edn Robles Montoya y Armando R\u00edos Piter; 6 del Partido Acci\u00f3n Nacional (PAN): Javier Corral, H\u00e9ctor Larios, Pilar Ortega, Roberto Gil, Luis Fernando Salazar y Fernando Yunes; y 8 del PRI: Arely G\u00f3mez, Enrique Burgos, Omar Fayad, Ver\u00f3nica Mart\u00ednez, Ren\u00e9 Ju\u00e1rez, Miguel Chico Herrera, Graciela Ortiz y Cristina D\u00edaz.<\/strong><\/p>\n<p>Cabe hacer menci\u00f3n que estos senadores se han distinguido seg\u00fan menciona Reforma en participar activamente en el estudio y debate de los temas mencionados, <strong>destacando 3 personajes en particular que lo han hecho en los 4 de mayor profundidad: Alejandro Encinas, Benjam\u00edn Robles Montoya y Javier Corral.<\/strong><\/p>\n<p>En adici\u00f3n al ejercicio de Reforma, nosotros hemos querido acercar a nuestros lectores, que por su perfil ejercen sus derechos como ciudadanos libres, las cuentas de twitter de estos 17 legisladores, para que por esa v\u00eda les hagan llegar sus comentarios y reflexiones sobre las iniciativas y temas que se encuentran hoy en el debate p\u00fablico.<\/p>\n<p>Tambi\u00e9n, claro est\u00e1, pueden dejar sus impresiones en esta misma p\u00e1gina o bien a trav\u00e9s de <a href=\"https:\/\/twitter.com\/El_Oriente\" target=\"_blank\">@El_Oriente<\/a>, nuestra cuenta.<\/p>\n<p>Esperamos, por lo dem\u00e1s, que el ejercicio sea de utilidad. El silencio no es la mejor opci\u00f3n estas circunstancias:<\/p>\n<ul>\n<li>Alejandro Encinas (<a href=\"https:\/\/twitter.com\/A_Encinas_R\" target=\"_blank\">@A_Encinas_R<\/a>)<\/li>\n<li>Benjam\u00edn Robles Montoya (<a href=\"https:\/\/twitter.com\/BenjaminRoblesM\" target=\"_blank\">@BenjaminRoblesM<\/a>)<\/li>\n<li>Javier Corral (<a href=\"https:\/\/twitter.com\/Javier_Corral\" target=\"_blank\">@Javier_Corral<\/a>)<\/li>\n<li>Pilar Ortega (<a href=\"https:\/\/twitter.com\/Pilarortega\" target=\"_blank\">@Pilarortega<\/a>)<\/li>\n<li>Roberto Gil Zuarth (<a href=\"https:\/\/twitter.com\/rgilzuarth\" target=\"_blank\">@rgilzuarth<\/a>)<\/li>\n<li>H\u00e9ctor Larios (<a href=\"https:\/\/twitter.com\/LariosHector\" target=\"_blank\">@LariosHector<\/a>)<\/li>\n<li>Arely G\u00f3mez (<a href=\"https:\/\/twitter.com\/SenArelyGomez\" target=\"_blank\">@SenArelyGomez<\/a>)<\/li>\n<li>Enrique Burgos (<a href=\"https:\/\/twitter.com\/EnriqueBurgosG\" target=\"_blank\">@EnriqueBurgosG<\/a>)<\/li>\n<li>Omar Fayad (<a href=\"https:\/\/twitter.com\/omarfayad\" target=\"_blank\">@omarfayad<\/a>)<\/li>\n<li>Ver\u00f3nica Mart\u00ednez (<a href=\"https:\/\/twitter.com\/senadoraverom\" target=\"_blank\">@senadoraverom<\/a>)<\/li>\n<li>Ren\u00e9 Ju\u00e1rez (<a href=\"https:\/\/twitter.com\/JuarezCisneros\" target=\"_blank\">@JuarezCisneros<\/a>)<\/li>\n<li>Luis Fernando Salazar<\/li>\n<li>Armando R\u00edos Piter (<a href=\"https:\/\/twitter.com\/RiosPiterJaguar\" target=\"_blank\">@RiosPiterJaguar<\/a>)<\/li>\n<li>Miguel Chico Hern\u00e1ndez (<a href=\"https:\/\/twitter.com\/MiguelChicoOfl\" target=\"_blank\">@MiguelChicoOfl<\/a>)<\/li>\n<li>Graciela Ortiz (<a href=\"https:\/\/twitter.com\/GOrtizGlez\" target=\"_blank\">@GOrtizGlez<\/a>)<\/li>\n<li>Fernando Yunes (<a href=\"https:\/\/twitter.com\/FYunesMarquez\" target=\"_blank\">@FYunesMarquez<\/a>)<\/li>\n<li>Cristina D\u00edaz (<a href=\"https:\/\/twitter.com\/Cristina_Diaz_S\" target=\"_blank\">@Cristina_Diaz_S<\/a>)<\/li>\n<\/ul>\n<p>Tambi\u00e9n escribe a direccioneditorial@eloriente.net<\/p>\n<p><a href=\"http:\/\/www.eloriente.net\/home\/wp-content\/uploads\/2013\/12\/senado1.jpg\"><img loading=\"lazy\" decoding=\"async\" class=\"alignnone size-medium wp-image-18543\" title=\"senado\" src=\"http:\/\/www.eloriente.net\/home\/wp-content\/uploads\/2013\/12\/senado1-300x174.jpg\" alt=\"\" width=\"300\" height=\"174\" srcset=\"http:\/\/www.eloriente.net\/home\/wp-content\/uploads\/2013\/12\/senado1-300x174.jpg 300w, http:\/\/www.eloriente.net\/home\/wp-content\/uploads\/2013\/12\/senado1.jpg 944w\" sizes=\"(max-width: 300px) 100vw, 300px\" \/><\/a><\/p>\n<address><strong>Otras entradas:<\/strong><\/address>\n<div id=\"post-25269\">\n<p><a title=\"Permalink to Contra corrupci\u00f3n, blindar recursos federales\" href=\"http:\/\/www.eloriente.net\/home\/2014\/05\/03\/contra-corrupcion-blindar-recursos-federales\/\" rel=\"bookmark\">Contra corrupci\u00f3n, blindar recursos federales<\/a><\/p>\n<p><a href=\"http:\/\/www.eloriente.net\/home\/2014\/05\/03\/contra-corrupcion-blindar-recursos-federales\/\" rel=\"bookmark\"><img decoding=\"async\" title=\"Contra corrupci\u00f3n, blindar recursos federales\" src=\"http:\/\/www.eloriente.net\/home\/wp-content\/themes\/city-desk\/timthumb.php?src=http%3A%2F%2Fwww.eloriente.net%2Fhome%2Fwp-content%2Fuploads%2F2014%2F05%2FInfraestructura-Oaxaca-PNI-ELORIENTE.NET_.png&amp;q=90&amp;w=160&amp;h=106&amp;zc=1\" alt=\"Contra corrupci\u00f3n, blindar recursos federales\" \/><\/a>eloriente.net 3 de mayo de 2014 Luego de darse a conocer la semana que concluye el Programa Nacional de Infraestructura 2014-2018 por el Gobierno Federal, se abren una serie requirimientos pol\u00edticos, administrativos, econ\u00f3micos y sociales que hagan viables los grandes proyectos e inversiones incluidas en el documento. Entre estos requerimientos, se encuentran el garantizar la [&#8230;]<\/p>\n<p>May 3, 2014<\/p>\n<\/div>\n<div id=\"post-23869\">\n<p><a title=\"Permalink to \u00bfQu\u00e9 dice aumento en recaudaci\u00f3n en Oaxaca?\" href=\"http:\/\/www.eloriente.net\/home\/2014\/04\/07\/que-dice-el-aumento-en-la-recaudacion-en-oaxaca\/\" rel=\"bookmark\">\u00bfQu\u00e9 dice aumento en recaudaci\u00f3n en Oaxaca?<\/a><\/p>\n<p><a href=\"http:\/\/www.eloriente.net\/home\/2014\/04\/07\/que-dice-el-aumento-en-la-recaudacion-en-oaxaca\/\" rel=\"bookmark\"><img decoding=\"async\" title=\"\u00bfQu\u00e9 dice aumento en recaudaci\u00f3n en Oaxaca?\" src=\"http:\/\/www.eloriente.net\/home\/wp-content\/themes\/city-desk\/timthumb.php?src=http%3A%2F%2Fwww.eloriente.net%2Fhome%2Fwp-content%2Fuploads%2F2013%2F01%2Fciudad-de-oaxaca.jpeg&amp;q=90&amp;w=160&amp;h=106&amp;zc=1\" alt=\"\u00bfQu\u00e9 dice aumento en recaudaci\u00f3n en Oaxaca?\" \/><\/a>eloriente.net 7 de abril de 2014 \u00bfQu\u00e9 dice aumento en recaudaci\u00f3n en Oaxaca? En tiempos de profundo desasosiego en relaci\u00f3n a la cosa p\u00fablica, resulta muy complicado que los ciudadanos tengan incentivo alguno para participar de cualquier manera en tareas comunitarias o\u00a0para cumplir con obligaciones b\u00e1sicas, sobre todo las fiscales. Tal parece que mientras el [&#8230;]<\/p>\n<p>April 7, 2014<\/p><\/div>\n<h2><a title=\"Permalink to Marzo: #DanosUnNombre #EscritoresOaxaque\u00f1os\" href=\"http:\/\/www.eloriente.net\/home\/2014\/03\/05\/marzo-danosunnombre-de-escritoresoaxaquenos\/\" rel=\"bookmark\">Marzo: #DanosUnNombre #EscritoresOaxaque\u00f1os<\/a><\/h2>\n<p><a href=\"http:\/\/www.eloriente.net\/home\/2014\/03\/05\/marzo-danosunnombre-de-escritoresoaxaquenos\/\" rel=\"bookmark\"><img decoding=\"async\" title=\"Marzo: #DanosUnNombre #EscritoresOaxaque\u00f1os\" src=\"http:\/\/www.eloriente.net\/home\/wp-content\/themes\/city-desk\/timthumb.php?src=http%3A%2F%2Fwww.eloriente.net%2Fhome%2Fwp-content%2Fuploads%2F2014%2F03%2FOctavio-Paz-Algunos-derechos-reservados-por-Arturo-Espinosa.jpg&amp;q=90&amp;w=160&amp;h=106&amp;zc=1\" alt=\"Marzo: #DanosUnNombre #EscritoresOaxaque\u00f1os\" \/><\/a><\/p>\n<p>eloriente.net 5 de marzo de 2014 \u00a0 Imagen: Algunos derechos reservados por Arturo Espinosa Editorial ELORIENTE.NET: Dice el extraordinario y querido poeta Jorge Fern\u00e1ndez Granados que la lecci\u00f3n m\u00e1s vigente de Octavio Paz, \u201cse encuentra en su testamento cr\u00edtico. El recurso de la interrogaci\u00f3n permanente hizo de su pensamiento una herramienta de precisi\u00f3n que no [&#8230;]<\/p>\n<p>March 5, 2014<\/p>\n\n\t\t\t  <div \n\t\t\t  \tclass = \"fb-comments\" \n\t\t\t  \tdata-href = \"http:\/\/www.eloriente.net\/home\/2014\/05\/09\/los-senadores-clave-escribeles\/\"\n\t\t\t  \tdata-numposts = \"10\"\n\t\t\t\tdata-colorscheme = \"dark\"\n\t\t\t\tdata-order-by = \"social\"\n\t\t\t\tdata-mobile=true>\n\t\t\t  <\/div>\n\t\t  <style>\n\t\t\t.fb_iframe_widget_fluid_desktop iframe {\n\t\t\t    width: 100% !important;\n\t\t\t}\n\t\t  <\/style>\n\t\t  ","protected":false},"excerpt":{"rendered":"<p>eloriente.net 8 de mayo de 2014 Ninguna ciudadana o ciudadano deber\u00eda rehuir a la responsabilidad de hacer llegar sus reflexiones, comentarios y propuestas a los legisladores que en se encuentran, en estos d\u00edas, revisando y elaborando algunas de las leyes secundarias m\u00e1s importantes para el pa\u00eds: la energ\u00e9tica (en la que est\u00e1 en juego el [&hellip;]<\/p>\n","protected":false},"author":1,"featured_media":18543,"comment_status":"open","ping_status":"open","sticky":false,"template":"","format":"standard","meta":{"_jetpack_memberships_contains_paid_content":false,"footnotes":""},"categories":[9,32,21],"tags":[],"class_list":["post-25594","post","type-post","status-publish","format-standard","has-post-thumbnail","hentry","category-editorial","category-entradas","category-politica-y-gobierno"],"jetpack_featured_media_url":"http:\/\/www.eloriente.net\/home\/wp-content\/uploads\/2013\/12\/senado1.jpg","jetpack_sharing_enabled":true,"_links":{"self":[{"href":"http:\/\/www.eloriente.net\/home\/wp-json\/wp\/v2\/posts\/25594"}],"collection":[{"href":"http:\/\/www.eloriente.net\/home\/wp-json\/wp\/v2\/posts"}],"about":[{"href":"http:\/\/www.eloriente.net\/home\/wp-json\/wp\/v2\/types\/post"}],"author":[{"embeddable":true,"href":"http:\/\/www.eloriente.net\/home\/wp-json\/wp\/v2\/users\/1"}],"replies":[{"embeddable":true,"href":"http:\/\/www.eloriente.net\/home\/wp-json\/wp\/v2\/comments?post=25594"}],"version-history":[{"count":2,"href":"http:\/\/www.eloriente.net\/home\/wp-json\/wp\/v2\/posts\/25594\/revisions"}],"predecessor-version":[{"id":25597,"href":"http:\/\/www.eloriente.net\/home\/wp-json\/wp\/v2\/posts\/25594\/revisions\/25597"}],"wp:featuredmedia":[{"embeddable":true,"href":"http:\/\/www.eloriente.net\/home\/wp-json\/wp\/v2\/media\/18543"}],"wp:attachment":[{"href":"http:\/\/www.eloriente.net\/home\/wp-json\/wp\/v2\/media?parent=25594"}],"wp:term":[{"taxonomy":"category","embeddable":true,"href":"http:\/\/www.eloriente.net\/home\/wp-json\/wp\/v2\/categories?post=25594"},{"taxonomy":"post_tag","embeddable":true,"href":"http:\/\/www.eloriente.net\/home\/wp-json\/wp\/v2\/tags?post=25594"}],"curies":[{"name":"wp","href":"https:\/\/api.w.org\/{rel}","templated":true}]}}