{"id":25608,"date":"2014-05-09T11:13:28","date_gmt":"2014-05-09T17:13:28","guid":{"rendered":"http:\/\/www.eloriente.net\/home\/?p=25608"},"modified":"2014-05-09T11:26:57","modified_gmt":"2014-05-09T17:26:57","slug":"aqui-la-lista-de-seleccionados-de-mexico-para-brasil-2014","status":"publish","type":"post","link":"http:\/\/www.eloriente.net\/home\/2014\/05\/09\/aqui-la-lista-de-seleccionados-de-mexico-para-brasil-2014\/","title":{"rendered":"Aqu\u00ed la lista de seleccionados de M\u00e9xico para Brasil 2014"},"content":{"rendered":"<p>eloriente.net<\/p>\n<p>9 de mayo de 2014<\/p>\n<p>Miguel Herrera, Director T\u00e9cnico de M\u00e9xico, dio a conocer los jugadores nacionales que competir\u00e1n en la selecci\u00f3n para el Mundial 2014 en Brasil, durante una conferencia de prensa acompa\u00f1ado de Ricardo Pel\u00e1ez y H\u00e9ctor Gonz\u00e1lez I\u00f1\u00e1rritu.<\/p>\n<p>La lista completa de 23 jugadores es la siguiente:<\/p>\n<p><strong>Porteros:<\/strong><\/p>\n<p>1. Jos\u00e9 de Jes\u00fas Corona<\/p>\n<p>2. Guillermo Ochoa<\/p>\n<p>3. Alfredo Talavera<\/p>\n<p><strong>Defensas:<\/strong><\/p>\n<p>4. Paul Aguilar<\/p>\n<p>5. Andr\u00e9s Guardado<\/p>\n<p>6. Miguel Lay\u00fan<\/p>\n<p>7. Rafael M\u00e1rquez<\/p>\n<p>8. H\u00e9ctor Moreno<\/p>\n<p>9. Diego Reyes<\/p>\n<p>10. Francisco Javier Rodr\u00edguez<\/p>\n<p>11. Carlos Salcido<\/p>\n<p><strong>Medios:<\/strong><\/p>\n<p>12. Isaac Brizuela<\/p>\n<p>13. Marco Fabi\u00e1n<\/p>\n<p>14. H\u00e9ctor Herrera<\/p>\n<p>15. Juan Carlos Medina<\/p>\n<p>16. Luis Montes<\/p>\n<p>17. Carlos Pe\u00f1a<\/p>\n<p>18. Jos\u00e9 Juan V\u00e1squez<\/p>\n<p><strong>Delanteros:<\/strong><\/p>\n<p>19. Giovani Dos Santos<\/p>\n<p>20. Javier Hern\u00e1ndez<\/p>\n<p>21. Ra\u00fal Alonso Jim\u00e9nez<\/p>\n<p>22. Oribe Peralta<\/p>\n<p>23. Alan Pulido<\/p>\n<p>&nbsp;<\/p>\n<p><a href=\"http:\/\/www.eloriente.net\/home\/wp-content\/uploads\/2014\/05\/Maracana\u0301-Estadium-Algunos-derechos-reservados-por-Leandros-World-Tour.jpg\"><img loading=\"lazy\" decoding=\"async\" class=\"alignnone size-medium wp-image-25611\" title=\"Maracana\u0301 Estadium Algunos derechos reservados por Leandro's World Tour\" src=\"http:\/\/www.eloriente.net\/home\/wp-content\/uploads\/2014\/05\/Maracana\u0301-Estadium-Algunos-derechos-reservados-por-Leandros-World-Tour-300x199.jpg\" alt=\"\" width=\"300\" height=\"199\" srcset=\"http:\/\/www.eloriente.net\/home\/wp-content\/uploads\/2014\/05\/Maracana\u0301-Estadium-Algunos-derechos-reservados-por-Leandros-World-Tour-300x199.jpg 300w, http:\/\/www.eloriente.net\/home\/wp-content\/uploads\/2014\/05\/Maracana\u0301-Estadium-Algunos-derechos-reservados-por-Leandros-World-Tour.jpg 1024w\" sizes=\"(max-width: 300px) 100vw, 300px\" \/><\/a><\/p>\n<p>Foto: Maracan\u00e1 Stadium <a title=\"Attribution License\" href=\"https:\/\/creativecommons.org\/licenses\/by\/2.0\/\">Algunos derechos reservados<\/a>\u00a0por\u00a0<a href=\"https:\/\/www.flickr.com\/photos\/leandrociuffo\/\">Leandro&#8217;s World Tour<\/a><\/p>\n<p>&nbsp;<\/p>\n<p><strong>Otras Entradas:<\/strong><\/p>\n<p><a title=\"Permalink to Brasil: una tradici\u00f3n infaltable a los mundiales, un art\u00edculo de Alfredo Woolrich\" href=\"http:\/\/www.eloriente.net\/home\/2014\/05\/08\/brasil-una-tradicion-infaltable-a-los-mundiales-un-articulo-de-alfredo-woolrich\/\" rel=\"bookmark\">Brasil: una tradici\u00f3n infaltable a los mundiales, un art\u00edculo de Alfredo Woolrich<\/a><\/p>\n<p><a href=\"http:\/\/www.eloriente.net\/home\/2014\/05\/08\/brasil-una-tradicion-infaltable-a-los-mundiales-un-articulo-de-alfredo-woolrich\/\" rel=\"bookmark\"><img decoding=\"async\" title=\"Brasil: una tradici\u00f3n infaltable a los mundiales, un art\u00edculo de Alfredo Woolrich\" src=\"http:\/\/www.eloriente.net\/home\/wp-content\/themes\/city-desk\/timthumb.php?src=http%3A%2F%2Fwww.eloriente.net%2Fhome%2Fwp-content%2Fuploads%2F2014%2F05%2FBrasil-2014-Foto-FIDAAFP.jpg&amp;q=90&amp;w=160&amp;h=106&amp;zc=1\" alt=\"Brasil: una tradici\u00f3n infaltable a los mundiales, un art\u00edculo de Alfredo Woolrich\" \/><\/a><\/p>\n<p>eloriente.net 8 de mayo de 2014 Por: Alfredo Woolrich Tras cuatro a\u00f1os de espera desde el \u00faltimo mundial, Brasil 2014 est\u00e1 a la vuelta de la esquina. Es la segunda vez que el \u00fanico pa\u00eds pentacampe\u00f3n del mundo organiza el evento y aunque los grandes favoritos para quedarse con el trofeo, la historia de la [&#8230;]<\/p>\n<p id=\"post-25540\">May 8, 2014<\/p>\n<p><a title=\"Permalink to Estrenar\u00e1 M\u00e9xico estadio das Dunas contra Camer\u00fan #S\u00e1badoMundialista\" href=\"http:\/\/www.eloriente.net\/home\/2014\/05\/03\/estrenara-mexico-estadio-das-dunas-contra-camerun-sabadomundialista\/\" rel=\"bookmark\">Estrenar\u00e1 M\u00e9xico estadio das Dunas contra Camer\u00fan #S\u00e1badoMundialista<\/a><\/p>\n<p><a href=\"http:\/\/www.eloriente.net\/home\/2014\/05\/03\/estrenara-mexico-estadio-das-dunas-contra-camerun-sabadomundialista\/\" rel=\"bookmark\"><img decoding=\"async\" title=\"Estrenar\u00e1 M\u00e9xico estadio das Dunas contra Camer\u00fan #S\u00e1badoMundialista\" src=\"http:\/\/www.eloriente.net\/home\/wp-content\/themes\/city-desk\/timthumb.php?src=http%3A%2F%2Fwww.eloriente.net%2Fhome%2Fwp-content%2Fuploads%2F2014%2F05%2FDas-Dunas-1.jpg&amp;q=90&amp;w=160&amp;h=106&amp;zc=1\" alt=\"Estrenar\u00e1 M\u00e9xico estadio das Dunas contra Camer\u00fan #S\u00e1badoMundialista\" \/><\/a><\/p>\n<p>eloriente.net 3 de mayo de 2014 Estamos a 41 d\u00edas del inicio del evento m\u00e1s esperado del a\u00f1o, la Copa Mundial de F\u00fatbol, Brasil 2014; bastar\u00e1n menos de 24 horas despu\u00e9s de la inauguraci\u00f3n para emocionarnos con la primer contienda de la selecci\u00f3n mexicana, en contra de la escuadra de Camer\u00fan. En punto de las [&#8230;]<\/p>\n<p id=\"post-25227\">May 3, 2014<\/p>\n<div id=\"post-25206\">\n<p><a title=\"Permalink to \u201cDar um Jeito\u201d, himno oficial de Brasil 2014 #S\u00e1badoMundialista\" href=\"http:\/\/www.eloriente.net\/home\/2014\/05\/03\/dar-um-jeito-himno-oficial-de-brasil-2014-sabadomundialista\/\" rel=\"bookmark\">\u201cDar um Jeito\u201d, himno oficial de Brasil 2014 #S\u00e1badoMundialista<\/a><\/p>\n<p><a href=\"http:\/\/www.eloriente.net\/home\/2014\/05\/03\/dar-um-jeito-himno-oficial-de-brasil-2014-sabadomundialista\/\" rel=\"bookmark\"><img decoding=\"async\" title=\"\u201cDar um Jeito\u201d, himno oficial de Brasil 2014 #S\u00e1badoMundialista\" src=\"http:\/\/www.eloriente.net\/home\/wp-content\/themes\/city-desk\/timthumb.php?src=http%3A%2F%2Fwww.eloriente.net%2Fhome%2Fwp-content%2Fuploads%2F2014%2F05%2FCanci%C3%B3n-Mundial-Por-FIFA.jpg&amp;q=90&amp;w=160&amp;h=106&amp;zc=1\" alt=\"\u201cDar um Jeito\u201d, himno oficial de Brasil 2014 #S\u00e1badoMundialista\" \/><\/a><\/p>\n<p>eloriente.net 3 de mayo de 2014 Video:\u00a0SantanaVEVO \u00a0 Recientemente, la FIFA y la empresa discogr\u00e1fica Sony Music Entertainment anunciaron que el himno oficial de la Copa Mundial de F\u00fatbol, Brasil 2014, ser\u00e1 la canci\u00f3n titulada \u201cDar um Jeito\u201d (Encontrando un camino), interpretada por\u00a0Carlos Santana, Wyclef, Avicii y Alexandre Pires. De acuerdo con los organizadores,\u00a0Dar um [&#8230;]<\/p>\n<\/div>\n\n\t\t\t  <div \n\t\t\t  \tclass = \"fb-comments\" \n\t\t\t  \tdata-href = \"http:\/\/www.eloriente.net\/home\/2014\/05\/09\/aqui-la-lista-de-seleccionados-de-mexico-para-brasil-2014\/\"\n\t\t\t  \tdata-numposts = \"10\"\n\t\t\t\tdata-colorscheme = \"dark\"\n\t\t\t\tdata-order-by = \"social\"\n\t\t\t\tdata-mobile=true>\n\t\t\t  <\/div>\n\t\t  <style>\n\t\t\t.fb_iframe_widget_fluid_desktop iframe {\n\t\t\t    width: 100% !important;\n\t\t\t}\n\t\t  <\/style>\n\t\t  ","protected":false},"excerpt":{"rendered":"<p>eloriente.net 9 de mayo de 2014 Miguel Herrera, Director T\u00e9cnico de M\u00e9xico, dio a conocer los jugadores nacionales que competir\u00e1n en la selecci\u00f3n para el Mundial 2014 en Brasil, durante una conferencia de prensa acompa\u00f1ado de Ricardo Pel\u00e1ez y H\u00e9ctor Gonz\u00e1lez I\u00f1\u00e1rritu. La lista completa de 23 jugadores es la siguiente: Porteros: 1. Jos\u00e9 de [&hellip;]<\/p>\n","protected":false},"author":1,"featured_media":25611,"comment_status":"open","ping_status":"open","sticky":false,"template":"","format":"standard","meta":{"_jetpack_memberships_contains_paid_content":false,"footnotes":""},"categories":[245,15,32,10,31],"tags":[],"class_list":["post-25608","post","type-post","status-publish","format-standard","has-post-thumbnail","hentry","category-brasil-2014","category-deportes","category-entradas","category-lo-mas-reciente","category-principal"],"jetpack_featured_media_url":"http:\/\/www.eloriente.net\/home\/wp-content\/uploads\/2014\/05\/Maracana\u0301-Estadium-Algunos-derechos-reservados-por-Leandros-World-Tour.jpg","jetpack_sharing_enabled":true,"_links":{"self":[{"href":"http:\/\/www.eloriente.net\/home\/wp-json\/wp\/v2\/posts\/25608"}],"collection":[{"href":"http:\/\/www.eloriente.net\/home\/wp-json\/wp\/v2\/posts"}],"about":[{"href":"http:\/\/www.eloriente.net\/home\/wp-json\/wp\/v2\/types\/post"}],"author":[{"embeddable":true,"href":"http:\/\/www.eloriente.net\/home\/wp-json\/wp\/v2\/users\/1"}],"replies":[{"embeddable":true,"href":"http:\/\/www.eloriente.net\/home\/wp-json\/wp\/v2\/comments?post=25608"}],"version-history":[{"count":7,"href":"http:\/\/www.eloriente.net\/home\/wp-json\/wp\/v2\/posts\/25608\/revisions"}],"predecessor-version":[{"id":25615,"href":"http:\/\/www.eloriente.net\/home\/wp-json\/wp\/v2\/posts\/25608\/revisions\/25615"}],"wp:featuredmedia":[{"embeddable":true,"href":"http:\/\/www.eloriente.net\/home\/wp-json\/wp\/v2\/media\/25611"}],"wp:attachment":[{"href":"http:\/\/www.eloriente.net\/home\/wp-json\/wp\/v2\/media?parent=25608"}],"wp:term":[{"taxonomy":"category","embeddable":true,"href":"http:\/\/www.eloriente.net\/home\/wp-json\/wp\/v2\/categories?post=25608"},{"taxonomy":"post_tag","embeddable":true,"href":"http:\/\/www.eloriente.net\/home\/wp-json\/wp\/v2\/tags?post=25608"}],"curies":[{"name":"wp","href":"https:\/\/api.w.org\/{rel}","templated":true}]}}