{"id":25725,"date":"2014-05-12T07:06:45","date_gmt":"2014-05-12T13:06:45","guid":{"rendered":"http:\/\/www.eloriente.net\/home\/?p=25725"},"modified":"2014-05-12T07:59:50","modified_gmt":"2014-05-12T13:59:50","slug":"hoy-se-cumplen-20-anos-del-primer-debate-presidencial-en-mexico-video","status":"publish","type":"post","link":"http:\/\/www.eloriente.net\/home\/2014\/05\/12\/hoy-se-cumplen-20-anos-del-primer-debate-presidencial-en-mexico-video\/","title":{"rendered":"Hoy se cumplen 20 a\u00f1os del primer Debate Presidencial en M\u00e9xico (Video)"},"content":{"rendered":"<p>eloriente.net<\/p>\n<p>12 de mayo de 2014<\/p>\n<p>\u00abFinalmente lleg\u00f3 el tiempo del esperado debate. Es una ocasi\u00f3n sin precedentes para los candidatos que estamos impulsando el cambio democr\u00e1tico, en una televisi\u00f3n que ha estado cerrada para nosotros\u00bb, fueron las primeras palabras pronunciadas en un debate presidencial televisado en M\u00e9xico, el de 1994. Y lo fueron por el candidato del Partido de la Revoluci\u00f3n Democr\u00e1tica (PRD), <a href=\"https:\/\/twitter.com\/c_cardenas_s\" target=\"_blank\">Cuauht\u00e9moc C\u00e1rdenas Sol\u00f3rzano<\/a>.<\/p>\n<p>Moderado por la periodista Mayt\u00e9 Noriega, participaron en el debate: Ernesto Zedillo Ponce de Le\u00f3n, del oficialista Partido Revolucionario Institucional (PRI); Diego Fern\u00e1ndez de Cevallos, del derechista Partido Acci\u00f3n Nacional (PAN); y el propio C\u00e1rdenas.<\/p>\n<p>Se trataba de los 3 candidatos punteros, de los m\u00e1s que compitieron por la presidencia de M\u00e9xico en 1994, entre ellos: Cecilia Soto, del Partido del Trabajo (PT); Jorge Gonz\u00e1lez Torres, del Partido Verde Ecologista de M\u00e9xico (PVEM); Rafael Aguilar Talamantes, del Partido del Frente Cardenista de Reconstrucci\u00f3n Nacional (PFCRN); \u00c1lvaro P\u00e9rez Trevi\u00f1o, del Partido Aut\u00e9ntico de la Revoluci\u00f3n Mexicana (PARM); Marcela Lombardo Toledano, del Partido Popular Socialista (PPS); y Pablo Emilio Madero, del Partido Dem\u00f3crata Mexicano (PDM).<\/p>\n<p>Luego del encuentro, que podr\u00e1s ver a continuaci\u00f3n, se ha comentado en numerosas ocasiones que es Diego Fern\u00e1ndez el candidato que tuvo los mejores resultados p\u00fablicos. \u00abNo Doctor Zedillo, no solo venimos aqu\u00ed a hablar de futuro; para hablar del futuro tenemos que hablar del presente, y para entender del presente tenemos que hablar del pasado\u00bb, espet\u00f3 Fern\u00e1ndez en su primera intervenci\u00f3n.<\/p>\n<p>Hoy se cumplen 20 a\u00f1os de aquel primer encuentro del 12 de mayo de 1994.<\/p>\n<p>&nbsp;<\/p>\n<p><iframe loading=\"lazy\" src=\"\/\/www.youtube.com\/embed\/cdQnlnZcoMo?list=PL73963F7036BB5C9A\" frameborder=\"0\" width=\"560\" height=\"315\"><\/iframe><\/p>\n<p>&nbsp;<\/p>\n<p><a href=\"http:\/\/www.eloriente.net\/home\/wp-content\/uploads\/2014\/05\/Captura-de-pantalla-2014-05-12-a-las-07.49.40.png\"><img loading=\"lazy\" decoding=\"async\" class=\"alignnone size-medium wp-image-25726\" title=\"Captura Debate Presidencial 1994\" src=\"http:\/\/www.eloriente.net\/home\/wp-content\/uploads\/2014\/05\/Captura-de-pantalla-2014-05-12-a-las-07.49.40-300x162.png\" alt=\"\" width=\"300\" height=\"162\" srcset=\"http:\/\/www.eloriente.net\/home\/wp-content\/uploads\/2014\/05\/Captura-de-pantalla-2014-05-12-a-las-07.49.40-300x162.png 300w, http:\/\/www.eloriente.net\/home\/wp-content\/uploads\/2014\/05\/Captura-de-pantalla-2014-05-12-a-las-07.49.40.png 638w\" sizes=\"(max-width: 300px) 100vw, 300px\" \/><\/a><\/p>\n<p>Foto: Captura<\/p>\n<p>&nbsp;<\/p>\n<p><strong>Otras Entradas:<\/strong><\/p>\n<p><a title=\"Permalink to Los Senadores Clave: escr\u00edbeles\" href=\"http:\/\/www.eloriente.net\/home\/2014\/05\/09\/los-senadores-clave-escribeles\/\" rel=\"bookmark\">Los Senadores Clave: escr\u00edbeles<\/a><\/p>\n<p><a href=\"http:\/\/www.eloriente.net\/home\/2014\/05\/09\/los-senadores-clave-escribeles\/\" rel=\"bookmark\"><img decoding=\"async\" title=\"Los Senadores Clave: escr\u00edbeles\" src=\"http:\/\/www.eloriente.net\/home\/wp-content\/themes\/city-desk\/timthumb.php?src=http%3A%2F%2Fwww.eloriente.net%2Fhome%2Fwp-content%2Fuploads%2F2013%2F12%2Fsenado1.jpg&amp;q=90&amp;w=160&amp;h=106&amp;zc=1\" alt=\"Los Senadores Clave: escr\u00edbeles\" \/><\/a><\/p>\n<p>eloriente.net 8 de mayo de 2014 Ninguna ciudadana o ciudadano deber\u00eda rehuir a la responsabilidad de hacer llegar sus reflexiones, comentarios y propuestas a los legisladores que en se encuentran, en estos d\u00edas, revisando y elaborando algunas de las leyes secundarias m\u00e1s importantes para el pa\u00eds: la energ\u00e9tica (en la que est\u00e1 en juego el [&#8230;]<\/p>\n<p>May 9, 2014<\/p>\n<div id=\"post-25522\">\n<p><a title=\"Permalink to 8\/May\/14 En vivo: Presentaci\u00f3n de \u201cPactos para la igualdad: hacia un futuro sostenible\u201d\" href=\"http:\/\/www.eloriente.net\/home\/2014\/05\/08\/8may14-en-vivo-presentacion-pactos-para-la-igualdad-hacia-un-futuro-sostenible\/\" rel=\"bookmark\">8\/May\/14 En vivo: Presentaci\u00f3n de \u201cPactos para la igualdad: hacia un futuro sostenible\u201d<\/a><\/p>\n<p><a href=\"http:\/\/www.eloriente.net\/home\/2014\/05\/08\/8may14-en-vivo-presentacion-pactos-para-la-igualdad-hacia-un-futuro-sostenible\/\" rel=\"bookmark\"><img decoding=\"async\" title=\"8\/May\/14 En vivo: Presentaci\u00f3n de \u201cPactos para la igualdad: hacia un futuro sostenible\u201d\" src=\"http:\/\/www.eloriente.net\/home\/wp-content\/themes\/city-desk\/timthumb.php?src=http%3A%2F%2Fwww.eloriente.net%2Fhome%2Fwp-content%2Fuploads%2F2014%2F05%2FCEPAL.png&amp;q=90&amp;w=160&amp;h=106&amp;zc=1\" alt=\"8\/May\/14 En vivo: Presentaci\u00f3n de \u201cPactos para la igualdad: hacia un futuro sostenible\u201d\" \/><\/a><\/p>\n<p>eloriente.net 8 de mayo de 2014 En el marco del\u00a0Trig\u00e9simo quinto per\u00edodo de sesiones de la CEPAL, el cual se lleva a cabo en la ciudad de Lima, Per\u00fa, desde el pasado 5 de mayo hasta el pr\u00f3ximo viernes 9 de mayo de 2014. Esta ma\u00f1ana,\u00a0Alicia B\u00e1rcena Ibarra, Secretaria Ejecutiva de la\u00a0Comisi\u00f3n Econ\u00f3mica para Am\u00e9rica [&#8230;]<\/p>\n<p>May 8, 2014<\/p>\n<\/div>\n<div id=\"post-25485\">\n<p><a title=\"Permalink to Arrancan giras de capacitaci\u00f3n sobre derechos humanos en la Mixteca\" href=\"http:\/\/www.eloriente.net\/home\/2014\/05\/07\/arrancan-giras-de-capacitacion-sobre-derechos-humanos-en-la-mixteca\/\" rel=\"bookmark\">Arrancan giras de capacitaci\u00f3n sobre derechos humanos en la Mixteca<\/a><\/p>\n<p><a href=\"http:\/\/www.eloriente.net\/home\/2014\/05\/07\/arrancan-giras-de-capacitacion-sobre-derechos-humanos-en-la-mixteca\/\" rel=\"bookmark\"><img decoding=\"async\" title=\"Arrancan giras de capacitaci\u00f3n sobre derechos humanos en la Mixteca\" src=\"http:\/\/www.eloriente.net\/home\/wp-content\/themes\/city-desk\/timthumb.php?src=http%3A%2F%2Fwww.eloriente.net%2Fhome%2Fwp-content%2Fuploads%2F2014%2F05%2FDerechos-humanos-Por-TSJ.jpg&amp;q=90&amp;w=160&amp;h=106&amp;zc=1\" alt=\"Arrancan giras de capacitaci\u00f3n sobre derechos humanos en la Mixteca\" \/><\/a><\/p>\n<p>eloriente.net\/TSJ 7 de mayo de 2014 Instituciones y organizaciones no gubernamentales\u00a0capacitar\u00e1n a juzgadores en temas relacionados con perspectiva\u00a0ind\u00edgena y derechos humanos. Como parte del proceso de transformaci\u00f3n del Poder Judicial del Estado\u00a0para brindar a la poblaci\u00f3n una justicia de puertas abiertas, adem\u00e1s\u00a0de acercar a las instituciones y organizaciones no gubernamentales al\u00a0quehacer de los juzgadores, en [&#8230;]<\/p>\n<p>May 7, 2014<\/p>\n<\/div>\n\n\t\t\t  <div \n\t\t\t  \tclass = \"fb-comments\" \n\t\t\t  \tdata-href = \"http:\/\/www.eloriente.net\/home\/2014\/05\/12\/hoy-se-cumplen-20-anos-del-primer-debate-presidencial-en-mexico-video\/\"\n\t\t\t  \tdata-numposts = \"10\"\n\t\t\t\tdata-colorscheme = \"dark\"\n\t\t\t\tdata-order-by = \"social\"\n\t\t\t\tdata-mobile=true>\n\t\t\t  <\/div>\n\t\t  <style>\n\t\t\t.fb_iframe_widget_fluid_desktop iframe {\n\t\t\t    width: 100% !important;\n\t\t\t}\n\t\t  <\/style>\n\t\t  ","protected":false},"excerpt":{"rendered":"<p>eloriente.net 12 de mayo de 2014 \u00abFinalmente lleg\u00f3 el tiempo del esperado debate. Es una ocasi\u00f3n sin precedentes para los candidatos que estamos impulsando el cambio democr\u00e1tico, en una televisi\u00f3n que ha estado cerrada para nosotros\u00bb, fueron las primeras palabras pronunciadas en un debate presidencial televisado en M\u00e9xico, el de 1994. Y lo fueron por [&hellip;]<\/p>\n","protected":false},"author":1,"featured_media":25726,"comment_status":"open","ping_status":"open","sticky":false,"template":"","format":"standard","meta":{"_jetpack_memberships_contains_paid_content":false,"footnotes":""},"categories":[6,32,10,24,21],"tags":[],"class_list":["post-25725","post","type-post","status-publish","format-standard","has-post-thumbnail","hentry","category-canal-4-especiales","category-entradas","category-lo-mas-reciente","category-mexico-y-el-mundo","category-politica-y-gobierno"],"jetpack_featured_media_url":"http:\/\/www.eloriente.net\/home\/wp-content\/uploads\/2014\/05\/Captura-de-pantalla-2014-05-12-a-las-07.49.40.png","jetpack_sharing_enabled":true,"_links":{"self":[{"href":"http:\/\/www.eloriente.net\/home\/wp-json\/wp\/v2\/posts\/25725"}],"collection":[{"href":"http:\/\/www.eloriente.net\/home\/wp-json\/wp\/v2\/posts"}],"about":[{"href":"http:\/\/www.eloriente.net\/home\/wp-json\/wp\/v2\/types\/post"}],"author":[{"embeddable":true,"href":"http:\/\/www.eloriente.net\/home\/wp-json\/wp\/v2\/users\/1"}],"replies":[{"embeddable":true,"href":"http:\/\/www.eloriente.net\/home\/wp-json\/wp\/v2\/comments?post=25725"}],"version-history":[{"count":4,"href":"http:\/\/www.eloriente.net\/home\/wp-json\/wp\/v2\/posts\/25725\/revisions"}],"predecessor-version":[{"id":25728,"href":"http:\/\/www.eloriente.net\/home\/wp-json\/wp\/v2\/posts\/25725\/revisions\/25728"}],"wp:featuredmedia":[{"embeddable":true,"href":"http:\/\/www.eloriente.net\/home\/wp-json\/wp\/v2\/media\/25726"}],"wp:attachment":[{"href":"http:\/\/www.eloriente.net\/home\/wp-json\/wp\/v2\/media?parent=25725"}],"wp:term":[{"taxonomy":"category","embeddable":true,"href":"http:\/\/www.eloriente.net\/home\/wp-json\/wp\/v2\/categories?post=25725"},{"taxonomy":"post_tag","embeddable":true,"href":"http:\/\/www.eloriente.net\/home\/wp-json\/wp\/v2\/tags?post=25725"}],"curies":[{"name":"wp","href":"https:\/\/api.w.org\/{rel}","templated":true}]}}