{"id":25759,"date":"2014-05-12T16:52:13","date_gmt":"2014-05-12T22:52:13","guid":{"rendered":"http:\/\/www.eloriente.net\/home\/?p=25759"},"modified":"2014-05-12T16:57:40","modified_gmt":"2014-05-12T22:57:40","slug":"pueblos-indigenas-los-excluidos-en-reforma-politico-electoral-victor-leonel-juan","status":"publish","type":"post","link":"http:\/\/www.eloriente.net\/home\/2014\/05\/12\/pueblos-indigenas-los-excluidos-en-reforma-politico-electoral-victor-leonel-juan\/","title":{"rendered":"Pueblos ind\u00edgenas, los excluidos en reforma pol\u00edtico electoral: V\u00edctor Leonel Juan"},"content":{"rendered":"<p>eloriente.net<\/p>\n<p>12 de mayo de 2014<\/p>\n<p>\u00abUno de los temas excluidos en la legislaci\u00f3n secundaria de la reforma constitucional en materia pol\u00edtico electoral es la autonom\u00eda pol\u00edtica de los pueblos ind\u00edgenas\u00bb, as\u00ed lo dio a conocer V\u00edctor Leonel Juan Mart\u00ednez, periodista zapoteco y consejero del Instituto Estatal Electoral y de Participaci\u00f3n Ciudadana de Oaxaca (IEEPCO) en su art\u00edculo \u00abLos excluidos de siempre. Pueblos ind\u00edgenas y reforma electoral\u00bb.<\/p>\n<p>De acuerdo con el consejero Juan Mart\u00ednez, en m\u00e1s del 17% del total de municipios en el pa\u00eds se ejerce autonom\u00eda pol\u00edtica formal y cotidianamente, para la elecci\u00f3n de sus gobiernos locales y como base organizativa de sus poblaciones.<\/p>\n<p>\u00abEn 2013, 417 municipios de Oaxaca eligieron ayuntamientos por Sistemas Normativos Internos (SNI), antes usos y costumbres; y en 2012 lo hizo por ese r\u00e9gimen el municipio de Cher\u00e1n, en Michoac\u00e1n\u00bb, se\u00f1al\u00f3 el funcionario del \u00f3rgano responsable de organizar y desarrollar las elecciones locales.<\/p>\n<p>Asimismo, indic\u00f3 que en este a\u00f1o 5 mil comunidades de Veracruz elegir\u00e1n a sus autoridades a trav\u00e9s de SNI y otras miles en Sonora, San Luis Potos\u00ed y Tlaxcala. Por su parte, asegur\u00f3 que en una decena de municipios en Guerrero y Puebla han solicitado un cambio de r\u00e9gimen, de partidos pol\u00edticos a SNI.<\/p>\n<p>Tambi\u00e9n, V\u00edctor Leonel Juan Mart\u00ednez record\u00f3 que en 2001 la Constituci\u00f3n Pol\u00edtica reconoci\u00f3 la diversidad cultural de M\u00e9xico, presente a trav\u00e9s de sus 62 pueblos ind\u00edgenas. En su art\u00edculo segundo, se establece el derecho a la libre determinaci\u00f3n de los pueblos ind\u00edgenas, para la elecci\u00f3n de sus gobernantes mediante sus propios\u00a0principios, reglas, procedimientos e instituciones, es decir, sus SNI.<\/p>\n<p>A partir de dichas modificaciones constitucionles, se estableci\u00f3 en el pa\u00eds un sistema electoral dual que posibilit\u00f3 la democracia representativa, a trav\u00e9s del principio de mayor\u00eda relativa entre partidos pol\u00edticos; y el r\u00e9gimen de los SNI como una forma aut\u00f3noma de votaci\u00f3n en los pueblos ind\u00edgenas.<\/p>\n<p>En primera instancia, Juan Mart\u00ednez afirm\u00f3 que la reci\u00e9n aprobada reforma pol\u00edtica electoral no posee la claridad necesaria para comprender las competencias de los \u00f3rganos locales y el federal; as\u00ed como la dependencia que tendr\u00e1n los Congresos en cada estado respecto al Instituto Nacional Electoral (INE). Por lo que, consider\u00f3 como importante aclarar las funciones de cada instituci\u00f3n en la legislaci\u00f3n secundaria para evitar evadan sus responsabilidades.<\/p>\n<p>Segundo, enunci\u00f3 que en la legislaci\u00f3n secundaria se debe incluir los requisitos para obtener el cargo de consejero o magistrado, quienes integrar\u00e1n a los \u00f3rganos y tribunales electorales locales. No omitiendo, la necesidad de que los funcionarios posean conocimientos y experiencia en materia de Sistemas Normativos Internos, para poder tratar asuntos pol\u00edticos y electorales en los pueblos ind\u00edgenas.<\/p>\n<p>De igual forma, a\u00f1adi\u00f3 que los c\u00f3digos electorales de los estadios de Chiapas, Durango, Guerrero, Nayarit, Oaxaca, Puebla, Quer\u00e9taro, San Luis Potos\u00ed, Sonora, Tabasco, Tlaxcala y Veracruz obligan a sus \u00f3rganos electorales atender las elecciones por el r\u00e9gimen del SNI.<\/p>\n<p>Tercero, es indispensable analizar los procesos electorales desde una perspectiva intercultural para comprender las diferentes realidades de cada comunidad: sus formas de organizaci\u00f3n pol\u00edtica, sus principios para el acceso y ejercicio de la ciudadan\u00eda y el dilema entre derechos individuales y colectivos.<\/p>\n<p>Finalmente, V\u00edctor Leonel Juan Mart\u00ednez\u00a0asegur\u00f3 que esto evitar\u00e1 poner en riesgo la supervivencia de pueblos y comunidades ind\u00edgenas,\u00a0la\u00a0gobernabilidad en diferentes regiones del pa\u00eds\u00a0y la esencia de la naci\u00f3n mexicana.<\/p>\n<p>&nbsp;<\/p>\n<p><a href=\"http:\/\/www.eloriente.net\/home\/wp-content\/uploads\/2014\/05\/Indigenas-Por-Hector-Garcia.jpg\"><img loading=\"lazy\" decoding=\"async\" class=\"alignnone size-medium wp-image-25760\" title=\"Indigenas-Por Hector Garcia\" src=\"http:\/\/www.eloriente.net\/home\/wp-content\/uploads\/2014\/05\/Indigenas-Por-Hector-Garcia-300x225.jpg\" alt=\"\" width=\"300\" height=\"225\" srcset=\"http:\/\/www.eloriente.net\/home\/wp-content\/uploads\/2014\/05\/Indigenas-Por-Hector-Garcia-300x225.jpg 300w, http:\/\/www.eloriente.net\/home\/wp-content\/uploads\/2014\/05\/Indigenas-Por-Hector-Garcia.jpg 1024w\" sizes=\"(max-width: 300px) 100vw, 300px\" \/><\/a><\/p>\n<p>Foto:\u00a0<a href=\"https:\/\/www.flickr.com\/photos\/hectorgarcia\/\">Hector Garcia<\/a><\/p>\n<p>&nbsp;<\/p>\n<p><strong>Entradas relacionadas:<\/strong><\/p>\n<p><a title=\"Permalink to El reconocimiento de la interculturalidad en el sector empresarial. Un art\u00edculo de C\u00e9sar Conde\" href=\"http:\/\/www.eloriente.net\/home\/2014\/03\/19\/el-reconocimiento-de-la-interculturalidad-en-el-sector-empresarial-un-articulo-de-cesar-conde\/\" rel=\"bookmark\">El reconocimiento de la interculturalidad en el sector empresarial. Un art\u00edculo de C\u00e9sar Conde<\/a><\/p>\n<p><a href=\"http:\/\/www.eloriente.net\/home\/2014\/03\/19\/el-reconocimiento-de-la-interculturalidad-en-el-sector-empresarial-un-articulo-de-cesar-conde\/\" rel=\"bookmark\"><img decoding=\"async\" title=\"El reconocimiento de la interculturalidad en el sector empresarial. Un art\u00edculo de C\u00e9sar Conde\" src=\"http:\/\/www.eloriente.net\/home\/wp-content\/themes\/city-desk\/timthumb.php?src=http%3A%2F%2Fwww.eloriente.net%2Fhome%2Fwp-content%2Fuploads%2F2014%2F03%2F%C3%81ngel-Por-Virtual_Raider.jpg&amp;q=90&amp;w=160&amp;h=106&amp;zc=1\" alt=\"El reconocimiento de la interculturalidad en el sector empresarial. Un art\u00edculo de C\u00e9sar Conde\" \/><\/a><\/p>\n<p>eloriente.net 19 de marzo de 2014 Por: C\u00e9sar A. Conde Rodr\u00edguez* El reconocimiento de la interculturalidad como una herramienta fundamental en el sector empresarial De acuerdo con Jos\u00e9 M. S\u00e1nchez, la interculturalidad es un complejo de relaciones m\u00faltiples, negociaciones e intercambios culturales diversos. Busca desarrollar una interrelaci\u00f3n equitativa entre pueblos, personas, conocimientos y pr\u00e1cticas culturalmente [&#8230;]<\/p>\n<p>March 19, 2014<\/p>\n<div id=\"post-19351\">\n<p><a title=\"Permalink to Identidades culturales y \u00e9tnicas: reflexiones de inicio de a\u00f1o. Un ensayo de Olga Montes\" href=\"http:\/\/www.eloriente.net\/home\/2014\/03\/19\/identidades-culturales-y-etnicas-reflexiones-de-inicio-de-ano-un-ensayo-de-olga-montes\/\" rel=\"bookmark\">Identidades culturales y \u00e9tnicas: reflexiones de inicio de a\u00f1o. Un ensayo de Olga Montes<\/a><\/p>\n<p><a href=\"http:\/\/www.eloriente.net\/home\/2014\/03\/19\/identidades-culturales-y-etnicas-reflexiones-de-inicio-de-ano-un-ensayo-de-olga-montes\/\" rel=\"bookmark\"><img decoding=\"async\" title=\"Identidades culturales y \u00e9tnicas: reflexiones de inicio de a\u00f1o. Un ensayo de Olga Montes\" src=\"http:\/\/www.eloriente.net\/home\/wp-content\/themes\/city-desk\/timthumb.php?src=http%3A%2F%2Fwww.eloriente.net%2Fhome%2Fwp-content%2Fuploads%2F2014%2F01%2FSubmarino-primera-guerra-Atribuci%C3%B3nCompartir-bajo-la-misma-licencia-Algunos-derechos-reservados-por-Recuerdos-de-Pandora.jpg&amp;q=90&amp;w=160&amp;h=106&amp;zc=1\" alt=\"Identidades culturales y \u00e9tnicas: reflexiones de inicio de a\u00f1o. Un ensayo de Olga Montes\" \/><\/a><\/p>\n<p>eloriente.net 8 de enero de 2014 Por: Dra. Olga Montes Garc\u00eda (IISUABJO) para ELORIENTE.NET El inicio de a\u00f1o me ha llevado a reflexionar sobre un tema muy importante para M\u00e9xico y para el mundo en general. La identidades. Para unos constituyen la fortaleza de un pueblo, de una regi\u00f3n, de un pa\u00eds. Para otros, los [&#8230;]<\/p>\n<p>March 19, 2014<\/p>\n<p><a title=\"Permalink to Los medios como primer eslab\u00f3n para visibilizar un problema no menor, por Jorge Oropeza\" href=\"http:\/\/www.eloriente.net\/home\/2014\/01\/28\/los-medios-como-primer-eslabon-para-visibilizar-un-problema-no-menor-por-jorge-oropeza\/\" rel=\"bookmark\">Los medios como primer eslab\u00f3n para visibilizar un problema no menor, por Jorge Oropeza<\/a><\/p>\n<p><a href=\"http:\/\/www.eloriente.net\/home\/2014\/01\/28\/los-medios-como-primer-eslabon-para-visibilizar-un-problema-no-menor-por-jorge-oropeza\/\" rel=\"bookmark\"><img decoding=\"async\" title=\"Los medios como primer eslab\u00f3n para visibilizar un problema no menor, por Jorge Oropeza\" src=\"http:\/\/www.eloriente.net\/home\/wp-content\/themes\/city-desk\/timthumb.php?src=http%3A%2F%2Fwww.eloriente.net%2Fhome%2Fwp-content%2Fuploads%2F2014%2F01%2FColumpios.jpg&amp;q=90&amp;w=160&amp;h=106&amp;zc=1\" alt=\"Los medios como primer eslab\u00f3n para visibilizar un problema no menor, por Jorge Oropeza\" \/><\/a><\/p>\n<p>eloriente.net 28 de enero de 2014 Por: Jorge Oropeza Los medios como primer eslab\u00f3n para visibilizar un problema no menor (Derecho a saber) Organismos internacionales coinciden en sus mediciones y an\u00e1lisis. La explotaci\u00f3n laboral infantil va en aumento y urge la acci\u00f3n de los medios de comunicaci\u00f3n para empezar el eslab\u00f3n de conciencias que disminuya [&#8230;]<\/p>\n<p>January 28, 2014<\/p>\n<\/div>\n\n\t\t\t  <div \n\t\t\t  \tclass = \"fb-comments\" \n\t\t\t  \tdata-href = \"http:\/\/www.eloriente.net\/home\/2014\/05\/12\/pueblos-indigenas-los-excluidos-en-reforma-politico-electoral-victor-leonel-juan\/\"\n\t\t\t  \tdata-numposts = \"10\"\n\t\t\t\tdata-colorscheme = \"dark\"\n\t\t\t\tdata-order-by = \"social\"\n\t\t\t\tdata-mobile=true>\n\t\t\t  <\/div>\n\t\t  <style>\n\t\t\t.fb_iframe_widget_fluid_desktop iframe {\n\t\t\t    width: 100% !important;\n\t\t\t}\n\t\t  <\/style>\n\t\t  ","protected":false},"excerpt":{"rendered":"<p>eloriente.net 12 de mayo de 2014 \u00abUno de los temas excluidos en la legislaci\u00f3n secundaria de la reforma constitucional en materia pol\u00edtico electoral es la autonom\u00eda pol\u00edtica de los pueblos ind\u00edgenas\u00bb, as\u00ed lo dio a conocer V\u00edctor Leonel Juan Mart\u00ednez, periodista zapoteco y consejero del Instituto Estatal Electoral y de Participaci\u00f3n Ciudadana de Oaxaca (IEEPCO) [&hellip;]<\/p>\n","protected":false},"author":26,"featured_media":25760,"comment_status":"open","ping_status":"open","sticky":false,"template":"","format":"standard","meta":{"_jetpack_memberships_contains_paid_content":false,"footnotes":""},"categories":[18,71,32,63,10,23,21],"tags":[1254,369,287,279,633,1255,1253],"class_list":["post-25759","post","type-post","status-publish","format-standard","has-post-thumbnail","hentry","category-educacion-y-cultura","category-elecciones","category-entradas","category-estados","category-lo-mas-reciente","category-municipios","category-politica-y-gobierno","tag-costumbres","tag-elecciones-2","tag-indigenas","tag-ine","tag-interculturalidad","tag-sni","tag-usos"],"jetpack_featured_media_url":"http:\/\/www.eloriente.net\/home\/wp-content\/uploads\/2014\/05\/Indigenas-Por-Hector-Garcia.jpg","jetpack_sharing_enabled":true,"_links":{"self":[{"href":"http:\/\/www.eloriente.net\/home\/wp-json\/wp\/v2\/posts\/25759"}],"collection":[{"href":"http:\/\/www.eloriente.net\/home\/wp-json\/wp\/v2\/posts"}],"about":[{"href":"http:\/\/www.eloriente.net\/home\/wp-json\/wp\/v2\/types\/post"}],"author":[{"embeddable":true,"href":"http:\/\/www.eloriente.net\/home\/wp-json\/wp\/v2\/users\/26"}],"replies":[{"embeddable":true,"href":"http:\/\/www.eloriente.net\/home\/wp-json\/wp\/v2\/comments?post=25759"}],"version-history":[{"count":14,"href":"http:\/\/www.eloriente.net\/home\/wp-json\/wp\/v2\/posts\/25759\/revisions"}],"predecessor-version":[{"id":25773,"href":"http:\/\/www.eloriente.net\/home\/wp-json\/wp\/v2\/posts\/25759\/revisions\/25773"}],"wp:featuredmedia":[{"embeddable":true,"href":"http:\/\/www.eloriente.net\/home\/wp-json\/wp\/v2\/media\/25760"}],"wp:attachment":[{"href":"http:\/\/www.eloriente.net\/home\/wp-json\/wp\/v2\/media?parent=25759"}],"wp:term":[{"taxonomy":"category","embeddable":true,"href":"http:\/\/www.eloriente.net\/home\/wp-json\/wp\/v2\/categories?post=25759"},{"taxonomy":"post_tag","embeddable":true,"href":"http:\/\/www.eloriente.net\/home\/wp-json\/wp\/v2\/tags?post=25759"}],"curies":[{"name":"wp","href":"https:\/\/api.w.org\/{rel}","templated":true}]}}