{"id":25828,"date":"2014-05-14T10:43:44","date_gmt":"2014-05-14T16:43:44","guid":{"rendered":"http:\/\/www.eloriente.net\/home\/?p=25828"},"modified":"2014-05-14T10:43:44","modified_gmt":"2014-05-14T16:43:44","slug":"disminuye-a-58-5-porcentaje-de-mexicanos-economicamente-activos-en-2014","status":"publish","type":"post","link":"http:\/\/www.eloriente.net\/home\/2014\/05\/14\/disminuye-a-58-5-porcentaje-de-mexicanos-economicamente-activos-en-2014\/","title":{"rendered":"Disminuye a 58.5% porcentaje de mexicanos econ\u00f3micamente activos en 2014"},"content":{"rendered":"<p>eloriente.net<\/p>\n<p>14 de mayo de 2014<\/p>\n<p>Durante el primer trimestre de este a\u00f1o 2014, la poblaci\u00f3n econ\u00f3micamente activa del pa\u00eds se ubic\u00f3 en 51.8 millones personas, lo que representa el 58.5% de la poblaci\u00f3n de 14 a\u00f1os y m\u00e1s, as\u00ed lo dio a conocer ayer el\u00a0Instituto Nacional de Estad\u00edstica y Geograf\u00eda (INEGI) en el reporte de resultados de la\u00a0Encuesta Nacional de Ocupaci\u00f3n y Empleo (ENOE).<\/p>\n<p>Dicha cifra signific\u00f3 una disminuci\u00f3n del 1.1% respecto a octubre-diciembre de 2014.\u00a0<a href=\"http:\/\/www.eloriente.net\/home\/2014\/05\/07\/59-6-porcentaje-de-mexicanos-economicamente-activos-en-4o-trimestre-de-2013\/\" target=\"_blank\">Ver: 59.6%, porcentaje de mexicanos econ\u00f3micamente activos en 4\u00ba trimestre de 2013<\/a><\/p>\n<p>De enero a marzo de 2014, se registr\u00f3 un total de 49.3 millones de personas ocupadas,\u00a0cifra mayor en 741 mil personas a la del trimestre comparable de 2013; mientras que la poblaci\u00f3n subocupada fue de 4.1 millones, es decir, 8.3% respecto al grupo econ\u00f3micamente activo.<\/p>\n<p>&nbsp;<\/p>\n<p style=\"text-align: center;\"><img loading=\"lazy\" decoding=\"async\" class=\"aligncenter\" style=\"-webkit-user-select: none;\" src=\"http:\/\/www.eloriente.net\/home\/wp-content\/uploads\/2014\/05\/Poblaci%C3%B3n-seg%C3%BAn-condici%C3%B3n.png\" alt=\"\" width=\"517\" height=\"212\" \/><\/p>\n<p>&nbsp;<\/p>\n<p>Seg\u00fan informaci\u00f3n de la ENOE, 76 de cada 100 hombres son econ\u00f3micamente activos y\u00a0en el caso de las mujeres 42 de cada 100 est\u00e1n en esta situaci\u00f3n; en total, 31 millones son hombres y 19.2 son mujeres.<\/p>\n<p>Asimismo, el INEGI se\u00f1al\u00f3 que la tasa de desempleo en este periodo fue de 4.8% o de 2.5 millones de personas sobre la totalidad de la poblaci\u00f3n ocupada.<\/p>\n<p>Tambi\u00e9n, la ENOE apunt\u00f3 que en el primer trimestre de 2014, todas las modalidades de empleo informal sumaron 28.7 millones de personas, lo que represent\u00f3 un incremento de 0.3% respecto a igual periodo de 2013 y 58.2% de la poblaci\u00f3n ocupada.<\/p>\n<p>Por actividad econ\u00f3mica, 6.7 millones de personas de la poblaci\u00f3n ocupada (13.5%) trabajan en el sector primario, 12 millones (24.3% en el secundario o industrial y 30 millones (61.7%) est\u00e1n en el terciario o de servicios. Laborando en promedio 43 horas por semana.<\/p>\n<p>&nbsp;<\/p>\n<p style=\"text-align: center;\"><img loading=\"lazy\" decoding=\"async\" class=\"aligncenter\" style=\"-webkit-user-select: none;\" src=\"http:\/\/www.eloriente.net\/home\/wp-content\/uploads\/2014\/05\/Poblaci%C3%B3n-ocupada.png\" alt=\"\" width=\"433\" height=\"338\" \/><\/p>\n<p>&nbsp;<\/p>\n<p>Las entidades federativas que tienen las mayores tasas de participaci\u00f3n en la actividad econ\u00f3mica son Baja California Sur con 66.1%, Colima y Quintana Roo 65.6% cada una, Nayarit 65%, Sonora 62.9%, Yucat\u00e1n 62.4%, Tamaulipas 60.6%, Baja California 60.5%, Jalisco 60.4% y Campeche 60%.<\/p>\n<p>Al contrario, las que presentaron menores aportaciones fueron Quer\u00e9taro con 52.4%, Zacatecas 52.9%, Veracruz de Ignacio de la Llave 54.4%, Guerrero 55.1%, San Luis Potos\u00ed 55.4% y Chiapas con 55.7%.<\/p>\n<p>En el caso concreto de Oaxaca, la poblaci\u00f3n ocupada asciende a un total de 1,633,553 personas y la desocupada a 56,809; con una ocupaci\u00f3n en el sector informal del 34.3%.<\/p>\n<p>Finalmente, el INEGI indic\u00f3 que la poblaci\u00f3n no econ\u00f3micamente activa en M\u00e9xico se conform\u00f3 por 36.8 millones de personas de enero a marzo del presente a\u00f1o, equivalente al 41.5% del total de la poblaci\u00f3n de 14 a\u00f1os y m\u00e1s.<\/p>\n<p>&nbsp;<\/p>\n<p><a href=\"http:\/\/www.eloriente.net\/home\/wp-content\/uploads\/2014\/05\/Construcci\u00f3n-Por-MunicipioPinas.jpg\"><img loading=\"lazy\" decoding=\"async\" class=\"alignnone size-medium wp-image-25859\" title=\"Construcci\u00f3n-Por MunicipioPinas\" src=\"http:\/\/www.eloriente.net\/home\/wp-content\/uploads\/2014\/05\/Construcci\u00f3n-Por-MunicipioPinas-300x199.jpg\" alt=\"\" width=\"300\" height=\"199\" srcset=\"http:\/\/www.eloriente.net\/home\/wp-content\/uploads\/2014\/05\/Construcci\u00f3n-Por-MunicipioPinas-300x199.jpg 300w, http:\/\/www.eloriente.net\/home\/wp-content\/uploads\/2014\/05\/Construcci\u00f3n-Por-MunicipioPinas.jpg 1024w\" sizes=\"(max-width: 300px) 100vw, 300px\" \/><\/a><\/p>\n<p>Foto:\u00a0<a id=\"yui_3_11_0_3_1400084748642_856\" href=\"https:\/\/www.flickr.com\/photos\/municipiopinas\/\" data-track=\"photoAttributionNameClick\" data-rapid_p=\"3\">MunicipioPinas<\/a><\/p>\n<p>&nbsp;<\/p>\n<p><strong>Entradas relacionadas:<\/strong><\/p>\n<p><a title=\"Permalink to Se calcula hay 2 millones 786 mil empleos verdes en M\u00e9xico: OIT\" href=\"http:\/\/www.eloriente.net\/home\/2014\/05\/13\/se-calcula-hay-2-millones-786-mil-empleos-verdes-en-mexico-oit\/\" rel=\"bookmark\">Se calcula hay 2 millones 786 mil empleos verdes en M\u00e9xico: OIT<\/a><\/p>\n<p><a href=\"http:\/\/www.eloriente.net\/home\/2014\/05\/13\/se-calcula-hay-2-millones-786-mil-empleos-verdes-en-mexico-oit\/\" rel=\"bookmark\"><img decoding=\"async\" title=\"Se calcula hay 2 millones 786 mil empleos verdes en M\u00e9xico: OIT\" src=\"http:\/\/www.eloriente.net\/home\/wp-content\/themes\/city-desk\/timthumb.php?src=http%3A%2F%2Fwww.eloriente.net%2Fhome%2Fwp-content%2Fuploads%2F2014%2F05%2FZoologico-Por-Filipe-Rivelli.jpg&amp;q=90&amp;w=160&amp;h=106&amp;zc=1\" alt=\"Se calcula hay 2 millones 786 mil empleos verdes en M\u00e9xico: OIT\" \/><\/a><\/p>\n<p>eloriente.net 13 de mayo de 2014 De acuerdo con cifras de la Organizaci\u00f3n Internacional del Trabajo (OIT) en M\u00e9xico, se calcula hay 2 millones 786 mil empleos verdes en el pa\u00eds; los cuales se caracterizan por ayudar a reducir las emisiones de carb\u00f3n, la p\u00e9rdida de diversidad biol\u00f3gica y ecosistemas, entre otros beneficios. La OIT [&#8230;]<\/p>\n<p>May 13, 2014<\/p>\n<div id=\"post-25796\">\n<p><a title=\"Permalink to Informe Global sobre Tecnolog\u00eda de la Informaci\u00f3n 2014\" href=\"http:\/\/www.eloriente.net\/home\/2014\/05\/13\/informe-global-sobre-tecnologia-de-la-informacion-2014\/\" rel=\"bookmark\">Informe Global sobre Tecnolog\u00eda de la Informaci\u00f3n 2014<\/a><\/p>\n<p><a href=\"http:\/\/www.eloriente.net\/home\/2014\/05\/13\/informe-global-sobre-tecnologia-de-la-informacion-2014\/\" rel=\"bookmark\"><img decoding=\"async\" title=\"Informe Global sobre Tecnolog\u00eda de la Informaci\u00f3n 2014\" src=\"http:\/\/www.eloriente.net\/home\/wp-content\/themes\/city-desk\/timthumb.php?src=http%3A%2F%2Fwww.eloriente.net%2Fhome%2Fwp-content%2Fuploads%2F2014%2F05%2FMapa-TIC.jpg&amp;q=90&amp;w=160&amp;h=106&amp;zc=1\" alt=\"Informe Global sobre Tecnolog\u00eda de la Informaci\u00f3n 2014\" \/><\/a><\/p>\n<p>eloriente.net 13 de mayo de 2014 Por: Miguel Carbonell El Foro Econ\u00f3mico Mundial public\u00f3 el \u201cInforme Global sobre Tecnolog\u00eda de la Informaci\u00f3n 2014\u201d, que proporciona una evaluaci\u00f3n sobre el estado actual de la preparaci\u00f3n tecnol\u00f3gica en el mundo, la disposici\u00f3n en red, y el progreso que han tenido 148 pa\u00edses respecto al aprovechamiento de las [&#8230;]<\/p>\n<p>May 13, 2014<\/p>\n<p><a title=\"Permalink to 9 ideas para empezar un negocio desde casa, por INADEM\" href=\"http:\/\/www.eloriente.net\/home\/2014\/05\/07\/9-ideas-para-empezar-un-negocio-desde-casa-por-inadem\/\" rel=\"bookmark\">9 ideas para empezar un negocio desde casa, por INADEM<\/a><\/p>\n<p><a href=\"http:\/\/www.eloriente.net\/home\/2014\/05\/07\/9-ideas-para-empezar-un-negocio-desde-casa-por-inadem\/\" rel=\"bookmark\"><img decoding=\"async\" title=\"9 ideas para empezar un negocio desde casa, por INADEM\" src=\"http:\/\/www.eloriente.net\/home\/wp-content\/themes\/city-desk\/timthumb.php?src=http%3A%2F%2Fwww.eloriente.net%2Fhome%2Fwp-content%2Fuploads%2F2014%2F05%2FNegocio-Por-INADEM.jpg&amp;q=90&amp;w=160&amp;h=106&amp;zc=1\" alt=\"9 ideas para empezar un negocio desde casa, por INADEM\" \/><\/a><\/p>\n<p>eloriente.net 7 de mayo de 2014 \u201cMuchos emprendedores deciden convertir su hogar en oficina, lo cual se puede convertir en un obst\u00e1culo dif\u00edcil si no sabes como organizarte\u201d, as\u00ed lo dio a conocer el Instituto Nacional de Emprendedores (INADEM) en su documento 10 ideas para empezar un negocio en casa. De acuerdo con el \u00f3rgano\u00a0desconcentrado [&#8230;]<\/p>\n<p>May 7, 2014<\/p>\n<\/div>\n\n\t\t\t  <div \n\t\t\t  \tclass = \"fb-comments\" \n\t\t\t  \tdata-href = \"http:\/\/www.eloriente.net\/home\/2014\/05\/14\/disminuye-a-58-5-porcentaje-de-mexicanos-economicamente-activos-en-2014\/\"\n\t\t\t  \tdata-numposts = \"10\"\n\t\t\t\tdata-colorscheme = \"dark\"\n\t\t\t\tdata-order-by = \"social\"\n\t\t\t\tdata-mobile=true>\n\t\t\t  <\/div>\n\t\t  <style>\n\t\t\t.fb_iframe_widget_fluid_desktop iframe {\n\t\t\t    width: 100% !important;\n\t\t\t}\n\t\t  <\/style>\n\t\t  ","protected":false},"excerpt":{"rendered":"<p>eloriente.net 14 de mayo de 2014 Durante el primer trimestre de este a\u00f1o 2014, la poblaci\u00f3n econ\u00f3micamente activa del pa\u00eds se ubic\u00f3 en 51.8 millones personas, lo que representa el 58.5% de la poblaci\u00f3n de 14 a\u00f1os y m\u00e1s, as\u00ed lo dio a conocer ayer el\u00a0Instituto Nacional de Estad\u00edstica y Geograf\u00eda (INEGI) en el reporte [&hellip;]<\/p>\n","protected":false},"author":26,"featured_media":25859,"comment_status":"open","ping_status":"open","sticky":false,"template":"","format":"standard","meta":{"_jetpack_memberships_contains_paid_content":false,"footnotes":""},"categories":[32,63,10,19],"tags":[1275,252,215,1202,782,1274,211],"class_list":["post-25828","post","type-post","status-publish","format-standard","has-post-thumbnail","hentry","category-entradas","category-estados","category-lo-mas-reciente","category-turismo-y-negocios","tag-desempleo","tag-economia","tag-empleo","tag-informal","tag-ocupacion","tag-poblacion","tag-trabajo"],"jetpack_featured_media_url":"http:\/\/www.eloriente.net\/home\/wp-content\/uploads\/2014\/05\/Construcci\u00f3n-Por-MunicipioPinas.jpg","jetpack_sharing_enabled":true,"_links":{"self":[{"href":"http:\/\/www.eloriente.net\/home\/wp-json\/wp\/v2\/posts\/25828"}],"collection":[{"href":"http:\/\/www.eloriente.net\/home\/wp-json\/wp\/v2\/posts"}],"about":[{"href":"http:\/\/www.eloriente.net\/home\/wp-json\/wp\/v2\/types\/post"}],"author":[{"embeddable":true,"href":"http:\/\/www.eloriente.net\/home\/wp-json\/wp\/v2\/users\/26"}],"replies":[{"embeddable":true,"href":"http:\/\/www.eloriente.net\/home\/wp-json\/wp\/v2\/comments?post=25828"}],"version-history":[{"count":13,"href":"http:\/\/www.eloriente.net\/home\/wp-json\/wp\/v2\/posts\/25828\/revisions"}],"predecessor-version":[{"id":25866,"href":"http:\/\/www.eloriente.net\/home\/wp-json\/wp\/v2\/posts\/25828\/revisions\/25866"}],"wp:featuredmedia":[{"embeddable":true,"href":"http:\/\/www.eloriente.net\/home\/wp-json\/wp\/v2\/media\/25859"}],"wp:attachment":[{"href":"http:\/\/www.eloriente.net\/home\/wp-json\/wp\/v2\/media?parent=25828"}],"wp:term":[{"taxonomy":"category","embeddable":true,"href":"http:\/\/www.eloriente.net\/home\/wp-json\/wp\/v2\/categories?post=25828"},{"taxonomy":"post_tag","embeddable":true,"href":"http:\/\/www.eloriente.net\/home\/wp-json\/wp\/v2\/tags?post=25828"}],"curies":[{"name":"wp","href":"https:\/\/api.w.org\/{rel}","templated":true}]}}