{"id":25832,"date":"2014-05-14T08:14:22","date_gmt":"2014-05-14T14:14:22","guid":{"rendered":"http:\/\/www.eloriente.net\/home\/?p=25832"},"modified":"2014-05-14T08:21:08","modified_gmt":"2014-05-14T14:21:08","slug":"educacion-con-pertenencia-cultural-reclamo-de-pueblos-indigenas-alejandro-martinez","status":"publish","type":"post","link":"http:\/\/www.eloriente.net\/home\/2014\/05\/14\/educacion-con-pertenencia-cultural-reclamo-de-pueblos-indigenas-alejandro-martinez\/","title":{"rendered":"Educaci\u00f3n con pertenencia cultural, reclamo de pueblos ind\u00edgenas: Alejandro Mart\u00ednez"},"content":{"rendered":"<p>eloriente.net\/<a href=\"http:\/\/www.congresooaxaca.gob.mx\/\" target=\"_blank\">Congreso del Estado<\/a><\/p>\n<p>14 de mayo de 2014<\/p>\n<div>\n<div dir=\"ltr\">\n<p><strong>El legislador del PAN\u00a0<\/strong><strong>particip\u00f3 en el foro \u201cHacia una nueva Ley de Educaci\u00f3n\u201d, con la participaci\u00f3n del Gobierno del Estado, la LXII Legislatura local, la Secci\u00f3n 22 del SNTE y la sociedad civil.<\/strong><\/p>\n<p>El presidente de la Comisi\u00f3n de Asuntos Ind\u00edgenas de la LXII Legislatura local, diputado Alejandro Mart\u00ednez Ram\u00edrez sostuvo que el tema de la educaci\u00f3n con pertenencia cultural es el reclamo m\u00e1s sentido de los pueblos y comunidades ind\u00edgenas, por lo que celebra la realizaci\u00f3n de foros regionales para construir una nueva ley de educaci\u00f3n en Oaxaca.<strong><\/strong><\/p>\n<p>En entrevista, inform\u00f3 que el viernes 9 de mayo particip\u00f3 en el foro de consulta sectorial \u201cHacia una nueva Ley de Educaci\u00f3n\u201d, que se realiza con la participaci\u00f3n del Gobierno del Estado, la LXII Legislatura local e integrantes de la Secci\u00f3n 22 del Sindicato Nacional de Trabajadores de la Educaci\u00f3n y la sociedad civil.<\/p>\n<p>\u201cEl tema educativo es sin duda un gran reto que exige un an\u00e1lisis profundo y un compromiso de todos los actores que lo componen para hacer de este acto, un eje de transformaci\u00f3n de la sociedad\u201d, manifest\u00f3 el diputado por el distrito XX Mixe-Cho\u00e1pam.<\/p>\n<p>Por a\u00f1os hemos sido testigos de los avances tecnol\u00f3gicos y cient\u00edficos que la modernidad ha impuesto en todo el mundo, acerc\u00e1ndonos a una manera muy superficial de c\u00f3mo entender la realidad que vivimos a diario, coment\u00f3 el legislador ind\u00edgena mixe.<\/p>\n<p>Puntualiz\u00f3 que la educaci\u00f3n es un instrumento indispensable para que la humanidad pueda transitar\u00a0 hacia los ideales de paz, libertad y justicia social, que est\u00e1 al servicio de un desarrollo humano m\u00e1s armonioso, m\u00e1s genuino, para combatir eficazmente la pobreza, la exclusi\u00f3n, las opresiones y las guerras.<\/p>\n<p>El diputado de la fracci\u00f3n parlamentaria del Partido Acci\u00f3n Nacional (PAN) agreg\u00f3 que el derecho a la educaci\u00f3n con pertinencia cultural se revela clave \u201cpara nosotros los ind\u00edgenas en nuestro estado, no s\u00f3lo como un medio para salir de la exclusi\u00f3n y la discriminaci\u00f3n que hemos sufrido hist\u00f3ricamente sino tambi\u00e9n para el disfrute, mantenimiento y respeto de nuestras culturas, lenguas, tradiciones y conocimientos\u201d.<\/p>\n<p>Por ello celebr\u00f3 los foros que busca aglutinar todas las voces, todos los pensamientos y todas las propuestas que permitan construir una Ley Estatal de Educaci\u00f3n, acorde a las necesidades y los planteamientos que de manera particular requiere Oaxaca y su ni\u00f1ez.<\/p>\n<p>Finaliz\u00f3 que se tiene que construir una nueva ley educativa, que no est\u00e9 fuera del contexto que enmarca la ley fundamental, \u201cOaxaca no puede estar fuera de la norma general, pero s\u00ed debe ser tomada en cuenta con estas demandas y con estas propuestas propias de sus condiciones geogr\u00e1ficas, econ\u00f3micas y sociales, que son caracter\u00edsticas reales que viven sus habitantes\u201d.<\/p>\n<div><\/div>\n<\/div>\n<div><\/div>\n<\/div>\n<div><a href=\"http:\/\/www.eloriente.net\/home\/wp-content\/uploads\/2014\/05\/Diputado-Alejandro-Mtz-Por-Congreso.jpg\"><img loading=\"lazy\" decoding=\"async\" class=\"alignnone size-medium wp-image-25833\" title=\"Diputado Alejandro Mtz-Por Congreso\" src=\"http:\/\/www.eloriente.net\/home\/wp-content\/uploads\/2014\/05\/Diputado-Alejandro-Mtz-Por-Congreso-300x200.jpg\" alt=\"\" width=\"300\" height=\"200\" srcset=\"http:\/\/www.eloriente.net\/home\/wp-content\/uploads\/2014\/05\/Diputado-Alejandro-Mtz-Por-Congreso-300x200.jpg 300w, http:\/\/www.eloriente.net\/home\/wp-content\/uploads\/2014\/05\/Diputado-Alejandro-Mtz-Por-Congreso-1024x683.jpg 1024w, http:\/\/www.eloriente.net\/home\/wp-content\/uploads\/2014\/05\/Diputado-Alejandro-Mtz-Por-Congreso.jpg 1130w\" sizes=\"(max-width: 300px) 100vw, 300px\" \/><\/a><\/div>\n<div><\/div>\n<div><\/div>\n<div><strong>Entradas relacionadas:<\/strong><\/div>\n<div>\n<p><a title=\"Permalink to Se estima inversi\u00f3n de 4 mil mdd en proyecto e\u00f3lico en Oaxaca: diputado Moreno Sada\" href=\"http:\/\/www.eloriente.net\/home\/2014\/05\/07\/inversion-4-mil-mdd-proyecto-eolico-oaxac\/\" rel=\"bookmark\">Se estima inversi\u00f3n de 4 mil mdd en proyecto e\u00f3lico en Oaxaca: diputado Moreno Sada<\/a><\/p>\n<p><a href=\"http:\/\/www.eloriente.net\/home\/2014\/05\/07\/inversion-4-mil-mdd-proyecto-eolico-oaxac\/\" rel=\"bookmark\"><img decoding=\"async\" title=\"Se estima inversi\u00f3n de 4 mil mdd en proyecto e\u00f3lico en Oaxaca: diputado Moreno Sada\" src=\"http:\/\/www.eloriente.net\/home\/wp-content\/themes\/city-desk\/timthumb.php?src=http%3A%2F%2Fwww.eloriente.net%2Fhome%2Fwp-content%2Fuploads%2F2014%2F05%2FDiputado-Por-Congreso.jpg&amp;q=90&amp;w=160&amp;h=106&amp;zc=1\" alt=\"Se estima inversi\u00f3n de 4 mil mdd en proyecto e\u00f3lico en Oaxaca: diputado Moreno Sada\" \/><\/a><\/p>\n<p>eloriente.net\/Congreso del Estado 7 de mayo de 2014 En este a\u00f1o se tendr\u00e1 una capacidad de 2,500 megawatts con una inversi\u00f3n de m\u00e1s de 4 mil millones de d\u00f3lares, anunci\u00f3 el presidente de la\u00a0Comisi\u00f3n Permanente de Fomento de Energ\u00eda Renovable, Juan Jos\u00e9 Moreno Sada En Oaxaca hay condiciones favorables para la inversi\u00f3n en el estado, [&#8230;]<\/p>\n<p>May 7, 2014<\/p>\n<\/div>\n<div>\n<p><a title=\"Permalink to Entrega Ejecutivo a diputados Cuenta P\u00fablica 2013 para su estudio\" href=\"http:\/\/www.eloriente.net\/home\/2014\/05\/01\/entrega-ejecutivo-a-diputados-cuenta-publica-2013-para-su-estudio\/\" rel=\"bookmark\">Entrega Ejecutivo a diputados Cuenta P\u00fablica 2013 para su estudio<\/a><\/p>\n<p><a href=\"http:\/\/www.eloriente.net\/home\/2014\/05\/01\/entrega-ejecutivo-a-diputados-cuenta-publica-2013-para-su-estudio\/\" rel=\"bookmark\"><img decoding=\"async\" title=\"Entrega Ejecutivo a diputados Cuenta P\u00fablica 2013 para su estudio\" src=\"http:\/\/www.eloriente.net\/home\/wp-content\/themes\/city-desk\/timthumb.php?src=http%3A%2F%2Fwww.eloriente.net%2Fhome%2Fwp-content%2Fuploads%2F2014%2F05%2FDiputados-Por-Congreso-Local.jpg&amp;q=90&amp;w=160&amp;h=106&amp;zc=1\" alt=\"Entrega Ejecutivo a diputados Cuenta P\u00fablica 2013 para su estudio\" \/><\/a><\/p>\n<p>eloriente.net\/Congreso del Estado 1 de mayo de 2014 El secretario de Finanzas del Gobierno del Estado de Oaxaca, Enrique Arnaud Vi\u00f1as entreg\u00f3 este mi\u00e9rcoles la Cuenta P\u00fablica 2013\u00a0a los integrantes de la Junta de Coordinaci\u00f3n Pol\u00edtica y al presidente de la mesa directiva del Congreso Local, para su estudio. En el acto estuvieron presentes los [&#8230;]<\/p>\n<p>May 1, 2014<\/p>\n<p><a title=\"Permalink to Una democracia s\u00f3lida requiere un Congreso productivo: Alejandra G. Morlan\" href=\"http:\/\/www.eloriente.net\/home\/2014\/04\/22\/una-democracia-solida-requiere-un-congreso-productivo-alejandra-g-morlan\/\" rel=\"bookmark\">Una democracia s\u00f3lida requiere un Congreso productivo: Alejandra G. Morlan<\/a><\/p>\n<p><a href=\"http:\/\/www.eloriente.net\/home\/2014\/04\/22\/una-democracia-solida-requiere-un-congreso-productivo-alejandra-g-morlan\/\" rel=\"bookmark\"><img decoding=\"async\" title=\"Una democracia s\u00f3lida requiere un Congreso productivo: Alejandra G. Morlan\" src=\"http:\/\/www.eloriente.net\/home\/wp-content\/themes\/city-desk\/timthumb.php?src=http%3A%2F%2Fwww.eloriente.net%2Fhome%2Fwp-content%2Fuploads%2F2014%2F04%2FGarc%C3%ADa-Morlan-Principal-Por-El-Oriente.jpg&amp;q=90&amp;w=160&amp;h=106&amp;zc=1\" alt=\"Una democracia s\u00f3lida requiere un Congreso productivo: Alejandra G. Morlan\" \/><\/a><\/p>\n<p>eloriente.net 22 de abril de 2014 Con el objetivo de \u201cprocurar acciones de beneficio colectivo\u201d, Alejandra Garc\u00eda Morlan present\u00f3 esta ma\u00f1ana los avances de su labor legislativa alcanzados durante el primer periodo ordinario de sesiones en el Congreso Local, en el funge como diputada plurinominal por el Partido Acci\u00f3n Nacional. Asimismo, dio a conocer su [&#8230;]<\/p>\n<p>April 22, 2014<\/p>\n<\/div>\n\n\t\t\t  <div \n\t\t\t  \tclass = \"fb-comments\" \n\t\t\t  \tdata-href = \"http:\/\/www.eloriente.net\/home\/2014\/05\/14\/educacion-con-pertenencia-cultural-reclamo-de-pueblos-indigenas-alejandro-martinez\/\"\n\t\t\t  \tdata-numposts = \"10\"\n\t\t\t\tdata-colorscheme = \"dark\"\n\t\t\t\tdata-order-by = \"social\"\n\t\t\t\tdata-mobile=true>\n\t\t\t  <\/div>\n\t\t  <style>\n\t\t\t.fb_iframe_widget_fluid_desktop iframe {\n\t\t\t    width: 100% !important;\n\t\t\t}\n\t\t  <\/style>\n\t\t  ","protected":false},"excerpt":{"rendered":"<p>eloriente.net\/Congreso del Estado 14 de mayo de 2014 El legislador del PAN\u00a0particip\u00f3 en el foro \u201cHacia una nueva Ley de Educaci\u00f3n\u201d, con la participaci\u00f3n del Gobierno del Estado, la LXII Legislatura local, la Secci\u00f3n 22 del SNTE y la sociedad civil. El presidente de la Comisi\u00f3n de Asuntos Ind\u00edgenas de la LXII Legislatura local, diputado [&hellip;]<\/p>\n","protected":false},"author":26,"featured_media":25833,"comment_status":"open","ping_status":"open","sticky":false,"template":"","format":"standard","meta":{"_jetpack_memberships_contains_paid_content":false,"footnotes":""},"categories":[91,18,32,63,464],"tags":[246,241,93,184,287,1271,139],"class_list":["post-25832","post","type-post","status-publish","format-standard","has-post-thumbnail","hentry","category-congreso-y-justicia","category-educacion-y-cultura","category-entradas","category-estados","category-oaxaca-estados","tag-congreso","tag-cultura","tag-diputados","tag-educacion","tag-indigenas","tag-pueblos","tag-sociedad"],"jetpack_featured_media_url":"http:\/\/www.eloriente.net\/home\/wp-content\/uploads\/2014\/05\/Diputado-Alejandro-Mtz-Por-Congreso.jpg","jetpack_sharing_enabled":true,"_links":{"self":[{"href":"http:\/\/www.eloriente.net\/home\/wp-json\/wp\/v2\/posts\/25832"}],"collection":[{"href":"http:\/\/www.eloriente.net\/home\/wp-json\/wp\/v2\/posts"}],"about":[{"href":"http:\/\/www.eloriente.net\/home\/wp-json\/wp\/v2\/types\/post"}],"author":[{"embeddable":true,"href":"http:\/\/www.eloriente.net\/home\/wp-json\/wp\/v2\/users\/26"}],"replies":[{"embeddable":true,"href":"http:\/\/www.eloriente.net\/home\/wp-json\/wp\/v2\/comments?post=25832"}],"version-history":[{"count":6,"href":"http:\/\/www.eloriente.net\/home\/wp-json\/wp\/v2\/posts\/25832\/revisions"}],"predecessor-version":[{"id":25838,"href":"http:\/\/www.eloriente.net\/home\/wp-json\/wp\/v2\/posts\/25832\/revisions\/25838"}],"wp:featuredmedia":[{"embeddable":true,"href":"http:\/\/www.eloriente.net\/home\/wp-json\/wp\/v2\/media\/25833"}],"wp:attachment":[{"href":"http:\/\/www.eloriente.net\/home\/wp-json\/wp\/v2\/media?parent=25832"}],"wp:term":[{"taxonomy":"category","embeddable":true,"href":"http:\/\/www.eloriente.net\/home\/wp-json\/wp\/v2\/categories?post=25832"},{"taxonomy":"post_tag","embeddable":true,"href":"http:\/\/www.eloriente.net\/home\/wp-json\/wp\/v2\/tags?post=25832"}],"curies":[{"name":"wp","href":"https:\/\/api.w.org\/{rel}","templated":true}]}}