{"id":25945,"date":"2014-05-15T10:26:06","date_gmt":"2014-05-15T16:26:06","guid":{"rendered":"http:\/\/www.eloriente.net\/home\/?p=25945"},"modified":"2014-05-15T11:55:57","modified_gmt":"2014-05-15T17:55:57","slug":"escucha-a-adriana-pedro-yecenia-ramirez-armando-martinez-y-marcos-garcia-en-todo-oaxaca-radio-13may14","status":"publish","type":"post","link":"http:\/\/www.eloriente.net\/home\/2014\/05\/15\/escucha-a-adriana-pedro-yecenia-ramirez-armando-martinez-y-marcos-garcia-en-todo-oaxaca-radio-13may14\/","title":{"rendered":"Escucha a Adriana Pedro, Yecenia Ram\u00edrez, Armando Mart\u00ednez y Marcos Garc\u00eda en Todo Oaxaca Radio 13\/May\/14"},"content":{"rendered":"<p>todooaxacaradio.com<\/p>\n<p>15 de mayo de 2014<\/p>\n<p>Como cada martes, en punto de las 17:00 horas se transmiti\u00f3 el programa Todo Oaxaca Radio completamente en vivo desde la Ciudad de Oaxaca de Ju\u00e1rez, a trav\u00e9s de las frecuencias abiertas 570 AM, 94.9 FM y para todo el mundo a trav\u00e9s de www.todooaxacaradio.com.<\/p>\n<p>El programa es conducido por Rub\u00e9n Vasconcelos Beltr\u00e1n, cronista de la Ciudad de Oaxaca, as\u00ed como Guadalupe Zarza Brise\u00f1o, reconocida empresaria y representante de la sociedad civil.<\/p>\n<p><strong>Nuestros temas e invitados del 13 de mayo de 2014<\/strong><\/p>\n<p>En esta segunda emisi\u00f3n de mayo de 2014, charlamos con cuatro personalidades para abordar temas de inter\u00e9s educativo que concierne a nuestra entidad oaxaque\u00f1a \u00bfquieres saber m\u00e1s? Escucha el programa dando click en el reproductor localizado al final de la redacci\u00f3n.<\/p>\n<p><strong>Minuto 03<strong>\u201909<strong>\u2019<\/strong><\/strong><\/strong><strong><strong><strong>\u2019<\/strong><\/strong><\/strong><\/p>\n<p>Lic.\u00a0Adriana E. Pedro Real y Lic.\u00a0Yecenia Ram\u00edrez Olivera, profesoras e investigadoras del\u00a0Centro de Capacitaci\u00f3n Tur\u00edstica (CECAT)\u00a0de la Universidad del\u00a0Mar.<\/p>\n<p><em>\u00abEl Centro de Capacitaci\u00f3n Tur\u00edstica ofrece cursos y talleres para restaurantes, hoteles o cualquier empresa en el sector tur\u00edstico, enfocados en el \u00e1rea operativa\u00bb<\/em><\/p>\n<p><em>\u00abDe manera mensual se lanzan las convocatorias de los diferentes cursos que ofrece el CECAT, est\u00e1n abiertos para el p\u00fablico en general\u00bb<\/em><\/p>\n<p><em>\u00abCon el objetivo de difundir la cultura, el CECAT est\u00e1 realizando en este momento el ciclo de conferencias -Los 5 pa\u00edses m\u00e1s visitados de Am\u00e9rica-, donde se expone un panorama general del pa\u00eds,<em>\u00a0el patrimonio y actividad tur\u00edstica<\/em>\u00ab<\/em><\/p>\n<p><em>\u00abLos cinco pa\u00edses con m\u00e1s turistas en el continente americano son Estados Unidos, M\u00e9xico, Canad\u00e1, Argentina y Brasil\u00bb<\/em><\/p>\n<p><em>\u00abEn M\u00e9xico tenemos un patrimonio tur\u00edstico basto e importante, pero no tenemos productos posicionados y diferenciados en la mente del turista internacional\u00bb<\/em><\/p>\n<p>&nbsp;<\/p>\n<p><a href=\"http:\/\/www.eloriente.net\/home\/wp-content\/uploads\/2014\/05\/Adriana-Pedro-y-Yecenia-Ram\u00edrez.jpg\"><img loading=\"lazy\" decoding=\"async\" class=\"size-medium wp-image-25948 aligncenter\" title=\"Adriana-Pedro-y-Yecenia-Ram\u00edrez\" src=\"http:\/\/www.eloriente.net\/home\/wp-content\/uploads\/2014\/05\/Adriana-Pedro-y-Yecenia-Ram\u00edrez-300x200.jpg\" alt=\"\" width=\"300\" height=\"200\" srcset=\"http:\/\/www.eloriente.net\/home\/wp-content\/uploads\/2014\/05\/Adriana-Pedro-y-Yecenia-Ram\u00edrez-300x200.jpg 300w, http:\/\/www.eloriente.net\/home\/wp-content\/uploads\/2014\/05\/Adriana-Pedro-y-Yecenia-Ram\u00edrez-1024x682.jpg 1024w\" sizes=\"(max-width: 300px) 100vw, 300px\" \/><\/a><\/p>\n<p>&nbsp;<\/p>\n<div>\n<p><strong>Minuto 27<strong>\u201946<strong>\u2019<\/strong><\/strong><\/strong><strong>\u2019<\/strong><\/p>\n<p>Ing. Armando Mart\u00ednez Gonz\u00e1lez, director general; y Marcos Garc\u00eda D\u00edaz, subdirector, de Educaci\u00f3n Media Superior de la Universidad Aut\u00f3noma Benito Ju\u00e1rez de Oaxaca (UABJO).<\/p>\n<p><em>\u00abActualmente todas las escuelas preparatorias de la UABJO tiene un plan de estudios unificados basado en competencias\u00bb<\/em><\/p>\n<p><em>\u00abHab\u00edan muchas carencias en cuesti\u00f3n infraestructura, hemos recibido fondos de recursos federales y de la universidad para remodelar las instalaciones de las preparatorias\u00bb<\/em><\/p>\n<p><em>\u00abAhorita est\u00e1 abierta la convocatoria de admisi\u00f3n para los estudiantes interesados en ingresar a alguna de las preparatorias; este a\u00f1o tenemos un 20% de incremento en el registro de aspirantes\u00bb\u00a0<\/em><\/p>\n<p><em>\u00abLos alumnos de las preparatorias de la UABJO tienen la oportunidad de al concluir sus estudios aplicar un examen preferente para el ingreso a la universidad\u00bb<\/em><\/p>\n<p><em>\u00abLos interesados en ingresar deber\u00e1n registrarse antes del 19 de mayo de 2014 en la p\u00e1gina de internet www.admision,uabjo.mx; el examen de admisi\u00f3n se realizar\u00e1 el 20 de junio de 2014\u00bb<\/em><\/p>\n<p>&nbsp;<\/p>\n<p><img loading=\"lazy\" decoding=\"async\" class=\"aligncenter\" style=\"-webkit-user-select: none; cursor: -webkit-zoom-in;\" src=\"http:\/\/www.eloriente.net\/home\/wp-content\/uploads\/2014\/05\/Marcos-Garc%C3%ADa-y-Armando-Mart%C3%ADnez.jpg\" alt=\"\" width=\"300\" height=\"200\" \/><\/p>\n<p>&nbsp;<\/p>\n<p><iframe loading=\"lazy\" src=\"https:\/\/w.soundcloud.com\/player\/?url=https%3A\/\/api.soundcloud.com\/tracks\/149696020&amp;color=ff5500&amp;auto_play=false&amp;hide_related=false&amp;show_artwork=true\" frameborder=\"no\" scrolling=\"no\" width=\"100%\" height=\"166\"><\/iframe><\/p>\n<p>&nbsp;<\/p>\n<p><strong>Entradas relacionadas:<\/strong><\/p>\n<p><a title=\"Permalink to Escucha a Jorge Machorro, Gladiola Orozco e Ivet Toledo en Todo Oaxaca Radio 6\/May\/14\" href=\"http:\/\/www.eloriente.net\/home\/2014\/05\/07\/escucha-a-jorge-machorro-gladiola-orozco-e-ivet-toledo-en-todo-oaxaca-radio-6may14\/\" rel=\"bookmark\">Escucha a Jorge Machorro, Gladiola Orozco e Ivet Toledo en Todo Oaxaca Radio 6\/May\/14<\/a><\/p>\n<p><a href=\"http:\/\/www.eloriente.net\/home\/2014\/05\/07\/escucha-a-jorge-machorro-gladiola-orozco-e-ivet-toledo-en-todo-oaxaca-radio-6may14\/\" rel=\"bookmark\"><img decoding=\"async\" title=\"Escucha a Jorge Machorro, Gladiola Orozco e Ivet Toledo en Todo Oaxaca Radio 6\/May\/14\" src=\"http:\/\/www.eloriente.net\/home\/wp-content\/themes\/city-desk\/timthumb.php?src=http%3A%2F%2Fwww.eloriente.net%2Fhome%2Fwp-content%2Fuploads%2F2014%2F05%2FGladiola-Orozco.jpg&amp;q=90&amp;w=160&amp;h=106&amp;zc=1\" alt=\"Escucha a Jorge Machorro, Gladiola Orozco e Ivet Toledo en Todo Oaxaca Radio 6\/May\/14\" \/><\/a><\/p>\n<p>todooaxacaradio.com 7 de mayo de 2014 Como cada martes, en punto de las 17:00 horas se transmiti\u00f3 el programa Todo Oaxaca Radio completamente en vivo desde la Ciudad de Oaxaca de Ju\u00e1rez, a trav\u00e9s de las frecuencias abiertas 570 AM, 94.9 FM y para todo el mundo a trav\u00e9s de www.todooaxacaradio.com. El programa es conducido [&#8230;]<\/p>\n<p>May 7, 2014<\/p>\n<div id=\"post-25056\">\n<p><a title=\"Permalink to Escucha a Galileo Robles, X\u00f3chitl Cruz, Fernando Mino y Jos\u00e9 Laz en Todo Oaxaca Radio 29\/Abr\/14\" href=\"http:\/\/www.eloriente.net\/home\/2014\/04\/30\/escucha-a-galileo-robles-xochitl-cruz-fernando-mino-y-jose-laz-en-todo-oaxaca-radio-29abr14\/\" rel=\"bookmark\">Escucha a Galileo Robles, X\u00f3chitl Cruz, Fernando Mino y Jos\u00e9 Laz en Todo Oaxaca Radio 29\/Abr\/14<\/a><\/p>\n<p><a href=\"http:\/\/www.eloriente.net\/home\/2014\/04\/30\/escucha-a-galileo-robles-xochitl-cruz-fernando-mino-y-jose-laz-en-todo-oaxaca-radio-29abr14\/\" rel=\"bookmark\"><img decoding=\"async\" title=\"Escucha a Galileo Robles, X\u00f3chitl Cruz, Fernando Mino y Jos\u00e9 Laz en Todo Oaxaca Radio 29\/Abr\/14\" src=\"http:\/\/www.eloriente.net\/home\/wp-content\/themes\/city-desk\/timthumb.php?src=http%3A%2F%2Fwww.eloriente.net%2Fhome%2Fwp-content%2Fuploads%2F2014%2F04%2FRobles-y-Cruz.jpg&amp;q=90&amp;w=160&amp;h=106&amp;zc=1\" alt=\"Escucha a Galileo Robles, X\u00f3chitl Cruz, Fernando Mino y Jos\u00e9 Laz en Todo Oaxaca Radio 29\/Abr\/14\" \/><\/a><\/p>\n<p>todooaxacaradio.com 30 de abril de 2014 Como cada martes, en punto de las 17:00 horas se transmiti\u00f3 el programa Todo Oaxaca Radio completamente en vivo desde la Ciudad de Oaxaca de Ju\u00e1rez, a trav\u00e9s de las frecuencias abiertas 570 AM, 94.9 FM y para todo el mundo a trav\u00e9s de www.todooaxacaradio.com. El programa es conducido [&#8230;]<\/p>\n<p>April 30, 2014<\/p>\n<\/div>\n<div id=\"post-24738\">\n<p><a title=\"Permalink to Escucha a Jorge Machorro y Jaime Katz en Todo Oaxaca Radio 22\/Abr\/14\" href=\"http:\/\/www.eloriente.net\/home\/2014\/04\/23\/escucha-a-jorge-machorro-y-jaime-katz-en-todo-oaxaca-radio-22abr14\/\" rel=\"bookmark\">Escucha a Jorge Machorro y Jaime Katz en Todo Oaxaca Radio 22\/Abr\/14<\/a><\/p>\n<p><a href=\"http:\/\/www.eloriente.net\/home\/2014\/04\/23\/escucha-a-jorge-machorro-y-jaime-katz-en-todo-oaxaca-radio-22abr14\/\" rel=\"bookmark\"><img decoding=\"async\" title=\"Escucha a Jorge Machorro y Jaime Katz en Todo Oaxaca Radio 22\/Abr\/14\" src=\"http:\/\/www.eloriente.net\/home\/wp-content\/themes\/city-desk\/timthumb.php?src=http%3A%2F%2Fwww.eloriente.net%2Fhome%2Fwp-content%2Fuploads%2F2014%2F04%2FKatz-Machorro.jpg&amp;q=90&amp;w=160&amp;h=106&amp;zc=1\" alt=\"Escucha a Jorge Machorro y Jaime Katz en Todo Oaxaca Radio 22\/Abr\/14\" \/><\/a><\/p>\n<p>todooaxacaradio.com 23 de abril de 2014 Como cada martes, en punto de las 17:00 horas se transmiti\u00f3 el programa Todo Oaxaca Radio completamente en vivo desde la Ciudad de Oaxaca de Ju\u00e1rez, a trav\u00e9s de las frecuencias abiertas 570 AM, 94.9 FM y para todo el mundo a trav\u00e9s de www.todooaxacaradio.com. El programa es conducido [&#8230;]<\/p>\n<p>April 23, 2014<\/p>\n<\/div>\n<\/div>\n\n\t\t\t  <div \n\t\t\t  \tclass = \"fb-comments\" \n\t\t\t  \tdata-href = \"http:\/\/www.eloriente.net\/home\/2014\/05\/15\/escucha-a-adriana-pedro-yecenia-ramirez-armando-martinez-y-marcos-garcia-en-todo-oaxaca-radio-13may14\/\"\n\t\t\t  \tdata-numposts = \"10\"\n\t\t\t\tdata-colorscheme = \"dark\"\n\t\t\t\tdata-order-by = \"social\"\n\t\t\t\tdata-mobile=true>\n\t\t\t  <\/div>\n\t\t  <style>\n\t\t\t.fb_iframe_widget_fluid_desktop iframe {\n\t\t\t    width: 100% !important;\n\t\t\t}\n\t\t  <\/style>\n\t\t  ","protected":false},"excerpt":{"rendered":"<p>todooaxacaradio.com 15 de mayo de 2014 Como cada martes, en punto de las 17:00 horas se transmiti\u00f3 el programa Todo Oaxaca Radio completamente en vivo desde la Ciudad de Oaxaca de Ju\u00e1rez, a trav\u00e9s de las frecuencias abiertas 570 AM, 94.9 FM y para todo el mundo a trav\u00e9s de www.todooaxacaradio.com. El programa es conducido [&hellip;]<\/p>\n","protected":false},"author":26,"featured_media":25948,"comment_status":"open","ping_status":"open","sticky":false,"template":"","format":"standard","meta":{"_jetpack_memberships_contains_paid_content":false,"footnotes":""},"categories":[32,63,464,12],"tags":[],"class_list":["post-25945","post","type-post","status-publish","format-standard","has-post-thumbnail","hentry","category-entradas","category-estados","category-oaxaca-estados","category-todo-oaxaca-radio"],"jetpack_featured_media_url":"http:\/\/www.eloriente.net\/home\/wp-content\/uploads\/2014\/05\/Adriana-Pedro-y-Yecenia-Ram\u00edrez.jpg","jetpack_sharing_enabled":true,"_links":{"self":[{"href":"http:\/\/www.eloriente.net\/home\/wp-json\/wp\/v2\/posts\/25945"}],"collection":[{"href":"http:\/\/www.eloriente.net\/home\/wp-json\/wp\/v2\/posts"}],"about":[{"href":"http:\/\/www.eloriente.net\/home\/wp-json\/wp\/v2\/types\/post"}],"author":[{"embeddable":true,"href":"http:\/\/www.eloriente.net\/home\/wp-json\/wp\/v2\/users\/26"}],"replies":[{"embeddable":true,"href":"http:\/\/www.eloriente.net\/home\/wp-json\/wp\/v2\/comments?post=25945"}],"version-history":[{"count":9,"href":"http:\/\/www.eloriente.net\/home\/wp-json\/wp\/v2\/posts\/25945\/revisions"}],"predecessor-version":[{"id":25960,"href":"http:\/\/www.eloriente.net\/home\/wp-json\/wp\/v2\/posts\/25945\/revisions\/25960"}],"wp:featuredmedia":[{"embeddable":true,"href":"http:\/\/www.eloriente.net\/home\/wp-json\/wp\/v2\/media\/25948"}],"wp:attachment":[{"href":"http:\/\/www.eloriente.net\/home\/wp-json\/wp\/v2\/media?parent=25945"}],"wp:term":[{"taxonomy":"category","embeddable":true,"href":"http:\/\/www.eloriente.net\/home\/wp-json\/wp\/v2\/categories?post=25945"},{"taxonomy":"post_tag","embeddable":true,"href":"http:\/\/www.eloriente.net\/home\/wp-json\/wp\/v2\/tags?post=25945"}],"curies":[{"name":"wp","href":"https:\/\/api.w.org\/{rel}","templated":true}]}}