{"id":26070,"date":"2014-05-17T10:00:07","date_gmt":"2014-05-17T16:00:07","guid":{"rendered":"http:\/\/www.eloriente.net\/home\/?p=26070"},"modified":"2014-05-17T10:04:59","modified_gmt":"2014-05-17T16:04:59","slug":"el-analisis-del-imco-carece-de-seriedad-y-rigor-enrique-del-val","status":"publish","type":"post","link":"http:\/\/www.eloriente.net\/home\/2014\/05\/17\/el-analisis-del-imco-carece-de-seriedad-y-rigor-enrique-del-val\/","title":{"rendered":"El an\u00e1lisis del IMCO carece de seriedad y rigor: Enrique del Val"},"content":{"rendered":"<p>eloriente.net\/<a href=\"http:\/\/www.agencian22.mx\/\" target=\"_blank\">AgenciaN22<\/a><\/p>\n<p>17 de mayo de 2014<\/p>\n<p style=\"text-align: right;\">Por: Irma Gallo<\/p>\n<p><strong>Al finalizar la conferencia, el funcionario hizo hincapi\u00e9 sobre el an\u00e1lisis que se atribuye al IMCO, el cual \u00abcarece de seriedad y de rigor\u00bb.<\/strong><\/p>\n<p>CIUDAD DE M\u00c9XICO, M\u00e9xico, (N22).- La n\u00f3mina del sector educativo no es \u00fanica. Desde la descentralizaci\u00f3n en 1992 la maneja cada estado de la Rep\u00fablica, qui\u00e9n env\u00eda la informaci\u00f3n a esta Secretar\u00eda. Como uno de los beneficios de la reforma educativa, a partir del a\u00f1o que entra la n\u00f3mina ser\u00e1 \u00fanica\u00bb, mencion\u00f3 en conferencia de prensa Enrique del Val.<\/p>\n<p>Esta ma\u00f1ana el subsecretario de planeaci\u00f3n y pol\u00edticas educativas de la SEP habl\u00f3 ante los medios de comunicaci\u00f3n para ahondar en los \u00absupuestos salarios\u00bb de algunos maestros que dio a conocer una presunta vocera del IMCO.<\/p>\n<p>Ante ello destac\u00f3 que en el caso del estado de Guerrero, en el cual se habla de que la maestra Mar\u00eda del Carmen Peralta Flores gana $576,229 pesos al mes, pero la lectura del dato por parte de la vocera del IMCO, es manifiestamente equivocada: \u00abdicha maestra fue apartada del servicio y demand\u00f3 su reinstalaci\u00f3n y pago de salarios ca\u00eddos desde el 18 de mayo de 2010.<\/p>\n<p>\u00abLa maestra Peralta obtuvo una resoluci\u00f3n favorable, y fueron ordenados su reinstalaci\u00f3n y el pago de salarios ca\u00eddos, que ascendieron a 1 mill\u00f3n 495 mil pesos. Ciertamente hay un pago parcial a su favor el 15 de octubre pasado, que asciende a $678 mil 257.39 y otros dos para cumplir con la sentencia ordenada por el juez\u00bb, argument\u00f3.<\/p>\n<p>Por otro lado, el caso del Jard\u00edn de Ni\u00f1os Bandera Nacional, en el cual se habla de una escuela en Guerrero en donde s\u00f3lo trabajan seis personas y \u00fanicamente hay un alumno, Enrique del Val explic\u00f3 que la SEP recibi\u00f3 la informaci\u00f3n por parte de la autoridad educativa estatal, \u00abde que esta escuela, ubicada en la comunidad de Olea, Iguala, tiene solamente dos trabajadores, y varios alumnos, y el costo mensual de esa plantilla es de $23,217 pesos, como lo prueba el documento que obra en poder de esta Secretar\u00eda\u00bb.<\/p>\n<p><strong>Las Lupitas de Hidalgo<\/strong><\/p>\n<p>En el caso de Hidalgo, la autoridad estatal educativa inform\u00f3 que el conjunto de personas denominadas \u00abLas Lupitas\u00bb ni son centenarias, ni reciben sus pagos por trabajo devengado, sino por descuentos a los trabajadores por concepto de pago de pensi\u00f3n alimenticia. \u00abSe refieren al cuarto trimestre de 2013, y como no tienen RFC, en la n\u00f3mina correspondiente dichos registros se sustituyeron con el n\u00famero 12\/12\/12. Hidalgo tiene dos profesores en servicio de 84 a\u00f1os que son los decanos del magisterio en la entidad\u00bb.<\/p>\n<p><strong>El profesor de Oaxaca\u00a0<\/strong><\/p>\n<p>En el caso de Oaxaca, de Adolfo Zenteno Ram\u00edrez, que dicen que gana m\u00e1s de $600 mil pesos al mes, asever\u00f3 que \u00e9l es profesor e investigador de ense\u00f1anza superior, Titular B. Seg\u00fan el Instituto Estatal de Educaci\u00f3n P\u00fablica de Oaxaca, el IEEPO, por errores administrativos omiti\u00f3 en la n\u00f3mina a dicho profesor por casi nueve meses, ya que su salario real, de acuerdo con la informaci\u00f3n del IEEEPO, es de $45 mil 475 pesos mensuales, m\u00e1s $23 mil mensuales de prestaciones.<\/p>\n<p>Al finalizar la conferencia, el funcionario hizo hincapi\u00e9 sobre el an\u00e1lisis que se atribuye al IMCO, el cual \u00abcarece de seriedad y de rigor; tendr\u00edan que haber comparado meses anteriores y posteriores de salarios y se constatar\u00eda que los pagos mencionados han sido \u00fanicos por diversas razones\u00bb.<\/p>\n<p>&nbsp;<\/p>\n<p><a href=\"http:\/\/www.eloriente.net\/home\/wp-content\/uploads\/2014\/05\/Enrique-del-Val-Por-Ntmx.jpg\"><img loading=\"lazy\" decoding=\"async\" class=\"alignnone size-medium wp-image-26071\" title=\"Enrique del Val-Por Ntmx\" src=\"http:\/\/www.eloriente.net\/home\/wp-content\/uploads\/2014\/05\/Enrique-del-Val-Por-Ntmx-300x253.jpg\" alt=\"\" width=\"300\" height=\"253\" srcset=\"http:\/\/www.eloriente.net\/home\/wp-content\/uploads\/2014\/05\/Enrique-del-Val-Por-Ntmx-300x253.jpg 300w, http:\/\/www.eloriente.net\/home\/wp-content\/uploads\/2014\/05\/Enrique-del-Val-Por-Ntmx.jpg 308w\" sizes=\"(max-width: 300px) 100vw, 300px\" \/><\/a><\/p>\n<p>Foto:\u00a0http:\/\/bit.ly\/1lJDGoY<\/p>\n<p>&nbsp;<\/p>\n<p><strong>Entradas relacionadas:<\/strong><\/p>\n<p><a title=\"Permalink to Samperio \u2018se fuma\u2019 a Francisco Tario\" href=\"http:\/\/www.eloriente.net\/home\/2014\/05\/15\/samperio-se-fuma-a-francisco-tario\/\" rel=\"bookmark\">Samperio \u2018se fuma\u2019 a Francisco Tario<\/a><\/p>\n<p><a href=\"http:\/\/www.eloriente.net\/home\/2014\/05\/15\/samperio-se-fuma-a-francisco-tario\/\" rel=\"bookmark\"><img decoding=\"async\" title=\"Samperio \u2018se fuma\u2019 a Francisco Tario\" src=\"http:\/\/www.eloriente.net\/home\/wp-content\/themes\/city-desk\/timthumb.php?src=http%3A%2F%2Fwww.eloriente.net%2Fhome%2Fwp-content%2Fuploads%2F2014%2F05%2FTario-Agencia-de-Noticias-N22-150514.jpg&amp;q=90&amp;w=160&amp;h=106&amp;zc=1\" alt=\"Samperio \u2018se fuma\u2019 a Francisco Tario\" \/><\/a><\/p>\n<p>eloriente.net\/AgenciaN22 15 de mayo de 2014 Por Perla Vel\u00e1zquez CIUDAD DE M\u00c9XICO, M\u00e9xico, (N22).-Mi encuentro con Francisco Tario surgi\u00f3 de una manera r\u00e1pida, pero a la vez lenta. Editorial Lectorum acaba de publicar los cuentos completos que este autor mexicano escribi\u00f3. Debo confesar que nunca hab\u00eda le\u00eddo nada sobre \u00e9l. Pero deb\u00eda [&#8230;]<\/p>\n<p>May 15, 2014<\/p>\n<p><a title=\"Permalink to Lang Lang, glorioso pianista chino, brindar\u00e1 Clase Magistral en M\u00e9xico\" href=\"http:\/\/www.eloriente.net\/home\/2014\/05\/07\/lang-lang-glorioso-pianista-chino-brindara-clase-magistral-en-mexico\/\" rel=\"bookmark\">Lang Lang, glorioso pianista chino, brindar\u00e1 Clase Magistral en M\u00e9xico<\/a><\/p>\n<p><a href=\"http:\/\/www.eloriente.net\/home\/2014\/05\/07\/lang-lang-glorioso-pianista-chino-brindara-clase-magistral-en-mexico\/\" rel=\"bookmark\"><img decoding=\"async\" title=\"Lang Lang, glorioso pianista chino, brindar\u00e1 Clase Magistral en M\u00e9xico\" src=\"http:\/\/www.eloriente.net\/home\/wp-content\/themes\/city-desk\/timthumb.php?src=http%3A%2F%2Fwww.eloriente.net%2Fhome%2Fwp-content%2Fuploads%2F2014%2F05%2F%40LangLang-Photocredit-AOF-Tibor-Florestan-Pluto-.jpg&amp;q=90&amp;w=160&amp;h=106&amp;zc=1\" alt=\"Lang Lang, glorioso pianista chino, brindar\u00e1 Clase Magistral en M\u00e9xico\" \/><\/a><\/p>\n<p>eloriente.net\/AgenciaN22 7 de mayo de 2014 CIUDAD DE M\u00c9XICO, M\u00e9xico, (N22\/Redacci\u00f3n).- En una iniciativa por la compa\u00f1\u00eda\u00a0Telef\u00f3nica, dedicada a\u00a0 la innovaci\u00f3n de productos y servicios de telecomunicaciones. El pianista chino\u00a0Lang Lang\u00a0brindar\u00e1 una clase magistral en la Sala Telef\u00f3nica delCentro Cultural Roberto Cantoral\u00a0y un concierto los d\u00edas 22 y 23 de junio en el\u00a0Palacio de [&#8230;]<\/p>\n<p>May 7, 2014<\/p>\n<div id=\"post-24997\">\n<p><a title=\"Permalink to Argentinas lanzan campa\u00f1a contra el c\u00e1ncer de mama: Firm\u00e1 una teta\" href=\"http:\/\/www.eloriente.net\/home\/2014\/04\/29\/argentinas-lanzan-campana-contra-el-cancer-de-mama-firma-una-teta\/\" rel=\"bookmark\">Argentinas lanzan campa\u00f1a contra el c\u00e1ncer de mama: Firm\u00e1 una teta<\/a><\/p>\n<p><a href=\"http:\/\/www.eloriente.net\/home\/2014\/04\/29\/argentinas-lanzan-campana-contra-el-cancer-de-mama-firma-una-teta\/\" rel=\"bookmark\"><img decoding=\"async\" title=\"Argentinas lanzan campa\u00f1a contra el c\u00e1ncer de mama: Firm\u00e1 una teta\" src=\"http:\/\/www.eloriente.net\/home\/wp-content\/themes\/city-desk\/timthumb.php?src=http%3A%2F%2Fwww.eloriente.net%2Fhome%2Fwp-content%2Fuploads%2F2014%2F04%2FfirmaUNATETA-N22.jpg&amp;q=90&amp;w=160&amp;h=106&amp;zc=1\" alt=\"Argentinas lanzan campa\u00f1a contra el c\u00e1ncer de mama: Firm\u00e1 una teta\" \/><\/a><\/p>\n<p>eloriente.net\/AgenciaN22 29 de abril de 2014 CIUDAD DE M\u00c9XICO, M\u00e9xico, (N22\/Redacci\u00f3n).- Argentina levanta la mano por las mujeres latinoamericanas que padecen c\u00e1ncer de mama. La organizaci\u00f3n no gubernamental Movimiento Ayuda C\u00e1ncer de Mama (MACMA) ha lanzado la campa\u00f1a online \u201cFirma una teta\u201d como parte de las acciones en la lucha [&#8230;]<\/p>\n<p>April 29, 2014<\/p>\n<\/div>\n\n\t\t\t  <div \n\t\t\t  \tclass = \"fb-comments\" \n\t\t\t  \tdata-href = \"http:\/\/www.eloriente.net\/home\/2014\/05\/17\/el-analisis-del-imco-carece-de-seriedad-y-rigor-enrique-del-val\/\"\n\t\t\t  \tdata-numposts = \"10\"\n\t\t\t\tdata-colorscheme = \"dark\"\n\t\t\t\tdata-order-by = \"social\"\n\t\t\t\tdata-mobile=true>\n\t\t\t  <\/div>\n\t\t  <style>\n\t\t\t.fb_iframe_widget_fluid_desktop iframe {\n\t\t\t    width: 100% !important;\n\t\t\t}\n\t\t  <\/style>\n\t\t  ","protected":false},"excerpt":{"rendered":"<p>eloriente.net\/AgenciaN22 17 de mayo de 2014 Por: Irma Gallo Al finalizar la conferencia, el funcionario hizo hincapi\u00e9 sobre el an\u00e1lisis que se atribuye al IMCO, el cual \u00abcarece de seriedad y de rigor\u00bb. CIUDAD DE M\u00c9XICO, M\u00e9xico, (N22).- La n\u00f3mina del sector educativo no es \u00fanica. Desde la descentralizaci\u00f3n en 1992 la maneja cada estado [&hellip;]<\/p>\n","protected":false},"author":26,"featured_media":26071,"comment_status":"open","ping_status":"open","sticky":false,"template":"","format":"standard","meta":{"_jetpack_memberships_contains_paid_content":false,"footnotes":""},"categories":[18,32,63,10,21],"tags":[184,1317,851,1316,371,1315,847],"class_list":["post-26070","post","type-post","status-publish","format-standard","has-post-thumbnail","hentry","category-educacion-y-cultura","category-entradas","category-estados","category-lo-mas-reciente","category-politica-y-gobierno","tag-educacion","tag-enrique-del-val","tag-imco","tag-las-lupitas","tag-maestros","tag-salarios","tag-sep"],"jetpack_featured_media_url":"http:\/\/www.eloriente.net\/home\/wp-content\/uploads\/2014\/05\/Enrique-del-Val-Por-Ntmx.jpg","jetpack_sharing_enabled":true,"_links":{"self":[{"href":"http:\/\/www.eloriente.net\/home\/wp-json\/wp\/v2\/posts\/26070"}],"collection":[{"href":"http:\/\/www.eloriente.net\/home\/wp-json\/wp\/v2\/posts"}],"about":[{"href":"http:\/\/www.eloriente.net\/home\/wp-json\/wp\/v2\/types\/post"}],"author":[{"embeddable":true,"href":"http:\/\/www.eloriente.net\/home\/wp-json\/wp\/v2\/users\/26"}],"replies":[{"embeddable":true,"href":"http:\/\/www.eloriente.net\/home\/wp-json\/wp\/v2\/comments?post=26070"}],"version-history":[{"count":3,"href":"http:\/\/www.eloriente.net\/home\/wp-json\/wp\/v2\/posts\/26070\/revisions"}],"predecessor-version":[{"id":26073,"href":"http:\/\/www.eloriente.net\/home\/wp-json\/wp\/v2\/posts\/26070\/revisions\/26073"}],"wp:featuredmedia":[{"embeddable":true,"href":"http:\/\/www.eloriente.net\/home\/wp-json\/wp\/v2\/media\/26071"}],"wp:attachment":[{"href":"http:\/\/www.eloriente.net\/home\/wp-json\/wp\/v2\/media?parent=26070"}],"wp:term":[{"taxonomy":"category","embeddable":true,"href":"http:\/\/www.eloriente.net\/home\/wp-json\/wp\/v2\/categories?post=26070"},{"taxonomy":"post_tag","embeddable":true,"href":"http:\/\/www.eloriente.net\/home\/wp-json\/wp\/v2\/tags?post=26070"}],"curies":[{"name":"wp","href":"https:\/\/api.w.org\/{rel}","templated":true}]}}