{"id":26075,"date":"2014-05-17T12:02:58","date_gmt":"2014-05-17T18:02:58","guid":{"rendered":"http:\/\/www.eloriente.net\/home\/?p=26075"},"modified":"2014-05-17T12:11:07","modified_gmt":"2014-05-17T18:11:07","slug":"gobierno-de-oaxaca-publica-estudio-de-opinion-sobre-velaria-del-auditorio-guelaguetza","status":"publish","type":"post","link":"http:\/\/www.eloriente.net\/home\/2014\/05\/17\/gobierno-de-oaxaca-publica-estudio-de-opinion-sobre-velaria-del-auditorio-guelaguetza\/","title":{"rendered":"Gobierno de Oaxaca publica estudio de opini\u00f3n sobre velaria del Auditorio Guelaguetza"},"content":{"rendered":"<p>eloriente.net<\/p>\n<p>17 de mayo de 2014<\/p>\n<p>Luego de que el pasado domingo 11 de mayo de 2014 se realizar\u00e1 el retiro de la parte trasera de la velaria\u00a0que cubre el Auditorio Guelaguetza de la ciudad de Oaxaca, el Gobierno del Estado hizo p\u00fablico los resultados del estudio de opini\u00f3n en la que la ciudadan\u00eda local aprobaba\u00a0la reinstalaci\u00f3n completa del domo.\u00a0<a title=\"Permalink to Una mirada al pasado: \u201cLa velaria del auditorio Guelaguetza\u201d\" href=\"http:\/\/www.eloriente.net\/home\/2014\/05\/12\/una-mirada-al-pasado-la-velaria-del-auditorio-guelaguetza\/\" rel=\"bookmark\">Ver: Una mirada al pasado: \u201cLa velaria del auditorio Guelaguetza\u201d<\/a><\/p>\n<p>Con una inversi\u00f3n de\u00a0108 mil 460 pesos, el gobierno estatal a trav\u00e9s de Secretar\u00eda de Contralor\u00eda y Transparencia Gubernamental, representada por su titular Perla Marisela Woolrich Fern\u00e1ndez, contrat\u00f3 los servicios de la Lic. Cecilia Hern\u00e1ndez G\u00f3mez de la empresa\u00a0\u201cConceptos, Investigaci\u00f3n, Marketing y Relaciones P\u00fablicas\u201d para llevar a cabo el estudio de opini\u00f3n.<\/p>\n<p>Asimismo, el gobierno estatal explic\u00f3 que eligi\u00f3 la propuesta de la Lic. Hern\u00e1ndez G\u00f3mez por ofrecer el grado de confianza m\u00e1s alto con un 99%, error de estimaci\u00f3n de 3%, la muestra m\u00e1s grande de 1850 encuestados y el costo m\u00e1s bajo de las cinco propuestas recibidas ($93,500.00 m\u00e1s IVA).<\/p>\n<p>&nbsp;<\/p>\n<p style=\"text-align: center;\"><a href=\"http:\/\/www.eloriente.net\/home\/wp-content\/uploads\/2014\/05\/Comparativo.png\"><img loading=\"lazy\" decoding=\"async\" class=\"aligncenter\" style=\"-webkit-user-select: none;\" src=\"http:\/\/www.eloriente.net\/home\/wp-content\/uploads\/2014\/05\/Comparativo.png\" alt=\"\" width=\"542\" height=\"302\" \/><\/a><\/p>\n<p>&nbsp;<\/p>\n<p>El estudio de opini\u00f3n se realiz\u00f3 del 7 al 11 de noviembre de 2012, dirigido a ciudadanos habitantes de la Ciudad de Oaxaca y los 20 municipios del \u00e1rea conurbada para conocer su opini\u00f3n, el grado de aceptaci\u00f3n y desaprobaci\u00f3n sobre la la velaria del Auditorio Guelaguetza.<\/p>\n<p>Se aplicaron\u00a01,912 entrevistas en vivienda \u00abcara a cara\u00bb a ciudadanos mayores a 18 a\u00f1os con credencial para votar, de las cuales se validaron 1,868.<\/p>\n<p>ELORIENTE.NET pone a tu disposici\u00f3n la presentaci\u00f3n completa de resultados del estudio de opini\u00f3n:<\/p>\n<p>&nbsp;<\/p>\n<div data-configid=\"5422719\/7897721\" style=\"width: 525px; height: 394px;\" class=\"issuuembed\"><\/div>\n<p><script type=\"text\/javascript\" src=\"\/\/e.issuu.com\/embed.js\" async=\"true\"><\/script><br \/>\n&nbsp;<\/p>\n<p>&nbsp;<\/p>\n<p><a href=\"http:\/\/www.eloriente.net\/home\/wp-content\/uploads\/2014\/05\/Velaria-Por-Oaxtransparente.png\"><img loading=\"lazy\" decoding=\"async\" class=\"alignnone size-medium wp-image-26082\" title=\"Velaria-Por Oaxtransparente\" src=\"http:\/\/www.eloriente.net\/home\/wp-content\/uploads\/2014\/05\/Velaria-Por-Oaxtransparente-300x144.png\" alt=\"\" width=\"300\" height=\"144\" srcset=\"http:\/\/www.eloriente.net\/home\/wp-content\/uploads\/2014\/05\/Velaria-Por-Oaxtransparente-300x144.png 300w, http:\/\/www.eloriente.net\/home\/wp-content\/uploads\/2014\/05\/Velaria-Por-Oaxtransparente-1024x491.png 1024w\" sizes=\"(max-width: 300px) 100vw, 300px\" \/><\/a><\/p>\n<p>Foto: Oaxtransparente<\/p>\n<p>&nbsp;<\/p>\n<p><strong>Entradas relacionadas:<\/strong><\/p>\n<p><a title=\"Permalink to Una mirada al pasado: \u201cLa velaria del auditorio Guelaguetza\u201d\" href=\"http:\/\/www.eloriente.net\/home\/2014\/05\/12\/una-mirada-al-pasado-la-velaria-del-auditorio-guelaguetza\/\" rel=\"bookmark\">Una mirada al pasado: \u201cLa velaria del auditorio Guelaguetza\u201d<\/a><\/p>\n<p><a href=\"http:\/\/www.eloriente.net\/home\/2014\/05\/12\/una-mirada-al-pasado-la-velaria-del-auditorio-guelaguetza\/\" rel=\"bookmark\"><img decoding=\"async\" title=\"Una mirada al pasado: \u201cLa velaria del auditorio Guelaguetza\u201d\" src=\"http:\/\/www.eloriente.net\/home\/wp-content\/themes\/city-desk\/timthumb.php?src=http%3A%2F%2Fwww.eloriente.net%2Fhome%2Fwp-content%2Fuploads%2F2014%2F05%2FVelaria-Principal-Por-Gabino-Cu%C3%A9-Monteagudo.jpg&amp;q=90&amp;w=160&amp;h=106&amp;zc=1\" alt=\"Una mirada al pasado: \u201cLa velaria del auditorio Guelaguetza\u201d\" \/><\/a><\/p>\n<p>eloriente.net 12 de mayo de 2014 eloriente.net, 12 de mayo de 2014, Oaxaca de Ju\u00e1rez, Oax.- Ayer por la tarde dio inicio el retiro de la parte trasera de la velaria que cubre el Auditorio Guelaguetza en el cerro del Fort\u00edn de la capital oaxaque\u00f1a, seg\u00fan inform\u00f3\u00a0la Secretar\u00eda de las Infraestructuras y el Ordenamiento Territorial [&#8230;]<\/p>\n<p>May 12, 2014<\/p>\n<p><a title=\"Permalink to 43.5% de la poblaci\u00f3n de M\u00e9xico se declar\u00f3 usuaria de internet: INEGI\" href=\"http:\/\/www.eloriente.net\/home\/2014\/05\/17\/43-5-de-la-poblacion-de-mexico-se-declaro-usuaria-de-internet-inegi\/\" rel=\"bookmark\">43.5% de la poblaci\u00f3n de M\u00e9xico se declar\u00f3 usuaria de internet: INEGI<\/a><\/p>\n<p><a href=\"http:\/\/www.eloriente.net\/home\/2014\/05\/17\/43-5-de-la-poblacion-de-mexico-se-declaro-usuaria-de-internet-inegi\/\" rel=\"bookmark\"><img decoding=\"async\" title=\"43.5% de la poblaci\u00f3n de M\u00e9xico se declar\u00f3 usuaria de internet: INEGI\" src=\"http:\/\/www.eloriente.net\/home\/wp-content\/themes\/city-desk\/timthumb.php?src=http%3A%2F%2Fwww.eloriente.net%2Fhome%2Fwp-content%2Fuploads%2F2014%2F05%2FInternet-Alejandro-Pinto.jpg&amp;q=90&amp;w=160&amp;h=106&amp;zc=1\" alt=\"43.5% de la poblaci\u00f3n de M\u00e9xico se declar\u00f3 usuaria de internet: INEGI\" \/><\/a><\/p>\n<p>eloriente.net 17 de mayo de 2014 Al mes de abril de 2013, el 43.5% de la poblaci\u00f3n de M\u00e9xico mayores de seis a\u00f1os, es decir, 46 millones de personas, se declar\u00f3 usuaria de internet, as\u00ed lo dio a conocer el Instituto Nacional de Estad\u00edstica y Geograf\u00eda a prop\u00f3sito del D\u00eda Mundial de Internet, el cual [&#8230;]<\/p>\n<p>May 17, 2014<\/p>\n<p><a title=\"Permalink to Imprescindible libre autodeterminaci\u00f3n de pueblos ind\u00edgenas: consejero Morales Garc\u00eda\" href=\"http:\/\/www.eloriente.net\/home\/2014\/05\/14\/imprescindible-libre-autodeterminacion-de-pueblos-indigenas-consejero-morales-garcia\/\" rel=\"bookmark\">Imprescindible libre autodeterminaci\u00f3n de pueblos ind\u00edgenas: consejero Morales Garc\u00eda<\/a><\/p>\n<p><a href=\"http:\/\/www.eloriente.net\/home\/2014\/05\/14\/imprescindible-libre-autodeterminacion-de-pueblos-indigenas-consejero-morales-garcia\/\" rel=\"bookmark\"><img decoding=\"async\" title=\"Imprescindible libre autodeterminaci\u00f3n de pueblos ind\u00edgenas: consejero Morales Garc\u00eda\" src=\"http:\/\/www.eloriente.net\/home\/wp-content\/themes\/city-desk\/timthumb.php?src=http%3A%2F%2Fwww.eloriente.net%2Fhome%2Fwp-content%2Fuploads%2F2014%2F05%2FUsos-y-costumbres-principal.jpg&amp;q=90&amp;w=160&amp;h=106&amp;zc=1\" alt=\"Imprescindible libre autodeterminaci\u00f3n de pueblos ind\u00edgenas: consejero Morales Garc\u00eda\" \/><\/a><\/p>\n<p>eloriente.net 15 de mayo de 2014 En entrevista para ELORIENTE.NET, el Mtro. Juan Pablo Morales Garc\u00eda,\u00a0consejero del Instituto Estatal Electoral y de Participaci\u00f3n Ciudadana de Oaxaca (IEEPCO), consider\u00f3 como imprescindible el tema de la libre autodeterminaci\u00f3n de los pueblos y comunidades ind\u00edgenas del pa\u00eds en la Ley General de Procedimientos Electorales de la reforma pol\u00edtico [&#8230;]<\/p>\n<p>May 14, 2014<\/p>\n\n\t\t\t  <div \n\t\t\t  \tclass = \"fb-comments\" \n\t\t\t  \tdata-href = \"http:\/\/www.eloriente.net\/home\/2014\/05\/17\/gobierno-de-oaxaca-publica-estudio-de-opinion-sobre-velaria-del-auditorio-guelaguetza\/\"\n\t\t\t  \tdata-numposts = \"10\"\n\t\t\t\tdata-colorscheme = \"dark\"\n\t\t\t\tdata-order-by = \"social\"\n\t\t\t\tdata-mobile=true>\n\t\t\t  <\/div>\n\t\t  <style>\n\t\t\t.fb_iframe_widget_fluid_desktop iframe {\n\t\t\t    width: 100% !important;\n\t\t\t}\n\t\t  <\/style>\n\t\t  ","protected":false},"excerpt":{"rendered":"<p>eloriente.net 17 de mayo de 2014 Luego de que el pasado domingo 11 de mayo de 2014 se realizar\u00e1 el retiro de la parte trasera de la velaria\u00a0que cubre el Auditorio Guelaguetza de la ciudad de Oaxaca, el Gobierno del Estado hizo p\u00fablico los resultados del estudio de opini\u00f3n en la que la ciudadan\u00eda local [&hellip;]<\/p>\n","protected":false},"author":26,"featured_media":26082,"comment_status":"open","ping_status":"open","sticky":false,"template":"","format":"standard","meta":{"_jetpack_memberships_contains_paid_content":false,"footnotes":""},"categories":[32,63,10,23,464,21],"tags":[1249,1318,1319,553,1250,197,1248],"class_list":["post-26075","post","type-post","status-publish","format-standard","has-post-thumbnail","hentry","category-entradas","category-estados","category-lo-mas-reciente","category-municipios","category-oaxaca-estados","category-politica-y-gobierno","tag-auditorio","tag-conceptos-marketing","tag-contraloria","tag-estudio","tag-guelaguetza","tag-opinion","tag-velaria"],"jetpack_featured_media_url":"http:\/\/www.eloriente.net\/home\/wp-content\/uploads\/2014\/05\/Velaria-Por-Oaxtransparente.png","jetpack_sharing_enabled":true,"_links":{"self":[{"href":"http:\/\/www.eloriente.net\/home\/wp-json\/wp\/v2\/posts\/26075"}],"collection":[{"href":"http:\/\/www.eloriente.net\/home\/wp-json\/wp\/v2\/posts"}],"about":[{"href":"http:\/\/www.eloriente.net\/home\/wp-json\/wp\/v2\/types\/post"}],"author":[{"embeddable":true,"href":"http:\/\/www.eloriente.net\/home\/wp-json\/wp\/v2\/users\/26"}],"replies":[{"embeddable":true,"href":"http:\/\/www.eloriente.net\/home\/wp-json\/wp\/v2\/comments?post=26075"}],"version-history":[{"count":8,"href":"http:\/\/www.eloriente.net\/home\/wp-json\/wp\/v2\/posts\/26075\/revisions"}],"predecessor-version":[{"id":26084,"href":"http:\/\/www.eloriente.net\/home\/wp-json\/wp\/v2\/posts\/26075\/revisions\/26084"}],"wp:featuredmedia":[{"embeddable":true,"href":"http:\/\/www.eloriente.net\/home\/wp-json\/wp\/v2\/media\/26082"}],"wp:attachment":[{"href":"http:\/\/www.eloriente.net\/home\/wp-json\/wp\/v2\/media?parent=26075"}],"wp:term":[{"taxonomy":"category","embeddable":true,"href":"http:\/\/www.eloriente.net\/home\/wp-json\/wp\/v2\/categories?post=26075"},{"taxonomy":"post_tag","embeddable":true,"href":"http:\/\/www.eloriente.net\/home\/wp-json\/wp\/v2\/tags?post=26075"}],"curies":[{"name":"wp","href":"https:\/\/api.w.org\/{rel}","templated":true}]}}