{"id":26101,"date":"2014-05-18T16:10:23","date_gmt":"2014-05-18T22:10:23","guid":{"rendered":"http:\/\/www.eloriente.net\/home\/?p=26101"},"modified":"2014-05-19T09:16:49","modified_gmt":"2014-05-19T15:16:49","slug":"carlos-navarrete-sufre-accidente-carretero-estable-en-iguala","status":"publish","type":"post","link":"http:\/\/www.eloriente.net\/home\/2014\/05\/18\/carlos-navarrete-sufre-accidente-carretero-estable-en-iguala\/","title":{"rendered":"Carlos Navarrete sufre accidente carretero; estable en Iguala"},"content":{"rendered":"<p>eloriente.net<\/p>\n<p>18 de mayo de 2014<\/p>\n<blockquote class=\"twitter-tweet\" lang=\"es\"><p>Sufre accidente Carlos Navarrete; reportan dos heridos &#8211; <a href=\"http:\/\/t.co\/8OTBYV1aUf\">http:\/\/t.co\/8OTBYV1aUf<\/a> <a href=\"http:\/\/t.co\/hD4aVi6xV0\">pic.twitter.com\/hD4aVi6xV0<\/a><\/p>\n<p>\u2014 1070 Radio Noticias (@1070noticias) <a href=\"https:\/\/twitter.com\/1070noticias\/statuses\/468094423549493248\">Mayo 18, 2014<\/a><\/p><\/blockquote>\n<p>&nbsp;<\/p>\n<p>A las 6:58 de la ma\u00f1ana de este d\u00eda, Carlos Navarrete, aspirante a la presidencia nacional del Partido de la Revoluci\u00f3n Democr\u00e1tica, inform\u00f3 a trav\u00e9s de su cuenta de twitter que hab\u00eda tenido un accidente automovil\u00edstico 10 minutos antes de llegar a la ciudad de Iguala en el estado sure\u00f1o de Guerrero, M\u00e9xico.<\/p>\n<p>Se trat\u00f3 de un derrape y luego un fuerte impacto. En ese momento, Navarrete inform\u00f3 la presencia de dos heridos: Javier Salinas y Luis Enrique G\u00f3mez.<\/p>\n<p>&nbsp;<\/p>\n<blockquote class=\"twitter-tweet\" lang=\"es\"><p>Lament\u00f3 informar que hemos tenido un accidente en carretera. Hay dos heridos. <a href=\"https:\/\/twitter.com\/JavierSalinasN\">@JavierSalinasN<\/a> y un colaborador. Los dem\u00e1s estamos bien.<\/p>\n<p>\u2014 Carlos Navarrete (@Navarretecarlos) <a href=\"https:\/\/twitter.com\/Navarretecarlos\/statuses\/468027828110245889\">Mayo 18, 2014<\/a><\/p><\/blockquote>\n<p>&nbsp;<\/p>\n<p>Aproximadamente una hora antes del accidente Javier Salinas hab\u00eda compartido por su lado esta fotograf\u00eda en la misma red social:<\/p>\n<p>&nbsp;<\/p>\n<blockquote class=\"twitter-tweet\" lang=\"es\"><p>Acompa\u00f1o a <a href=\"https:\/\/twitter.com\/Navarretecarlos\">@Navarretecarlos<\/a> por los caminos del sur <a href=\"https:\/\/twitter.com\/Jesus_ZambranoG\">@Jesus_ZambranoG<\/a> <a href=\"https:\/\/twitter.com\/jesusortegam\">@jesusortegam<\/a> <a href=\"https:\/\/twitter.com\/NvaIzq\">@NvaIzq<\/a> <a href=\"https:\/\/twitter.com\/search?q=%23MejoresCuentas&amp;src=hash\">#MejoresCuentas<\/a> <a href=\"http:\/\/t.co\/dH02YuvbmH\">pic.twitter.com\/dH02YuvbmH<\/a> \u2014 Javier Salinas (@JavierSalinasN) <a href=\"https:\/\/twitter.com\/JavierSalinasN\/statuses\/468013525718147073\">Mayo 18, 2014<\/a><\/p><\/blockquote>\n<p>&nbsp;<\/p>\n<p>Afortunadamente, alrededor de las 9 de la ma\u00f1ana, Navarrete inform\u00f3 que luego de ser trasladados y atendidos en el hospital del ISSSTE en Iguala, el diagn\u00f3stico de sus acompa\u00f1antes fue: \u00abLuis Enrique con herida en el cr\u00e1neo; Jessica con fractura de clav\u00edcula; @JavierSalinasN con golpes y pecho y hombre.<\/p>\n<p>&nbsp;<\/p>\n<blockquote class=\"twitter-tweet\" lang=\"es\"><p>Estamos en general bien. Gracias a todos por el apoyo.<\/p>\n<blockquote class=\"twitter-tweet\" lang=\"es\"><p>Yo estoy bien. Un par de golpes que ya me atiendo. En el ISSSTE nos recibieron m\u00e9dicos y enfermeras que son del PRD! Gracias a ellos! \u2014 Carlos Navarrete (@Navarretecarlos) <a href=\"https:\/\/twitter.com\/Navarretecarlos\/statuses\/468061270462066688\">Mayo 18, 2014<\/a><\/p><\/blockquote>\n<\/blockquote>\n<p>&nbsp;<\/p>\n<p>&nbsp;<\/p>\n<p><iframe loading=\"lazy\" src=\"\/\/www.youtube.com\/embed\/hbEbZ688giM\" frameborder=\"0\" width=\"560\" height=\"315\"><\/iframe><\/p>\n<p>&nbsp;<\/p>\n<p><a href=\"http:\/\/www.eloriente.net\/home\/wp-content\/uploads\/2014\/05\/Captura-de-pantalla-2014-05-18-a-las-17.06.39.png\"><img loading=\"lazy\" decoding=\"async\" class=\"alignnone size-medium wp-image-26102\" title=\"Captura de pantalla 2014-05-18 Carlos Navarrete\" src=\"http:\/\/www.eloriente.net\/home\/wp-content\/uploads\/2014\/05\/Captura-de-pantalla-2014-05-18-a-las-17.06.39-300x162.png\" alt=\"\" width=\"300\" height=\"162\" srcset=\"http:\/\/www.eloriente.net\/home\/wp-content\/uploads\/2014\/05\/Captura-de-pantalla-2014-05-18-a-las-17.06.39-300x162.png 300w, http:\/\/www.eloriente.net\/home\/wp-content\/uploads\/2014\/05\/Captura-de-pantalla-2014-05-18-a-las-17.06.39.png 475w\" sizes=\"(max-width: 300px) 100vw, 300px\" \/><\/a><\/p>\n<p>&nbsp;<\/p>\n<p><strong>Otras Entradas:<\/strong><\/p>\n<p><a title=\"Permalink to Se logr\u00f3 que paisanos en extranjero voten con boleta electr\u00f3nica: Benjam\u00edn Robles\" href=\"http:\/\/www.eloriente.net\/home\/2014\/05\/15\/se-logro-que-paisanos-en-extranjero-voten-con-boleta-electronica-benjamin-robles\/\" rel=\"bookmark\">Se logr\u00f3 que paisanos en extranjero voten con boleta electr\u00f3nica: Benjam\u00edn Robles<\/a><\/p>\n<p><a href=\"http:\/\/www.eloriente.net\/home\/2014\/05\/15\/se-logro-que-paisanos-en-extranjero-voten-con-boleta-electronica-benjamin-robles\/\" rel=\"bookmark\"><img decoding=\"async\" title=\"Se logr\u00f3 que paisanos en extranjero voten con boleta electr\u00f3nica: Benjam\u00edn Robles\" src=\"http:\/\/www.eloriente.net\/home\/wp-content\/themes\/city-desk\/timthumb.php?src=http%3A%2F%2Fwww.eloriente.net%2Fhome%2Fwp-content%2Fuploads%2F2014%2F05%2FCaptura-de-pantalla-2014-05-15-a-las-12.23.51.png&amp;q=90&amp;w=160&amp;h=106&amp;zc=1\" alt=\"Se logr\u00f3 que paisanos en extranjero voten con boleta electr\u00f3nica: Benjam\u00edn Robles\" \/><\/a><\/p>\n<p>eloriente.net\/Senadores PRD 15 de mayo de 2014 Ayer, durante la aprobaci\u00f3n en el Senado de la Rep\u00fablica de diversos dict\u00e1menes en materia pol\u00edtico electoral, Benjam\u00edn Robles Montoya, Senador por Oaxaca, se refiri\u00f3 en una de sus intervenciones al voto de mexicanos en el extranjero, lo cual podr\u00e1 efectuarse ahora tambi\u00e9n por boleta electr\u00f3nica. Las paisanas [&#8230;]<\/p>\n<p>May 15, 2014<\/p>\n<div id=\"post-25927\">\n<p><a title=\"Permalink to Demandan diputados a Gabino Cu\u00e9 cumplir su papel de garante, luego de marchas de S-22\" href=\"http:\/\/www.eloriente.net\/home\/2014\/05\/15\/demandan-diputados-a-gabino-cue-cumplir-su-papel-de-garante-luego-de-movilizaciones-de-seccion-22\/\" rel=\"bookmark\">Demandan diputados a Gabino Cu\u00e9 cumplir su papel de garante, luego de marchas de S-22<\/a><\/p>\n<p><a href=\"http:\/\/www.eloriente.net\/home\/2014\/05\/15\/demandan-diputados-a-gabino-cue-cumplir-su-papel-de-garante-luego-de-movilizaciones-de-seccion-22\/\" rel=\"bookmark\"><img decoding=\"async\" title=\"Demandan diputados a Gabino Cu\u00e9 cumplir su papel de garante, luego de marchas de S-22\" src=\"http:\/\/www.eloriente.net\/home\/wp-content\/themes\/city-desk\/timthumb.php?src=http%3A%2F%2Fwww.eloriente.net%2Fhome%2Fwp-content%2Fuploads%2F2014%2F05%2FDiputados-Por-Congreso-Local1.jpg&amp;q=90&amp;w=160&amp;h=106&amp;zc=1\" alt=\"Demandan diputados a Gabino Cu\u00e9 cumplir su papel de garante, luego de marchas de S-22\" \/><\/a><\/p>\n<p>eloriente.net\/Congreso del Estado 15 de mayo de 2014 Los diputados Adolfo Toledo del PRI y Jeft\u00e9 M\u00e9ndez del PANAL convocaron \u00a0a garantizar el Estado de Derecho. Solicitan la integraci\u00f3n de Comit\u00e9s Municipales de Protecci\u00f3n Civil y brindar seguridad en la Mixteca. En sesi\u00f3n ordinaria de la Diputaci\u00f3n Permanente de la LXII Legislatura del Estado, el [&#8230;]<\/p>\n<p>May 15, 2014<\/p>\n<\/div>\n<div id=\"post-25725\">\n<p><a title=\"Permalink to Hoy se cumplen 20 a\u00f1os del primer Debate Presidencial en M\u00e9xico (Video)\" href=\"http:\/\/www.eloriente.net\/home\/2014\/05\/12\/hoy-se-cumplen-20-anos-del-primer-debate-presidencial-en-mexico-video\/\" rel=\"bookmark\">Hoy se cumplen 20 a\u00f1os del primer Debate Presidencial en M\u00e9xico (Video)<\/a><\/p>\n<p><a href=\"http:\/\/www.eloriente.net\/home\/2014\/05\/12\/hoy-se-cumplen-20-anos-del-primer-debate-presidencial-en-mexico-video\/\" rel=\"bookmark\"><img decoding=\"async\" title=\"Hoy se cumplen 20 a\u00f1os del primer Debate Presidencial en M\u00e9xico (Video)\" src=\"http:\/\/www.eloriente.net\/home\/wp-content\/themes\/city-desk\/timthumb.php?src=http%3A%2F%2Fwww.eloriente.net%2Fhome%2Fwp-content%2Fuploads%2F2014%2F05%2FCaptura-de-pantalla-2014-05-12-a-las-07.49.40.png&amp;q=90&amp;w=160&amp;h=106&amp;zc=1\" alt=\"Hoy se cumplen 20 a\u00f1os del primer Debate Presidencial en M\u00e9xico (Video)\" \/><\/a><\/p>\n<p>eloriente.net 12 de mayo de 2014 \u201cFinalmente lleg\u00f3 el tiempo del esperado debate. Es una ocasi\u00f3n sin precedentes para los candidatos que estamos impulsando el cambio democr\u00e1tico, en una televisi\u00f3n que ha estado cerrada para nosotros\u201d, fueron las primeras palabras pronunciadas en un debate presidencial televisado en M\u00e9xico, el de 1994. Y lo fueron por [&#8230;]<\/p>\n<p>May 12, 2014<\/p>\n<\/div>\n\n\t\t\t  <div \n\t\t\t  \tclass = \"fb-comments\" \n\t\t\t  \tdata-href = \"http:\/\/www.eloriente.net\/home\/2014\/05\/18\/carlos-navarrete-sufre-accidente-carretero-estable-en-iguala\/\"\n\t\t\t  \tdata-numposts = \"10\"\n\t\t\t\tdata-colorscheme = \"dark\"\n\t\t\t\tdata-order-by = \"social\"\n\t\t\t\tdata-mobile=true>\n\t\t\t  <\/div>\n\t\t  <style>\n\t\t\t.fb_iframe_widget_fluid_desktop iframe {\n\t\t\t    width: 100% !important;\n\t\t\t}\n\t\t  <\/style>\n\t\t  ","protected":false},"excerpt":{"rendered":"<p>eloriente.net 18 de mayo de 2014 Sufre accidente Carlos Navarrete; reportan dos heridos &#8211; http:\/\/t.co\/8OTBYV1aUf pic.twitter.com\/hD4aVi6xV0 \u2014 1070 Radio Noticias (@1070noticias) Mayo 18, 2014 &nbsp; A las 6:58 de la ma\u00f1ana de este d\u00eda, Carlos Navarrete, aspirante a la presidencia nacional del Partido de la Revoluci\u00f3n Democr\u00e1tica, inform\u00f3 a trav\u00e9s de su cuenta de twitter [&hellip;]<\/p>\n","protected":false},"author":1,"featured_media":26102,"comment_status":"open","ping_status":"open","sticky":false,"template":"","format":"standard","meta":{"_jetpack_memberships_contains_paid_content":false,"footnotes":""},"categories":[32,10,24,21],"tags":[],"class_list":["post-26101","post","type-post","status-publish","format-standard","has-post-thumbnail","hentry","category-entradas","category-lo-mas-reciente","category-mexico-y-el-mundo","category-politica-y-gobierno"],"jetpack_featured_media_url":"http:\/\/www.eloriente.net\/home\/wp-content\/uploads\/2014\/05\/Captura-de-pantalla-2014-05-18-a-las-17.06.39.png","jetpack_sharing_enabled":true,"_links":{"self":[{"href":"http:\/\/www.eloriente.net\/home\/wp-json\/wp\/v2\/posts\/26101"}],"collection":[{"href":"http:\/\/www.eloriente.net\/home\/wp-json\/wp\/v2\/posts"}],"about":[{"href":"http:\/\/www.eloriente.net\/home\/wp-json\/wp\/v2\/types\/post"}],"author":[{"embeddable":true,"href":"http:\/\/www.eloriente.net\/home\/wp-json\/wp\/v2\/users\/1"}],"replies":[{"embeddable":true,"href":"http:\/\/www.eloriente.net\/home\/wp-json\/wp\/v2\/comments?post=26101"}],"version-history":[{"count":4,"href":"http:\/\/www.eloriente.net\/home\/wp-json\/wp\/v2\/posts\/26101\/revisions"}],"predecessor-version":[{"id":26104,"href":"http:\/\/www.eloriente.net\/home\/wp-json\/wp\/v2\/posts\/26101\/revisions\/26104"}],"wp:featuredmedia":[{"embeddable":true,"href":"http:\/\/www.eloriente.net\/home\/wp-json\/wp\/v2\/media\/26102"}],"wp:attachment":[{"href":"http:\/\/www.eloriente.net\/home\/wp-json\/wp\/v2\/media?parent=26101"}],"wp:term":[{"taxonomy":"category","embeddable":true,"href":"http:\/\/www.eloriente.net\/home\/wp-json\/wp\/v2\/categories?post=26101"},{"taxonomy":"post_tag","embeddable":true,"href":"http:\/\/www.eloriente.net\/home\/wp-json\/wp\/v2\/tags?post=26101"}],"curies":[{"name":"wp","href":"https:\/\/api.w.org\/{rel}","templated":true}]}}