{"id":26105,"date":"2014-05-19T06:55:37","date_gmt":"2014-05-19T12:55:37","guid":{"rendered":"http:\/\/www.eloriente.net\/home\/?p=26105"},"modified":"2014-05-19T09:10:17","modified_gmt":"2014-05-19T15:10:17","slug":"madero-gana-eleccion-nacional-del-pan-cordero-gana-en-oaxaca","status":"publish","type":"post","link":"http:\/\/www.eloriente.net\/home\/2014\/05\/19\/madero-gana-eleccion-nacional-del-pan-cordero-gana-en-oaxaca\/","title":{"rendered":"Madero gana elecci\u00f3n nacional del PAN; Cordero gana en Oaxaca"},"content":{"rendered":"<p><a href=\"http:\/\/www.eloriente.net\/home\/wp-content\/uploads\/2014\/05\/@Pan-gustavo-madero.jpg\"><img loading=\"lazy\" decoding=\"async\" class=\"size-medium wp-image-26110 alignnone\" title=\"@Pan gustavo madero\" src=\"http:\/\/www.eloriente.net\/home\/wp-content\/uploads\/2014\/05\/@Pan-gustavo-madero-300x197.jpg\" alt=\"\" width=\"300\" height=\"197\" srcset=\"http:\/\/www.eloriente.net\/home\/wp-content\/uploads\/2014\/05\/@Pan-gustavo-madero-300x197.jpg 300w, http:\/\/www.eloriente.net\/home\/wp-content\/uploads\/2014\/05\/@Pan-gustavo-madero.jpg 960w\" sizes=\"(max-width: 300px) 100vw, 300px\" \/><\/a><\/p>\n<p>&nbsp;<\/p>\n<p>eloriente.net<\/p>\n<p>18 de mayo de 2014<\/p>\n<p>eloriente.net (Oaxaca, Oax. a 18 de mayo de 2014).- Gustavo Madero Mu\u00f1oz gan\u00f3 este domingo la elecci\u00f3n interna para la presidencia del Comit\u00e9 Ejecutivo Nacional del Partido Acci\u00f3n Nacional (PAN) seg\u00fan confirm\u00f3 la Comisi\u00f3n Organizadora del partido esta misma noche alrededor de las 21:17 horas.<\/p>\n<p><a href=\"http:\/\/www.pan.org.mx\/blog\/2014\/05\/18\/gana-gustavo-madero-contienda-interna-del-pan-con-56-7-de-los-votos\/\" target=\"_blank\">Con el 94% de las casillas computadas<\/a>, Madero obtuvo 88 mil 537 votos a su favor, es decir, el 56.76%, sobre los obtenidos por Ernesto Cordero Arroyo, que contabilizaron 67 mil 447 votos, lo que representa el 43.24% del total.<\/p>\n<p>En un acto en el cual estuvieron los principales integrantes del equipo de Mu\u00f1oz y dirigentes institucionales del partido, Cecilia Romero, actua presidenta, se\u00f1al\u00f3 que \u00abcon este triungo gan\u00f3 el PAN, y por lo tanto gan\u00f3 M\u00e9xico\u00bb. Adem\u00e1s, enfatiz\u00f3 el hecho de que Ernesto Cordero habr\u00eda declinado a impugnar la elecci\u00f3n ante los tribunales, por presentas irregularidades denunciadas durante el domingo.<\/p>\n<p>Lo cual en efecto fue confirmado en un acto por separado por Cordero Arroyo, quien textualmente dijo que \u00abno entraremos en una batalla legal, porque lo que se necesita en el partido es una batalla \u00e9tica\u00bb<\/p>\n<p>Gustavo Madero por su parte hizo un llamado a la unidad partidista y agradeci\u00f3 a su planilla el esfuerzo realizado, entre ellos, a Ricardo Anaya, Santiago Creel, Marco Adame, Isa\u00edas Cort\u00e9s, Teresa Liz\u00e1rraga, Loreto Quintero, Teresa Jim\u00e9nez y Blanca Jim\u00e9nez.<\/p>\n<p>&nbsp;<\/p>\n<p><iframe loading=\"lazy\" src=\"\/\/www.youtube.com\/embed\/A6hQe5MXpAY\" frameborder=\"0\" width=\"420\" height=\"315\"><\/iframe><\/p>\n<p>&nbsp;<\/p>\n<p><strong>Cordero gana en Oaxaca<\/strong><\/p>\n<p>Si a nivel nacional la participaci\u00f3n en las elecciones se elev\u00f3 a 72%, en Oaxaca el registro fue de 84% en 44 centros de votaci\u00f3n instalados.<\/p>\n<p>Por datos dados a conocer por el comit\u00e9 local, este porcentaje equivale a 3,848 militantes, que votaron de la siguiente manera: 52.13% por Ernesto Cordero; 44.12% por Gustavo Madero y 3.74% fueron votos nulos.<\/p>\n<p>El dirigente de Acci\u00f3n Nacional en el estado, Juan Mendoza Reyes, menciono no tener dudas de que \u00abel nuevo dirigente nacional continuara (sic) cultivando los principios y valores que el PAN se ha propuesto desde sus inicios\u00bb.<\/p>\n<p>&nbsp;<\/p>\n<blockquote class=\"twitter-tweet\" lang=\"es\"><p>EN OAXACA resultados: 84.87 % de participaci\u00f3n: 44.12% por <a href=\"https:\/\/twitter.com\/GustavoMadero\">@GustavoMadero<\/a>, 52.13% <a href=\"https:\/\/twitter.com\/ErnestoCordero\">@ErnestoCordero<\/a>, 3.74% nulos <a href=\"https:\/\/twitter.com\/AccionNacional\">@AccionNacional<\/a> <a href=\"https:\/\/twitter.com\/El_Oriente\">@El_Oriente<\/a><\/p>\n<p>\u2014 Elecciones Oaxaca (@EleccionesOax) <a href=\"https:\/\/twitter.com\/EleccionesOax\/statuses\/468223937886035968\">Mayo 19, 2014<\/a><\/p><\/blockquote>\n<p>&nbsp;<\/p>\n<blockquote class=\"twitter-tweet\" lang=\"es\"><p><a href=\"https:\/\/twitter.com\/SergioABello\">@SergioABello<\/a>: Es oficial <a href=\"https:\/\/twitter.com\/GustavoMadero\">@GustavoMadero<\/a> es electo Presidente del CEN de <a href=\"https:\/\/twitter.com\/AccionNacional\">@AccionNacional<\/a> <a href=\"http:\/\/t.co\/yQVVvLmIGM\">pic.twitter.com\/yQVVvLmIGM<\/a><\/p>\n<p>\u2014 OAXACA ES BELLO (@OaxacaEsBello) <a href=\"https:\/\/twitter.com\/OaxacaEsBello\/statuses\/468220958248271873\">Mayo 19, 2014<\/a><\/p><\/blockquote>\n<p>&nbsp;<\/p>\n<address>\u00a0<\/address>\n<address>\u00a0<\/address>\n<address><a href=\"http:\/\/www.eloriente.net\/home\/wp-content\/uploads\/2014\/05\/@PAN-eleccion-interna.jpg\"><img loading=\"lazy\" decoding=\"async\" class=\"size-medium wp-image-26106\" title=\"@PAN eleccion interna\" src=\"http:\/\/www.eloriente.net\/home\/wp-content\/uploads\/2014\/05\/@PAN-eleccion-interna-300x184.jpg\" alt=\"\" width=\"300\" height=\"184\" srcset=\"http:\/\/www.eloriente.net\/home\/wp-content\/uploads\/2014\/05\/@PAN-eleccion-interna-300x184.jpg 300w, http:\/\/www.eloriente.net\/home\/wp-content\/uploads\/2014\/05\/@PAN-eleccion-interna.jpg 589w\" sizes=\"(max-width: 300px) 100vw, 300px\" \/><\/a><\/address>\n<address>\u00a0<\/address>\n<address>Fotos: CENPAN<\/address>\n<address>\u00a0<\/address>\n<address>\u00a0<\/address>\n<p><strong>Otras Entradas:<\/strong><\/p>\n<p><a title=\"Permalink to Carlos Navarrete sufre accidente carretero; estable en Iguala\" href=\"http:\/\/www.eloriente.net\/home\/2014\/05\/18\/carlos-navarrete-sufre-accidente-carretero-estable-en-iguala\/\" rel=\"bookmark\">Carlos Navarrete sufre accidente carretero; estable en Iguala<\/a><\/p>\n<p><a href=\"http:\/\/www.eloriente.net\/home\/2014\/05\/18\/carlos-navarrete-sufre-accidente-carretero-estable-en-iguala\/\" rel=\"bookmark\"><img decoding=\"async\" title=\"Carlos Navarrete sufre accidente carretero; estable en Iguala\" src=\"http:\/\/www.eloriente.net\/home\/wp-content\/themes\/city-desk\/timthumb.php?src=http%3A%2F%2Fwww.eloriente.net%2Fhome%2Fwp-content%2Fuploads%2F2014%2F05%2FCaptura-de-pantalla-2014-05-18-a-las-17.06.39.png&amp;q=90&amp;w=160&amp;h=106&amp;zc=1\" alt=\"Carlos Navarrete sufre accidente carretero; estable en Iguala\" \/><\/a><\/p>\n<p>eloriente.net 18 de mayo de 2014 Sufre accidente Carlos Navarrete; reportan dos heridos \u2013 http:\/\/t.co\/8OTBYV1aUf pic.twitter.com\/hD4aVi6xV0 \u2014 1070 Radio Noticias (@1070noticias) Mayo 18, 2014 A las 6:58 de la ma\u00f1ana de este d\u00eda, Carlos Navarrete, aspirante a la presidencia nacional del Partido de la Revoluci\u00f3n Democr\u00e1tica, inform\u00f3 a trav\u00e9s de su cuenta de twitter que [&#8230;]May 18, 2014<\/p>\n<div id=\"post-26087\">\n<p><a title=\"Permalink to Consulta aqu\u00ed listas preliminares de jugadores de la Copa Mundial, Brasil 2014\" href=\"http:\/\/www.eloriente.net\/home\/2014\/05\/17\/consulta-aqui-listas-preliminares-de-jugadores-de-la-copa-mundial-brasil-2014\/\" rel=\"bookmark\">Consulta aqu\u00ed listas preliminares de jugadores de la Copa Mundial, Brasil 2014<\/a><\/p>\n<p><a href=\"http:\/\/www.eloriente.net\/home\/2014\/05\/17\/consulta-aqui-listas-preliminares-de-jugadores-de-la-copa-mundial-brasil-2014\/\" rel=\"bookmark\"><img decoding=\"async\" title=\"Consulta aqu\u00ed listas preliminares de jugadores de la Copa Mundial, Brasil 2014\" src=\"http:\/\/www.eloriente.net\/home\/wp-content\/themes\/city-desk\/timthumb.php?src=http%3A%2F%2Fwww.eloriente.net%2Fhome%2Fwp-content%2Fuploads%2F2014%2F05%2FMessi-Por-FIFAAFP.jpg&amp;q=90&amp;w=160&amp;h=106&amp;zc=1\" alt=\"Consulta aqu\u00ed listas preliminares de jugadores de la Copa Mundial, Brasil 2014\" \/><\/a><\/p>\n<p>eloriente.net 17 de mayo de 2014 Recientemente, la FIFA hizo p\u00fablico las listas preliminares oficiales de los 30 jugadores de cada una de las 32 selecciones que participar\u00e1n en la Copa Mundial de f\u00fatbol, Brasil 2014, de los cuales cada director t\u00e9cnico elegir\u00e1 a sus 23 titulares para saltar a la cancha a partir del [&#8230;]<\/p>\n<address>May 17, 2014<\/address>\n<\/div>\n<p><a title=\"Permalink to El an\u00e1lisis del IMCO carece de seriedad y rigor: Enrique del Val\" href=\"http:\/\/www.eloriente.net\/home\/2014\/05\/17\/el-analisis-del-imco-carece-de-seriedad-y-rigor-enrique-del-val\/\" rel=\"bookmark\">El an\u00e1lisis del IMCO carece de seriedad y rigor: Enrique del Val<\/a><\/p>\n<p><a href=\"http:\/\/www.eloriente.net\/home\/2014\/05\/17\/el-analisis-del-imco-carece-de-seriedad-y-rigor-enrique-del-val\/\" rel=\"bookmark\"><img decoding=\"async\" title=\"El an\u00e1lisis del IMCO carece de seriedad y rigor: Enrique del Val\" src=\"http:\/\/www.eloriente.net\/home\/wp-content\/themes\/city-desk\/timthumb.php?src=http%3A%2F%2Fwww.eloriente.net%2Fhome%2Fwp-content%2Fuploads%2F2014%2F05%2FEnrique-del-Val-Por-Ntmx.jpg&amp;q=90&amp;w=160&amp;h=106&amp;zc=1\" alt=\"El an\u00e1lisis del IMCO carece de seriedad y rigor: Enrique del Val\" \/><\/a><\/p>\n<p>eloriente.net\/AgenciaN22 17 de mayo de 2014 Por: Irma Gallo Al finalizar la conferencia, el funcionario hizo hincapi\u00e9 sobre el an\u00e1lisis que se atribuye al IMCO, el cual \u201ccarece de seriedad y de rigor\u201d. CIUDAD DE M\u00c9XICO, M\u00e9xico, (N22).- La n\u00f3mina del sector educativo no es \u00fanica. Desde la descentralizaci\u00f3n en 1992 la maneja cada estado [&#8230;]<\/p>\n<p>May 17, 2014<\/p>\n\n\t\t\t  <div \n\t\t\t  \tclass = \"fb-comments\" \n\t\t\t  \tdata-href = \"http:\/\/www.eloriente.net\/home\/2014\/05\/19\/madero-gana-eleccion-nacional-del-pan-cordero-gana-en-oaxaca\/\"\n\t\t\t  \tdata-numposts = \"10\"\n\t\t\t\tdata-colorscheme = \"dark\"\n\t\t\t\tdata-order-by = \"social\"\n\t\t\t\tdata-mobile=true>\n\t\t\t  <\/div>\n\t\t  <style>\n\t\t\t.fb_iframe_widget_fluid_desktop iframe {\n\t\t\t    width: 100% !important;\n\t\t\t}\n\t\t  <\/style>\n\t\t  ","protected":false},"excerpt":{"rendered":"<p>&nbsp; eloriente.net 18 de mayo de 2014 eloriente.net (Oaxaca, Oax. a 18 de mayo de 2014).- Gustavo Madero Mu\u00f1oz gan\u00f3 este domingo la elecci\u00f3n interna para la presidencia del Comit\u00e9 Ejecutivo Nacional del Partido Acci\u00f3n Nacional (PAN) seg\u00fan confirm\u00f3 la Comisi\u00f3n Organizadora del partido esta misma noche alrededor de las 21:17 horas. Con el 94% [&hellip;]<\/p>\n","protected":false},"author":1,"featured_media":26110,"comment_status":"open","ping_status":"open","sticky":false,"template":"","format":"standard","meta":{"_jetpack_memberships_contains_paid_content":false,"footnotes":""},"categories":[71,32,63,10,24,464,21,31],"tags":[1334,1330,1333,1332,1331,579,1329],"class_list":["post-26105","post","type-post","status-publish","format-standard","has-post-thumbnail","hentry","category-elecciones","category-entradas","category-estados","category-lo-mas-reciente","category-mexico-y-el-mundo","category-oaxaca-estados","category-politica-y-gobierno","category-principal","tag-dirigente-nacional","tag-elecciones-oaxaca","tag-elecciones-pan","tag-ernesto-cordero","tag-gustavo-madero","tag-pan","tag-sergio-bello"],"jetpack_featured_media_url":"http:\/\/www.eloriente.net\/home\/wp-content\/uploads\/2014\/05\/@Pan-gustavo-madero.jpg","jetpack_sharing_enabled":true,"_links":{"self":[{"href":"http:\/\/www.eloriente.net\/home\/wp-json\/wp\/v2\/posts\/26105"}],"collection":[{"href":"http:\/\/www.eloriente.net\/home\/wp-json\/wp\/v2\/posts"}],"about":[{"href":"http:\/\/www.eloriente.net\/home\/wp-json\/wp\/v2\/types\/post"}],"author":[{"embeddable":true,"href":"http:\/\/www.eloriente.net\/home\/wp-json\/wp\/v2\/users\/1"}],"replies":[{"embeddable":true,"href":"http:\/\/www.eloriente.net\/home\/wp-json\/wp\/v2\/comments?post=26105"}],"version-history":[{"count":6,"href":"http:\/\/www.eloriente.net\/home\/wp-json\/wp\/v2\/posts\/26105\/revisions"}],"predecessor-version":[{"id":26109,"href":"http:\/\/www.eloriente.net\/home\/wp-json\/wp\/v2\/posts\/26105\/revisions\/26109"}],"wp:featuredmedia":[{"embeddable":true,"href":"http:\/\/www.eloriente.net\/home\/wp-json\/wp\/v2\/media\/26110"}],"wp:attachment":[{"href":"http:\/\/www.eloriente.net\/home\/wp-json\/wp\/v2\/media?parent=26105"}],"wp:term":[{"taxonomy":"category","embeddable":true,"href":"http:\/\/www.eloriente.net\/home\/wp-json\/wp\/v2\/categories?post=26105"},{"taxonomy":"post_tag","embeddable":true,"href":"http:\/\/www.eloriente.net\/home\/wp-json\/wp\/v2\/tags?post=26105"}],"curies":[{"name":"wp","href":"https:\/\/api.w.org\/{rel}","templated":true}]}}