{"id":26113,"date":"2014-05-19T08:12:00","date_gmt":"2014-05-19T14:12:00","guid":{"rendered":"http:\/\/www.eloriente.net\/home\/?p=26113"},"modified":"2014-05-19T08:13:08","modified_gmt":"2014-05-19T14:13:08","slug":"renueva-tribunal-superior-de-justicia-su-imagen-institucional","status":"publish","type":"post","link":"http:\/\/www.eloriente.net\/home\/2014\/05\/19\/renueva-tribunal-superior-de-justicia-su-imagen-institucional\/","title":{"rendered":"Renueva Tribunal Superior de Justicia su imagen institucional"},"content":{"rendered":"<p>eloriente.net\/<a href=\"http:\/\/www.tribunaloax.gob.mx\" target=\"_blank\">TSJ<\/a><\/p>\n<p>19 de mayo de 2014<\/p>\n<p><a href=\"http:\/\/www.eloriente.net\/home\/wp-content\/uploads\/2014\/05\/Nueva-imagen-institucional-del-HTSJ.jpg\"><img loading=\"lazy\" decoding=\"async\" style=\"-webkit-user-select: none; cursor: -webkit-zoom-in;\" src=\"http:\/\/www.eloriente.net\/home\/wp-content\/uploads\/2014\/05\/Nueva-imagen-institucional-del-HTSJ.jpg\" alt=\"\" width=\"258\" height=\"201\" \/><\/a><\/p>\n<p><strong>El nuevo gr\u00e1fico \u00a0se compone de conceptos como el\u00a0<\/strong><strong>equilibrio, equidad, balance, eficiencia, vanguardia, modernidad y\u00a0<\/strong><strong>transparencia, se\u00f1al\u00f3 el magistrado presidente Alfredo Lagunas.<\/strong><\/p>\n<p>En concordancia con los cambios trascendentales que la justicia en el\u00a0pa\u00eds, en especial Oaxaca, ha experimentado en los \u00faltimos a\u00f1os, en\u00a0sesi\u00f3n ordinaria de Pleno del Honorable Tribunal Superior de Justicia\u00a0del Estado, presidida por el magistrado presidente Alfredo Rodrigo\u00a0Lagunas Rivera, se aprob\u00f3 por unanimidad de votos la nueva imagen gr\u00e1fica institucional que identificar\u00e1 al \u00f3rgano responsable de impartir justicia.<\/p>\n<p>El nuevo imagotipo se compone de conceptos como el equilibrio, equidad,\u00a0balance, profesionalismo, eficiencia, vanguardia, modernidad, transparencia, sensibilidad, coordinaci\u00f3n, cooperaci\u00f3n, igualdad,\u00a0proximidad, cercan\u00eda, horizontalidad, fuerza, disciplina y vigilancia,\u00a0adem\u00e1s de que es resultado de un escrupuloso estudio de investigaci\u00f3n\u00a0y an\u00e1lisis realizado durante varios meses.<\/p>\n<p>En entrevista, el magistrado presidente Lagunas Rivera resalt\u00f3 que era\u00a0indispensable contar con una identidad gr\u00e1fica acorde a los nuevos\u00a0tiempos para poder transmitir a la sociedad con mayor efectividad, el\u00a0proceso de renovaci\u00f3n y cambios al interior y exterior del Poder\u00a0Judicial del Estado.<\/p>\n<p>Agreg\u00f3 que el cambio de gr\u00e1fico no se trata de moda alguna, sino que\u00a0representa el fruto del trabajo y esfuerzo de un proceso de\u00a0investigaci\u00f3n, desarrollado a partir de la transformaci\u00f3n por la que\u00a0el Honorable Tribunal Superior de Justicia del Estado ha transitado para\u00a0el mejor funcionamiento de la instituci\u00f3n y la atenci\u00f3n que brinda a\u00a0la sociedad.<\/p>\n<p>\u00abCon las innovaciones que estamos viviendo en el pa\u00eds, las\u00a0caracter\u00edsticas que adquiere el \u00f3rgano de la administraci\u00f3n de\u00a0justicia se fortalecen, la estructura organizacional es m\u00e1s compleja y\u00a0las obligaciones de las personas encargadas cambian conforme al\u00a0contexto, de ah\u00ed que el imagotipo tambi\u00e9n debe ser renovado\u00bb, coment\u00f3.<\/p>\n<p>Los rasgos particulares del distintivo del Tribunal Superior de Justicia son: una forma abstracta\u00a0de la balanza como imagen que representa los conceptos de la justicia en\u00a0la concepci\u00f3n occidental universalista y los entrelazados que\u00a0significan la cohesi\u00f3n social que buscan las instituciones para\u00a0legitimarse, adem\u00e1s de que retoma elementos gr\u00e1ficos de las grecas de\u00a0Mitla y aspectos culturales de la entidad.<\/p>\n<p>El proceso de creaci\u00f3n de la nueva imagen gr\u00e1fica comprendi\u00f3 tres\u00a0fases, la primera de an\u00e1lisis sobre la actividad del Tribunal para conocer\u00a0sobre su realidad, identidad y comunicaci\u00f3n e imagen institucional; la\u00a0segunda de intervenci\u00f3n del signo identificador y la tercera de la\u00a0optimizaci\u00f3n del dise\u00f1o preliminar, labor que estuvo a cargo del\u00a0dise\u00f1ador gr\u00e1fico C\u00e9sar An\u00edbal Tr\u00e1nsito en estrecha coordinaci\u00f3n\u00a0con el Poder Judicial.<\/p>\n<p>&nbsp;<\/p>\n<p><a href=\"http:\/\/www.eloriente.net\/home\/wp-content\/uploads\/2014\/05\/Magistrados-del-H.-Tribunal-Superior-de-Justicia-aprobaron-nuevo-imagotipo.jpg\"><img loading=\"lazy\" decoding=\"async\" class=\"alignnone size-medium wp-image-26114\" title=\"Magistrados del H. Tribunal Superior de Justicia aprobaron nuevo imagotipo\" src=\"http:\/\/www.eloriente.net\/home\/wp-content\/uploads\/2014\/05\/Magistrados-del-H.-Tribunal-Superior-de-Justicia-aprobaron-nuevo-imagotipo-300x139.jpg\" alt=\"\" width=\"300\" height=\"139\" srcset=\"http:\/\/www.eloriente.net\/home\/wp-content\/uploads\/2014\/05\/Magistrados-del-H.-Tribunal-Superior-de-Justicia-aprobaron-nuevo-imagotipo-300x139.jpg 300w, http:\/\/www.eloriente.net\/home\/wp-content\/uploads\/2014\/05\/Magistrados-del-H.-Tribunal-Superior-de-Justicia-aprobaron-nuevo-imagotipo.jpg 1024w\" sizes=\"(max-width: 300px) 100vw, 300px\" \/><\/a><\/p>\n<p>Foto: TSJ<\/p>\n<p>&nbsp;<\/p>\n<p><strong>Entradas relacionadas:<\/strong><\/p>\n<p><a title=\"Permalink to 20 aspirantes en etapa final de reclutamiento de jueces para Nuevo Sistema de Justicia Penal\" href=\"http:\/\/www.eloriente.net\/home\/2014\/05\/14\/20-aspirantes-en-etapa-final-de-reclutamiento-de-jueces-para-nuevo-sistema-de-justicia-penal\/\" rel=\"bookmark\">20 aspirantes en etapa final de reclutamiento de jueces para Nuevo Sistema de Justicia Penal<\/a><\/p>\n<p><a href=\"http:\/\/www.eloriente.net\/home\/2014\/05\/14\/20-aspirantes-en-etapa-final-de-reclutamiento-de-jueces-para-nuevo-sistema-de-justicia-penal\/\" rel=\"bookmark\"><img decoding=\"async\" title=\"20 aspirantes en etapa final de reclutamiento de jueces para Nuevo Sistema de Justicia Penal\" src=\"http:\/\/www.eloriente.net\/home\/wp-content\/themes\/city-desk\/timthumb.php?src=http%3A%2F%2Fwww.eloriente.net%2Fhome%2Fwp-content%2Fuploads%2F2014%2F05%2FAlfredo-Lagunas-Por-TSJ.jpg&amp;q=90&amp;w=160&amp;h=106&amp;zc=1\" alt=\"20 aspirantes en etapa final de reclutamiento de jueces para Nuevo Sistema de Justicia Penal\" \/><\/a><\/p>\n<p>eloriente.net\/TSJ 14 de mayo de 2014 El magistrado Alfredo Lagunas Rivera afirm\u00f3 que la\u00a0confianza social exige jueces con alto grado de profesionalismo.\u00a0 Frente al reto de la entrada en vigor en 2016 del nuevo sistema de\u00a0justicia penal en todo el pa\u00eds, en Oaxaca se fortalece el proceso de\u00a0capacitaci\u00f3n de los futuros jueces especializados en la [&#8230;]<\/p>\n<p>May 14, 2014<\/p>\n<p><a title=\"Permalink to Realizan Cuarta Audiencia Penitenciaria para reintegraci\u00f3n de 54 j\u00f3venes internos\" href=\"http:\/\/www.eloriente.net\/home\/2014\/05\/12\/realinzan-cuarta-audiencia-penitenciaria-para-reintegracion-de-54-jovenes-internos\/\" rel=\"bookmark\">Realizan Cuarta Audiencia Penitenciaria para reintegraci\u00f3n de 54 j\u00f3venes internos<\/a><\/p>\n<p><a href=\"http:\/\/www.eloriente.net\/home\/2014\/05\/12\/realinzan-cuarta-audiencia-penitenciaria-para-reintegracion-de-54-jovenes-internos\/\" rel=\"bookmark\"><img decoding=\"async\" title=\"Realizan Cuarta Audiencia Penitenciaria para reintegraci\u00f3n de 54 j\u00f3venes internos\" src=\"http:\/\/www.eloriente.net\/home\/wp-content\/themes\/city-desk\/timthumb.php?src=http%3A%2F%2Fwww.eloriente.net%2Fhome%2Fwp-content%2Fuploads%2F2014%2F05%2FAdolescentes-Por-TSJ.jpg&amp;q=90&amp;w=160&amp;h=106&amp;zc=1\" alt=\"Realizan Cuarta Audiencia Penitenciaria para reintegraci\u00f3n de 54 j\u00f3venes internos\" \/><\/a><\/p>\n<p>eloriente.net\/TSJ 12 de mayo de 2014 Funcionarios judiciales atendieron las peticiones de los adolescentes del Centro de Internamiento de la SSP. Para respetar, procurar y proteger los derechos humanos de los\u00a0adolescentes e impulsar su reintegraci\u00f3n al tejido familiar y social,\u00a0magistrados, jueces especializados, visitadores y personal de la\u00a0Direcci\u00f3n de Derechos Humanos del Poder Judicial del Estado\u00a0participaron [&#8230;]<\/p>\n<p>May 12, 2014<\/p>\n<p><a title=\"Permalink to Arrancan giras de capacitaci\u00f3n sobre derechos humanos en la Mixteca\" href=\"http:\/\/www.eloriente.net\/home\/2014\/05\/07\/arrancan-giras-de-capacitacion-sobre-derechos-humanos-en-la-mixteca\/\" rel=\"bookmark\">Arrancan giras de capacitaci\u00f3n sobre derechos humanos en la Mixteca<\/a><\/p>\n<p><a href=\"http:\/\/www.eloriente.net\/home\/2014\/05\/07\/arrancan-giras-de-capacitacion-sobre-derechos-humanos-en-la-mixteca\/\" rel=\"bookmark\"><img decoding=\"async\" title=\"Arrancan giras de capacitaci\u00f3n sobre derechos humanos en la Mixteca\" src=\"http:\/\/www.eloriente.net\/home\/wp-content\/themes\/city-desk\/timthumb.php?src=http%3A%2F%2Fwww.eloriente.net%2Fhome%2Fwp-content%2Fuploads%2F2014%2F05%2FDerechos-humanos-Por-TSJ.jpg&amp;q=90&amp;w=160&amp;h=106&amp;zc=1\" alt=\"Arrancan giras de capacitaci\u00f3n sobre derechos humanos en la Mixteca\" \/><\/a><\/p>\n<p>eloriente.net\/TSJ 7 de mayo de 2014 Instituciones y organizaciones no gubernamentales\u00a0capacitar\u00e1n a juzgadores en temas relacionados con perspectiva\u00a0ind\u00edgena y derechos humanos. Como parte del proceso de transformaci\u00f3n del Poder Judicial del Estado\u00a0para brindar a la poblaci\u00f3n una justicia de puertas abiertas, adem\u00e1s\u00a0de acercar a las instituciones y organizaciones no gubernamentales al\u00a0quehacer de los juzgadores, en [&#8230;]<\/p>\n<p>May 7, 2014<\/p>\n\n\t\t\t  <div \n\t\t\t  \tclass = \"fb-comments\" \n\t\t\t  \tdata-href = \"http:\/\/www.eloriente.net\/home\/2014\/05\/19\/renueva-tribunal-superior-de-justicia-su-imagen-institucional\/\"\n\t\t\t  \tdata-numposts = \"10\"\n\t\t\t\tdata-colorscheme = \"dark\"\n\t\t\t\tdata-order-by = \"social\"\n\t\t\t\tdata-mobile=true>\n\t\t\t  <\/div>\n\t\t  <style>\n\t\t\t.fb_iframe_widget_fluid_desktop iframe {\n\t\t\t    width: 100% !important;\n\t\t\t}\n\t\t  <\/style>\n\t\t  ","protected":false},"excerpt":{"rendered":"<p>eloriente.net\/TSJ 19 de mayo de 2014 El nuevo gr\u00e1fico \u00a0se compone de conceptos como el\u00a0equilibrio, equidad, balance, eficiencia, vanguardia, modernidad y\u00a0transparencia, se\u00f1al\u00f3 el magistrado presidente Alfredo Lagunas. En concordancia con los cambios trascendentales que la justicia en el\u00a0pa\u00eds, en especial Oaxaca, ha experimentado en los \u00faltimos a\u00f1os, en\u00a0sesi\u00f3n ordinaria de Pleno del Honorable Tribunal Superior [&hellip;]<\/p>\n","protected":false},"author":26,"featured_media":26114,"comment_status":"open","ping_status":"open","sticky":false,"template":"","format":"standard","meta":{"_jetpack_memberships_contains_paid_content":false,"footnotes":""},"categories":[32,63,10,464,21],"tags":[1338,1336,1337,255,73,164,1335],"class_list":["post-26113","post","type-post","status-publish","format-standard","has-post-thumbnail","hentry","category-entradas","category-estados","category-lo-mas-reciente","category-oaxaca-estados","category-politica-y-gobierno","tag-grafico","tag-imagen","tag-institucion","tag-justicia","tag-oaxaca","tag-poder-judicial","tag-tribunal-superior"],"jetpack_featured_media_url":"http:\/\/www.eloriente.net\/home\/wp-content\/uploads\/2014\/05\/Magistrados-del-H.-Tribunal-Superior-de-Justicia-aprobaron-nuevo-imagotipo.jpg","jetpack_sharing_enabled":true,"_links":{"self":[{"href":"http:\/\/www.eloriente.net\/home\/wp-json\/wp\/v2\/posts\/26113"}],"collection":[{"href":"http:\/\/www.eloriente.net\/home\/wp-json\/wp\/v2\/posts"}],"about":[{"href":"http:\/\/www.eloriente.net\/home\/wp-json\/wp\/v2\/types\/post"}],"author":[{"embeddable":true,"href":"http:\/\/www.eloriente.net\/home\/wp-json\/wp\/v2\/users\/26"}],"replies":[{"embeddable":true,"href":"http:\/\/www.eloriente.net\/home\/wp-json\/wp\/v2\/comments?post=26113"}],"version-history":[{"count":4,"href":"http:\/\/www.eloriente.net\/home\/wp-json\/wp\/v2\/posts\/26113\/revisions"}],"predecessor-version":[{"id":26119,"href":"http:\/\/www.eloriente.net\/home\/wp-json\/wp\/v2\/posts\/26113\/revisions\/26119"}],"wp:featuredmedia":[{"embeddable":true,"href":"http:\/\/www.eloriente.net\/home\/wp-json\/wp\/v2\/media\/26114"}],"wp:attachment":[{"href":"http:\/\/www.eloriente.net\/home\/wp-json\/wp\/v2\/media?parent=26113"}],"wp:term":[{"taxonomy":"category","embeddable":true,"href":"http:\/\/www.eloriente.net\/home\/wp-json\/wp\/v2\/categories?post=26113"},{"taxonomy":"post_tag","embeddable":true,"href":"http:\/\/www.eloriente.net\/home\/wp-json\/wp\/v2\/tags?post=26113"}],"curies":[{"name":"wp","href":"https:\/\/api.w.org\/{rel}","templated":true}]}}