{"id":26120,"date":"2014-05-19T08:24:18","date_gmt":"2014-05-19T14:24:18","guid":{"rendered":"http:\/\/www.eloriente.net\/home\/?p=26120"},"modified":"2014-05-19T08:29:29","modified_gmt":"2014-05-19T14:29:29","slug":"se-amplia-cobertura-de-telefonia-celular-en-sierra-norte-adolfo-morales","status":"publish","type":"post","link":"http:\/\/www.eloriente.net\/home\/2014\/05\/19\/se-amplia-cobertura-de-telefonia-celular-en-sierra-norte-adolfo-morales\/","title":{"rendered":"Se ampl\u00eda cobertura de telefon\u00eda celular en Sierra Norte: Adolfo Morales"},"content":{"rendered":"<p>eloriente.net\/<a href=\"http:\/\/www.congresooaxaca.gob.mx\/\" target=\"_blank\">Congreso del Estado<\/a><\/p>\n<p>19 de mayo de 2014<\/p>\n<p><strong>Se inaugura antena telef\u00f3nica en Talea de Castro; abierta la Sierra\u00a0<\/strong><strong>Norte a las empresas que apuestan por el desarrollo, sostuvo el\u00a0<\/strong><strong>legislador del PRI.<\/strong><\/p>\n<p>Como parte del programa de\u00a0telefon\u00eda rural m\u00f3vil implementado por el diputado Adolfo Garc\u00eda\u00a0Morales para beneficio de comunidades distantes y que no cuentan con\u00a0servicio de telefon\u00eda m\u00f3vil, el pasado 12 de mayo se puso en marcha la\u00a0cuarta antena que ya brinda dicho servicio en la regi\u00f3n de la Sierra Norte del Estado de Oaxaca.<\/p>\n<p>En la Villa de Talea Castro y en el marco de las festividades de dicha\u00a0comunidad se inaugur\u00f3 la antena telef\u00f3nica que ahora brinda el\u00a0servicio de manera regular y no al margen de la ley, pues es cierto que\u00a0en esta comunidad en alg\u00fan momento se cont\u00f3 con el servicio pero fue\u00a0un fraude que hasta el momento le ha generado una afectaci\u00f3n\u00a0patrimonial al municipio; de igual forma el legislador felicit\u00f3 a la\u00a0autoridad municipal por las gestiones pertinentes para llevar mayores\u00a0servicios a los ciudadanos.<\/p>\n<p>Con esta antena, son cuatro las que ya funcionan en la Sierra Norte bajo\u00a0este programa, en San Pablo Macuiltianguis, San Juan Juquila Vijanos,\u00a0San Juan Quiotepec y ahora en Talea de Castro, con lo cual un gran\u00a0n\u00famero de comunidades circunvecinas de igual forma pueden gozar de este\u00a0importante servicio que permite una comunicaci\u00f3n inmediata, el\u00a0legislador adelant\u00f3 que en este a\u00f1o se pretenden inaugurar dos antenas\u00a0m\u00e1s en la regi\u00f3n.<\/p>\n<p>Durante su intervenci\u00f3n, el presidente municipal Gerardo Hern\u00e1ndez\u00a0agradeci\u00f3 el apoyo del diputado por la Sierra Norte y mencion\u00f3 que este\u00a0servicio ahora pasar\u00e1 a ser parte de la historia del progreso de Talea\u00a0de Castro y de las comunidades circunvecinas.<\/p>\n<p>&nbsp;<\/p>\n<p><a href=\"http:\/\/www.eloriente.net\/home\/wp-content\/uploads\/2014\/05\/Telefon\u00eda-Celular-Por-Congreso.jpg\"><img loading=\"lazy\" decoding=\"async\" class=\"alignnone size-medium wp-image-26121\" title=\"Telefon\u00eda Celular-Por Congreso\" src=\"http:\/\/www.eloriente.net\/home\/wp-content\/uploads\/2014\/05\/Telefon\u00eda-Celular-Por-Congreso-300x225.jpg\" alt=\"\" width=\"300\" height=\"225\" srcset=\"http:\/\/www.eloriente.net\/home\/wp-content\/uploads\/2014\/05\/Telefon\u00eda-Celular-Por-Congreso-300x225.jpg 300w, http:\/\/www.eloriente.net\/home\/wp-content\/uploads\/2014\/05\/Telefon\u00eda-Celular-Por-Congreso.jpg 949w\" sizes=\"(max-width: 300px) 100vw, 300px\" \/><\/a><\/p>\n<p>Foto: Congreso del Estado<\/p>\n<p>&nbsp;<\/p>\n<p><strong>Entradas relacionadas:<\/strong><\/p>\n<p><a title=\"Permalink to Demandan diputados a Gabino Cu\u00e9 cumplir su papel de garante, luego de marchas de S-22\" href=\"http:\/\/www.eloriente.net\/home\/2014\/05\/15\/demandan-diputados-a-gabino-cue-cumplir-su-papel-de-garante-luego-de-movilizaciones-de-seccion-22\/\" rel=\"bookmark\">Demandan diputados a Gabino Cu\u00e9 cumplir su papel de garante, luego de marchas de S-22<\/a><\/p>\n<p><a href=\"http:\/\/www.eloriente.net\/home\/2014\/05\/15\/demandan-diputados-a-gabino-cue-cumplir-su-papel-de-garante-luego-de-movilizaciones-de-seccion-22\/\" rel=\"bookmark\"><img decoding=\"async\" title=\"Demandan diputados a Gabino Cu\u00e9 cumplir su papel de garante, luego de marchas de S-22\" src=\"http:\/\/www.eloriente.net\/home\/wp-content\/themes\/city-desk\/timthumb.php?src=http%3A%2F%2Fwww.eloriente.net%2Fhome%2Fwp-content%2Fuploads%2F2014%2F05%2FDiputados-Por-Congreso-Local1.jpg&amp;q=90&amp;w=160&amp;h=106&amp;zc=1\" alt=\"Demandan diputados a Gabino Cu\u00e9 cumplir su papel de garante, luego de marchas de S-22\" \/><\/a><\/p>\n<p>eloriente.net\/Congreso del Estado 15 de mayo de 2014 Los diputados Adolfo Toledo del PRI y Jeft\u00e9 M\u00e9ndez del PANAL convocaron \u00a0a garantizar el Estado de Derecho. Solicitan la integraci\u00f3n de Comit\u00e9s Municipales de Protecci\u00f3n Civil y brindar seguridad en la Mixteca. En sesi\u00f3n ordinaria de la Diputaci\u00f3n Permanente de la LXII Legislatura del Estado, el [&#8230;]<\/p>\n<p>May 15, 2014<\/p>\n<div id=\"post-25832\">\n<p><a title=\"Permalink to Educaci\u00f3n con pertenencia cultural, reclamo de pueblos ind\u00edgenas: Alejandro Mart\u00ednez\" href=\"http:\/\/www.eloriente.net\/home\/2014\/05\/14\/educacion-con-pertenencia-cultural-reclamo-de-pueblos-indigenas-alejandro-martinez\/\" rel=\"bookmark\">Educaci\u00f3n con pertenencia cultural, reclamo de pueblos ind\u00edgenas: Alejandro Mart\u00ednez<\/a><\/p>\n<p><a href=\"http:\/\/www.eloriente.net\/home\/2014\/05\/14\/educacion-con-pertenencia-cultural-reclamo-de-pueblos-indigenas-alejandro-martinez\/\" rel=\"bookmark\"><img decoding=\"async\" title=\"Educaci\u00f3n con pertenencia cultural, reclamo de pueblos ind\u00edgenas: Alejandro Mart\u00ednez\" src=\"http:\/\/www.eloriente.net\/home\/wp-content\/themes\/city-desk\/timthumb.php?src=http%3A%2F%2Fwww.eloriente.net%2Fhome%2Fwp-content%2Fuploads%2F2014%2F05%2FDiputado-Alejandro-Mtz-Por-Congreso.jpg&amp;q=90&amp;w=160&amp;h=106&amp;zc=1\" alt=\"Educaci\u00f3n con pertenencia cultural, reclamo de pueblos ind\u00edgenas: Alejandro Mart\u00ednez\" \/><\/a><\/p>\n<p>eloriente.net\/Congreso del Estado 14 de mayo de 2014 El legislador del PAN\u00a0particip\u00f3 en el foro \u201cHacia una nueva Ley de Educaci\u00f3n\u201d, con la participaci\u00f3n del Gobierno del Estado, la LXII Legislatura local, la Secci\u00f3n 22 del SNTE y la sociedad civil. El presidente de la Comisi\u00f3n de Asuntos Ind\u00edgenas de la LXII Legislatura local, diputado [&#8230;]<\/p>\n<p>May 14, 2014<\/p>\n<p><a title=\"Permalink to Se estima inversi\u00f3n de 4 mil mdd en proyecto e\u00f3lico en Oaxaca: diputado Moreno Sada\" href=\"http:\/\/www.eloriente.net\/home\/2014\/05\/07\/inversion-4-mil-mdd-proyecto-eolico-oaxac\/\" rel=\"bookmark\">Se estima inversi\u00f3n de 4 mil mdd en proyecto e\u00f3lico en Oaxaca: diputado Moreno Sada<\/a><\/p>\n<p><a href=\"http:\/\/www.eloriente.net\/home\/2014\/05\/07\/inversion-4-mil-mdd-proyecto-eolico-oaxac\/\" rel=\"bookmark\"><img decoding=\"async\" title=\"Se estima inversi\u00f3n de 4 mil mdd en proyecto e\u00f3lico en Oaxaca: diputado Moreno Sada\" src=\"http:\/\/www.eloriente.net\/home\/wp-content\/themes\/city-desk\/timthumb.php?src=http%3A%2F%2Fwww.eloriente.net%2Fhome%2Fwp-content%2Fuploads%2F2014%2F05%2FDiputado-Por-Congreso.jpg&amp;q=90&amp;w=160&amp;h=106&amp;zc=1\" alt=\"Se estima inversi\u00f3n de 4 mil mdd en proyecto e\u00f3lico en Oaxaca: diputado Moreno Sada\" \/><\/a><\/p>\n<p>eloriente.net\/Congreso del Estado 7 de mayo de 2014 En este a\u00f1o se tendr\u00e1 una capacidad de 2,500 megawatts con una inversi\u00f3n de m\u00e1s de 4 mil millones de d\u00f3lares, anunci\u00f3 el presidente de la\u00a0Comisi\u00f3n Permanente de Fomento de Energ\u00eda Renovable, Juan Jos\u00e9 Moreno Sada En Oaxaca hay condiciones favorables para la inversi\u00f3n en el estado, [&#8230;]<\/p>\n<p>May 7, 2014<\/p>\n<\/div>\n\n\t\t\t  <div \n\t\t\t  \tclass = \"fb-comments\" \n\t\t\t  \tdata-href = \"http:\/\/www.eloriente.net\/home\/2014\/05\/19\/se-amplia-cobertura-de-telefonia-celular-en-sierra-norte-adolfo-morales\/\"\n\t\t\t  \tdata-numposts = \"10\"\n\t\t\t\tdata-colorscheme = \"dark\"\n\t\t\t\tdata-order-by = \"social\"\n\t\t\t\tdata-mobile=true>\n\t\t\t  <\/div>\n\t\t  <style>\n\t\t\t.fb_iframe_widget_fluid_desktop iframe {\n\t\t\t    width: 100% !important;\n\t\t\t}\n\t\t  <\/style>\n\t\t  ","protected":false},"excerpt":{"rendered":"<p>eloriente.net\/Congreso del Estado 19 de mayo de 2014 Se inaugura antena telef\u00f3nica en Talea de Castro; abierta la Sierra\u00a0Norte a las empresas que apuestan por el desarrollo, sostuvo el\u00a0legislador del PRI. Como parte del programa de\u00a0telefon\u00eda rural m\u00f3vil implementado por el diputado Adolfo Garc\u00eda\u00a0Morales para beneficio de comunidades distantes y que no cuentan con\u00a0servicio de [&hellip;]<\/p>\n","protected":false},"author":26,"featured_media":26121,"comment_status":"open","ping_status":"open","sticky":false,"template":"","format":"standard","meta":{"_jetpack_memberships_contains_paid_content":false,"footnotes":""},"categories":[91,32,63,23,464],"tags":[1339,717,1343,93,1341,1342,1340],"class_list":["post-26120","post","type-post","status-publish","format-standard","has-post-thumbnail","hentry","category-congreso-y-justicia","category-entradas","category-estados","category-municipios","category-oaxaca-estados","tag-antena","tag-celular","tag-cobertura","tag-diputados","tag-sierra-norte","tag-talea-de-castro","tag-telefonia"],"jetpack_featured_media_url":"http:\/\/www.eloriente.net\/home\/wp-content\/uploads\/2014\/05\/Telefon\u00eda-Celular-Por-Congreso.jpg","jetpack_sharing_enabled":true,"_links":{"self":[{"href":"http:\/\/www.eloriente.net\/home\/wp-json\/wp\/v2\/posts\/26120"}],"collection":[{"href":"http:\/\/www.eloriente.net\/home\/wp-json\/wp\/v2\/posts"}],"about":[{"href":"http:\/\/www.eloriente.net\/home\/wp-json\/wp\/v2\/types\/post"}],"author":[{"embeddable":true,"href":"http:\/\/www.eloriente.net\/home\/wp-json\/wp\/v2\/users\/26"}],"replies":[{"embeddable":true,"href":"http:\/\/www.eloriente.net\/home\/wp-json\/wp\/v2\/comments?post=26120"}],"version-history":[{"count":4,"href":"http:\/\/www.eloriente.net\/home\/wp-json\/wp\/v2\/posts\/26120\/revisions"}],"predecessor-version":[{"id":26124,"href":"http:\/\/www.eloriente.net\/home\/wp-json\/wp\/v2\/posts\/26120\/revisions\/26124"}],"wp:featuredmedia":[{"embeddable":true,"href":"http:\/\/www.eloriente.net\/home\/wp-json\/wp\/v2\/media\/26121"}],"wp:attachment":[{"href":"http:\/\/www.eloriente.net\/home\/wp-json\/wp\/v2\/media?parent=26120"}],"wp:term":[{"taxonomy":"category","embeddable":true,"href":"http:\/\/www.eloriente.net\/home\/wp-json\/wp\/v2\/categories?post=26120"},{"taxonomy":"post_tag","embeddable":true,"href":"http:\/\/www.eloriente.net\/home\/wp-json\/wp\/v2\/tags?post=26120"}],"curies":[{"name":"wp","href":"https:\/\/api.w.org\/{rel}","templated":true}]}}