{"id":26125,"date":"2014-05-19T08:36:42","date_gmt":"2014-05-19T14:36:42","guid":{"rendered":"http:\/\/www.eloriente.net\/home\/?p=26125"},"modified":"2014-05-19T08:38:55","modified_gmt":"2014-05-19T14:38:55","slug":"celebra-revista-luna-zeta-su-xv-aniversario-con-su-edicion-no-32","status":"publish","type":"post","link":"http:\/\/www.eloriente.net\/home\/2014\/05\/19\/celebra-revista-luna-zeta-su-xv-aniversario-con-su-edicion-no-32\/","title":{"rendered":"Celebra revista Luna Zeta su XV aniversario con su edici\u00f3n No. 32"},"content":{"rendered":"<p>eloriente.net\/<a href=\"http:\/\/www.uabjo.mx\" target=\"_blank\">UABJO<\/a><\/p>\n<p>19 de mayo de 2014<\/p>\n<p>Creada en 1998 como una alternativa independiente para la difusi\u00f3n del arte y la cultura, la Revista Luna Zeta celebr\u00f3 su XV aniversario con la edici\u00f3n del n\u00famero 32, dedicado a la gr\u00e1fica en Oaxaca.<\/p>\n<p>La presentaci\u00f3n de la revista se realiz\u00f3 en el patio central del Instituto de Investigaciones en Humanidades de la Universidad Aut\u00f3noma \u201cBenito Ju\u00e1rez\u201d de Oaxaca (UABJO) y cont\u00f3 con la presencia del recientemente galardonado como Doctor \u201cHonoris Causa\u201d, Shinzaburo Takeda, as\u00ed como Abraham Nah\u00f3n, Jorge Pech, Alfonso Gazga y Judith Romero, integrantes del Consejo Editorial de la publicaci\u00f3n.<\/p>\n<p>En su mensaje, Judith Romero agradeci\u00f3 a las autoridades de la UABJO por el apoyo prestado para la realizaci\u00f3n del evento y se\u00f1al\u00f3 que para la m\u00e1s reciente edici\u00f3n de la revista, se recopilaron 80 obras de talleres, agrupaciones y artistas individuales que \u201cintegran en Oaxaca uno de los movimientos art\u00edsticos m\u00e1s sugerentes e interesantes del pa\u00eds\u201d.<\/p>\n<p>Por su parte, Jorge Pech destac\u00f3 los 15 a\u00f1os de trabajo independiente realizado por Luna Zeta, en los cuales dijo \u201cha sostenido la palabra con los actos\u201d, distingui\u00e9ndose siempre por la calidad, como objetivo permanente de sus editores.<\/p>\n<p>Asimismo, Abraham Nah\u00f3n se refiri\u00f3 al trabajo realizado desde su labor como Director Editorial de la publicaci\u00f3n, tratando siempre de entender la gr\u00e1fica en Oaxaca desde diversas disciplinas como son la historia del arte, la filosof\u00eda, la sociolog\u00eda, la antropolog\u00eda, entre otras.<\/p>\n<p>Finalmente, el reconocido artista de origen japon\u00e9s Shinzaburo Takeda hizo un reconocimiento a la labor desempe\u00f1ada por la Revista Luna Zeta en la difusi\u00f3n del arte, particularmente el trabajo realizado en nuestra entidad.<\/p>\n<p>Los colectivos de gr\u00e1fica que integran el n\u00famero de aniversario son: Alalim\u00f3n, Bicu Yuba, Lapiztola, Pen\u00e9lope, Tlacuache, ASARO, Gabinete Gr\u00e1fico, Okupa Visual Project, TAGA (Taller Gr\u00e1fica Actual) y los talleres de gr\u00e1fica: Taller Bamb\u00fa, La Ceiba Gr\u00e1fica, La Huella Gr\u00e1fica, Taller Fernando Sandoval, Taller Francisco Lim\u00f3n y Taller Ra\u00fal Soruco, adem\u00e1s de la colaboraci\u00f3n gr\u00e1fica de Shinzaburo Takeda, Rub\u00e9n Leyva, Daniel Lezama y Manuela Ferr\u00e9.<\/p>\n<p>&nbsp;<\/p>\n<p><a href=\"http:\/\/www.eloriente.net\/home\/wp-content\/uploads\/2014\/05\/Luna-Zeta-Por-UABJO.jpg\"><img loading=\"lazy\" decoding=\"async\" class=\"alignnone size-medium wp-image-26127\" title=\"Luna Zeta-Por UABJO\" src=\"http:\/\/www.eloriente.net\/home\/wp-content\/uploads\/2014\/05\/Luna-Zeta-Por-UABJO-300x200.jpg\" alt=\"\" width=\"300\" height=\"200\" srcset=\"http:\/\/www.eloriente.net\/home\/wp-content\/uploads\/2014\/05\/Luna-Zeta-Por-UABJO-300x200.jpg 300w, http:\/\/www.eloriente.net\/home\/wp-content\/uploads\/2014\/05\/Luna-Zeta-Por-UABJO-1024x682.jpg 1024w, http:\/\/www.eloriente.net\/home\/wp-content\/uploads\/2014\/05\/Luna-Zeta-Por-UABJO.jpg 1134w\" sizes=\"(max-width: 300px) 100vw, 300px\" \/><\/a><\/p>\n<p>Foto: UABJO<\/p>\n<p>&nbsp;<\/p>\n<p><strong>Entradas relacionadas:<\/strong><\/p>\n<p><a title=\"Permalink to Mi\u00e9rcoles 21\/May\/14 18:30 Orquesta de C\u00e1mara de la Escuela de Bellas Artes en concierto\" href=\"http:\/\/www.eloriente.net\/home\/2014\/05\/13\/miercoles-21may14-1830-orquesta-de-camara-de-la-escuela-de-bellas-artes-en-concierto\/\" rel=\"bookmark\">Mi\u00e9rcoles 21\/May\/14 18:30 Orquesta de C\u00e1mara de la Escuela de Bellas Artes en concierto<\/a><\/p>\n<p><a href=\"http:\/\/www.eloriente.net\/home\/2014\/05\/13\/miercoles-21may14-1830-orquesta-de-camara-de-la-escuela-de-bellas-artes-en-concierto\/\" rel=\"bookmark\"><img decoding=\"async\" title=\"Mi\u00e9rcoles 21\/May\/14 18:30 Orquesta de C\u00e1mara de la Escuela de Bellas Artes en concierto\" src=\"http:\/\/www.eloriente.net\/home\/wp-content\/themes\/city-desk\/timthumb.php?src=http%3A%2F%2Fwww.eloriente.net%2Fhome%2Fwp-content%2Fuploads%2F2014%2F05%2FJascha-Gonz%C3%A1lez.jpg&amp;q=90&amp;w=160&amp;h=106&amp;zc=1\" alt=\"Mi\u00e9rcoles 21\/May\/14 18:30 Orquesta de C\u00e1mara de la Escuela de Bellas Artes en concierto\" \/><\/a><\/p>\n<p>eloriente.net\/UABJO 13 de mayo de 2014 La Orquesta de C\u00e1mara de la Escuela de Bellas Artes (OCEBA) de la Universidad Aut\u00f3noma Benito Ju\u00e1rez de Oaxaca (UABJO) convoca al p\u00fablico en general a asistir a los conciertos del\u00a0cuarto programa de la\u00a0Primera Temporada 2014\u00a0de la agrupaci\u00f3n. Se tendr\u00e1 como invitado especial a L\u00e1zaro\u00a0Jascha Gonz\u00e1lez Mu\u00f1oz, primer viol\u00edn [&#8230;]<\/p>\n<p>May 13, 2014<\/p>\n<p><a title=\"Permalink to Anuncian convocatoria sobre diplomado en Derecho Electoral en Oaxaca\" href=\"http:\/\/www.eloriente.net\/home\/2014\/05\/09\/anuncian-convocatoria-sobre-diplomado-en-derecho-electoral-en-oaxaca\/\" rel=\"bookmark\">Anuncian convocatoria sobre diplomado en Derecho Electoral en Oaxaca<\/a><\/p>\n<p><a href=\"http:\/\/www.eloriente.net\/home\/2014\/05\/09\/anuncian-convocatoria-sobre-diplomado-en-derecho-electoral-en-oaxaca\/\" rel=\"bookmark\"><img decoding=\"async\" title=\"Anuncian convocatoria sobre diplomado en Derecho Electoral en Oaxaca\" src=\"http:\/\/www.eloriente.net\/home\/wp-content\/themes\/city-desk\/timthumb.php?src=http%3A%2F%2Fwww.eloriente.net%2Fhome%2Fwp-content%2Fuploads%2F2014%2F05%2FINE-Por-UABJO.jpg&amp;q=90&amp;w=160&amp;h=106&amp;zc=1\" alt=\"Anuncian convocatoria sobre diplomado en Derecho Electoral en Oaxaca\" \/><\/a><\/p>\n<p>eloriente.net\/UABJO 9 de mayo de 2014 La Universidad Aut\u00f3noma \u201cBenito Ju\u00e1rez\u201d de Oaxaca (UABJO) a trav\u00e9s de la Unidad de Atenci\u00f3n Acad\u00e9mica a Estudiantes Ind\u00edgenas (UAAEI) y el Instituto Nacional Electoral (INE) dieron a conocer la convocatoria para el Diplomado en Derecho Electoral. Durante la conferencia de prensa en las instalaciones del INE el Vocal [&#8230;]<\/p>\n<p>May 9, 2014<\/p>\n<div id=\"post-25479\">\n<p><a title=\"Permalink to Inicia autoevaluaci\u00f3n de la licenciatura en Derecho, en coordinaci\u00f3n con CIEES\" href=\"http:\/\/www.eloriente.net\/home\/2014\/05\/07\/inicia-autoevaluacion-del-programa-educativo-de-derecho-en-coordinacion-con-ciees\/\" rel=\"bookmark\">Inicia autoevaluaci\u00f3n de la licenciatura en Derecho, en coordinaci\u00f3n con CIEES<\/a><\/p>\n<p><a href=\"http:\/\/www.eloriente.net\/home\/2014\/05\/07\/inicia-autoevaluacion-del-programa-educativo-de-derecho-en-coordinacion-con-ciees\/\" rel=\"bookmark\"><img decoding=\"async\" title=\"Inicia autoevaluaci\u00f3n de la licenciatura en Derecho, en coordinaci\u00f3n con CIEES\" src=\"http:\/\/www.eloriente.net\/home\/wp-content\/themes\/city-desk\/timthumb.php?src=http%3A%2F%2Fwww.eloriente.net%2Fhome%2Fwp-content%2Fuploads%2F2014%2F05%2FCIEES-Por-UABJO.jpg&amp;q=90&amp;w=160&amp;h=106&amp;zc=1\" alt=\"Inicia autoevaluaci\u00f3n de la licenciatura en Derecho, en coordinaci\u00f3n con CIEES\" \/><\/a><\/p>\n<p>eloriente.net\/UABJO 7 de mayo de 2014 La Facultad de Derecho y Ciencias Sociales de la Universidad Aut\u00f3noma \u201cBenito Ju\u00e1rez\u201d de Oaxaca (UABJO) recibi\u00f3 a los Comit\u00e9s Interinstitucionales para la Evaluaci\u00f3n de la Educaci\u00f3n Superior (CIEES), con el prop\u00f3sito avanzar hacia la acreditaci\u00f3n de la Licenciatura en Derecho. El acto protocolario de recepci\u00f3n de los comit\u00e9s [&#8230;]<\/p>\n<p>May 7, 2014<\/p>\n<\/div>\n\n\t\t\t  <div \n\t\t\t  \tclass = \"fb-comments\" \n\t\t\t  \tdata-href = \"http:\/\/www.eloriente.net\/home\/2014\/05\/19\/celebra-revista-luna-zeta-su-xv-aniversario-con-su-edicion-no-32\/\"\n\t\t\t  \tdata-numposts = \"10\"\n\t\t\t\tdata-colorscheme = \"dark\"\n\t\t\t\tdata-order-by = \"social\"\n\t\t\t\tdata-mobile=true>\n\t\t\t  <\/div>\n\t\t  <style>\n\t\t\t.fb_iframe_widget_fluid_desktop iframe {\n\t\t\t    width: 100% !important;\n\t\t\t}\n\t\t  <\/style>\n\t\t  ","protected":false},"excerpt":{"rendered":"<p>eloriente.net\/UABJO 19 de mayo de 2014 Creada en 1998 como una alternativa independiente para la difusi\u00f3n del arte y la cultura, la Revista Luna Zeta celebr\u00f3 su XV aniversario con la edici\u00f3n del n\u00famero 32, dedicado a la gr\u00e1fica en Oaxaca. La presentaci\u00f3n de la revista se realiz\u00f3 en el patio central del Instituto de [&hellip;]<\/p>\n","protected":false},"author":26,"featured_media":26127,"comment_status":"open","ping_status":"open","sticky":false,"template":"","format":"standard","meta":{"_jetpack_memberships_contains_paid_content":false,"footnotes":""},"categories":[18,32,63,10,464,84],"tags":[239,1346,180,1344,834,835,1345],"class_list":["post-26125","post","type-post","status-publish","format-standard","has-post-thumbnail","hentry","category-educacion-y-cultura","category-entradas","category-estados","category-lo-mas-reciente","category-oaxaca-estados","category-universidades","tag-arte","tag-graficos","tag-historia","tag-luna-zeta","tag-publicacion","tag-revista","tag-xv-aniversario"],"jetpack_featured_media_url":"http:\/\/www.eloriente.net\/home\/wp-content\/uploads\/2014\/05\/Luna-Zeta-Por-UABJO.jpg","jetpack_sharing_enabled":true,"_links":{"self":[{"href":"http:\/\/www.eloriente.net\/home\/wp-json\/wp\/v2\/posts\/26125"}],"collection":[{"href":"http:\/\/www.eloriente.net\/home\/wp-json\/wp\/v2\/posts"}],"about":[{"href":"http:\/\/www.eloriente.net\/home\/wp-json\/wp\/v2\/types\/post"}],"author":[{"embeddable":true,"href":"http:\/\/www.eloriente.net\/home\/wp-json\/wp\/v2\/users\/26"}],"replies":[{"embeddable":true,"href":"http:\/\/www.eloriente.net\/home\/wp-json\/wp\/v2\/comments?post=26125"}],"version-history":[{"count":3,"href":"http:\/\/www.eloriente.net\/home\/wp-json\/wp\/v2\/posts\/26125\/revisions"}],"predecessor-version":[{"id":26129,"href":"http:\/\/www.eloriente.net\/home\/wp-json\/wp\/v2\/posts\/26125\/revisions\/26129"}],"wp:featuredmedia":[{"embeddable":true,"href":"http:\/\/www.eloriente.net\/home\/wp-json\/wp\/v2\/media\/26127"}],"wp:attachment":[{"href":"http:\/\/www.eloriente.net\/home\/wp-json\/wp\/v2\/media?parent=26125"}],"wp:term":[{"taxonomy":"category","embeddable":true,"href":"http:\/\/www.eloriente.net\/home\/wp-json\/wp\/v2\/categories?post=26125"},{"taxonomy":"post_tag","embeddable":true,"href":"http:\/\/www.eloriente.net\/home\/wp-json\/wp\/v2\/tags?post=26125"}],"curies":[{"name":"wp","href":"https:\/\/api.w.org\/{rel}","templated":true}]}}