{"id":26193,"date":"2014-05-19T17:22:53","date_gmt":"2014-05-19T23:22:53","guid":{"rendered":"http:\/\/www.eloriente.net\/home\/?p=26193"},"modified":"2014-05-19T17:34:17","modified_gmt":"2014-05-19T23:34:17","slug":"realizaran-informe-especial-sobre-centros-de-reinsercion-social-en-oaxaca","status":"publish","type":"post","link":"http:\/\/www.eloriente.net\/home\/2014\/05\/19\/realizaran-informe-especial-sobre-centros-de-reinsercion-social-en-oaxaca\/","title":{"rendered":"Realizar\u00e1n informe especial sobre centros de reinserci\u00f3n social en Oaxaca"},"content":{"rendered":"<p>eloriente.net\/<a href=\"http:\/\/www.derechoshumanosoaxaca.org\" target=\"_blank\">DDHPO<\/a><\/p>\n<p>19 de mayo de 2014<\/p>\n<p>El Consejo Ciudadano de la Defensor\u00eda de los Derechos Humanos del\u00a0Pueblo de Oaxaca acord\u00f3 que se realizar\u00e1 un informe especial sobre\u00a0Centros de Reinserci\u00f3n Social en la entidad, as\u00ed se anunci\u00f3 en la\u00a0Primera Sesi\u00f3n Regional Ordinaria que se efectu\u00f3 el pasado 14 de\u00a0mayo en la ciudad de Santo Domingo Tehuantepec.<\/p>\n<p>El informe tendr\u00e1 la finalidad de documentar las condiciones de los\u00a0Centros de Reinserci\u00f3n Social en todo el estado, ya que durante las 13 visitas\u00a0que el personal de este organismo ha hecho, se han encontrado una\u00a0serie de situaciones que atentan contra la dignidad de las\u00a0personas;\u00a0por ejemplo el caso del Centro de Reclusi\u00f3n de Juchit\u00e1n en donde\u00a0se le retiraron a los internos los ventiladores.<\/p>\n<p>Los actos constitutivos de\u00a0violaciones a los derechos humanos fueron documentados luego de un\u00a0operativo al interior de las instalaciones del Centro de\u00a0Reinserci\u00f3n Social de la ciudad de Juchit\u00e1n, por parte de la Secretar\u00eda\u00a0de Seguridad P\u00fablica, polic\u00eda estatal, seguridad penitenciaria y a\u00a0petici\u00f3n de los internos.<\/p>\n<p>El Consejo Ciudadano asegur\u00f3 que cuando no hay condiciones\u00a0de vida dignas dentro de estos lugares, existe un riesgo de\u00a0amotinamiento. El garantizar el respeto a los derechos humanos es un factor de\u00a0gobernanza, estabilidad y paz social; as\u00ed un informe especial de los\u00a0Centros de Reinserci\u00f3n Social en el estado contribuir\u00e1 para garantizar y promover derechos fundamentales consagrados en el Art\u00edculo Primero de nuestra constituci\u00f3n.<\/p>\n<p>&nbsp;<\/p>\n<p><a href=\"http:\/\/www.eloriente.net\/home\/wp-content\/uploads\/2014\/05\/C\u00e1rcel-Oaxaca-Por-Alexander-H.M.-Cascone.png\"><img loading=\"lazy\" decoding=\"async\" class=\"alignnone size-medium wp-image-26194\" title=\"C\u00e1rcel Oaxaca-Por Alexander H.M. Cascone\" src=\"http:\/\/www.eloriente.net\/home\/wp-content\/uploads\/2014\/05\/C\u00e1rcel-Oaxaca-Por-Alexander-H.M.-Cascone-300x223.png\" alt=\"\" width=\"300\" height=\"223\" srcset=\"http:\/\/www.eloriente.net\/home\/wp-content\/uploads\/2014\/05\/C\u00e1rcel-Oaxaca-Por-Alexander-H.M.-Cascone-300x223.png 300w, http:\/\/www.eloriente.net\/home\/wp-content\/uploads\/2014\/05\/C\u00e1rcel-Oaxaca-Por-Alexander-H.M.-Cascone.png 574w\" sizes=\"(max-width: 300px) 100vw, 300px\" \/><\/a><\/p>\n<p>Foto:\u00a0<a id=\"yui_3_11_0_3_1400540368135_1056\" href=\"https:\/\/www.flickr.com\/photos\/cascone\/\" data-track=\"photoAttributionNameClick\" data-rapid_p=\"3\">Alex Cascone<\/a><\/p>\n<p>&nbsp;<\/p>\n<p><strong>Entradas relacionadas:<\/strong><\/p>\n<p><a title=\"Permalink to \u00a1Somos muchos y seremos m\u00e1s!\" href=\"http:\/\/www.eloriente.net\/home\/2014\/05\/17\/somos-muchos-y-seremos-mas\/\" rel=\"bookmark\">\u00a1Somos muchos y seremos m\u00e1s!<\/a><\/p>\n<p><a href=\"http:\/\/www.eloriente.net\/home\/2014\/05\/17\/somos-muchos-y-seremos-mas\/\" rel=\"bookmark\"><img decoding=\"async\" title=\"\u00a1Somos muchos y seremos m\u00e1s!\" src=\"http:\/\/www.eloriente.net\/home\/wp-content\/themes\/city-desk\/timthumb.php?src=http%3A%2F%2Fwww.eloriente.net%2Fhome%2Fwp-content%2Fuploads%2F2014%2F01%2Fpersonas-discapacidad.jpg&amp;q=90&amp;w=160&amp;h=106&amp;zc=1\" alt=\"\u00a1Somos muchos y seremos m\u00e1s!\" \/><\/a><\/p>\n<p>eloriente.net\/HUB Oaxaca 17 de mayo de 2014 Por: Sa\u00fal Fuentes Olivares* Discapacidad Social \u2013 \u00a1Somos muchos y seremos m\u00e1s! Mientras el dinero suena en nuestros pensamientos con la tan mencionada reforma hacendaria y la preocupaciones de nuestras finanzas futuras, o mientras se piensa en emprender nuevos negocios, o en tantos personajes conocidos y no tan [&#8230;]<\/p>\n<p>May 17, 2014<\/p>\n<p><a title=\"Permalink to Se instala \u201c\u00e1rbol de la vida\u201d, a favor de la diversidad sexual en Oaxaca\" href=\"http:\/\/www.eloriente.net\/home\/2014\/05\/15\/se-instala-arbol-de-la-vida-a-favor-de-la-diversidad-sexual-en-oaxaca\/\" rel=\"bookmark\">Se instala \u201c\u00e1rbol de la vida\u201d, a favor de la diversidad sexual en Oaxaca<\/a><\/p>\n<p><a href=\"http:\/\/www.eloriente.net\/home\/2014\/05\/15\/se-instala-arbol-de-la-vida-a-favor-de-la-diversidad-sexual-en-oaxaca\/\" rel=\"bookmark\"><img decoding=\"async\" title=\"Se instala \u201c\u00e1rbol de la vida\u201d, a favor de la diversidad sexual en Oaxaca\" src=\"http:\/\/www.eloriente.net\/home\/wp-content\/themes\/city-desk\/timthumb.php?src=http%3A%2F%2Fwww.eloriente.net%2Fhome%2Fwp-content%2Fuploads%2F2014%2F05%2F%C3%A1rbol-de-la-vida-Por-Municipio-de-Oaxac.jpg&amp;q=90&amp;w=160&amp;h=106&amp;zc=1\" alt=\"Se instala \u201c\u00e1rbol de la vida\u201d, a favor de la diversidad sexual en Oaxaca\" \/><\/a><\/p>\n<p>eloriente.net\/Municipio de Oaxaca 15 de mayo de 2014 En el marco del D\u00eda Mundial contra la Homofobia, que se conmemora el\u00a0pr\u00f3ximo 17 de mayo, el municipio de Oaxaca de Ju\u00e1rez impuls\u00f3 la\u00a0\u201dCampa\u00f1a para la defensa de los derechos humanos de la comunidad de la diversidad sexual\u201d, programando diversas actividades entre las que\u00a0destaca la intervenci\u00f3n art\u00edstica, [&#8230;]<\/p>\n<p>May 15, 2014<\/p>\n<p><a title=\"Permalink to Realizan Cuarta Audiencia Penitenciaria para reintegraci\u00f3n de 54 j\u00f3venes internos\" href=\"http:\/\/www.eloriente.net\/home\/2014\/05\/12\/realinzan-cuarta-audiencia-penitenciaria-para-reintegracion-de-54-jovenes-internos\/\" rel=\"bookmark\">Realizan Cuarta Audiencia Penitenciaria para reintegraci\u00f3n de 54 j\u00f3venes internos<\/a><\/p>\n<p><a href=\"http:\/\/www.eloriente.net\/home\/2014\/05\/12\/realinzan-cuarta-audiencia-penitenciaria-para-reintegracion-de-54-jovenes-internos\/\" rel=\"bookmark\"><img decoding=\"async\" title=\"Realizan Cuarta Audiencia Penitenciaria para reintegraci\u00f3n de 54 j\u00f3venes internos\" src=\"http:\/\/www.eloriente.net\/home\/wp-content\/themes\/city-desk\/timthumb.php?src=http%3A%2F%2Fwww.eloriente.net%2Fhome%2Fwp-content%2Fuploads%2F2014%2F05%2FAdolescentes-Por-TSJ.jpg&amp;q=90&amp;w=160&amp;h=106&amp;zc=1\" alt=\"Realizan Cuarta Audiencia Penitenciaria para reintegraci\u00f3n de 54 j\u00f3venes internos\" \/><\/a><\/p>\n<p>eloriente.net\/TSJ 12 de mayo de 2014 Funcionarios judiciales atendieron las peticiones de los adolescentes del Centro de Internamiento de la SSP. Para respetar, procurar y proteger los derechos humanos de los\u00a0adolescentes e impulsar su reintegraci\u00f3n al tejido familiar y social,\u00a0magistrados, jueces especializados, visitadores y personal de la\u00a0Direcci\u00f3n de Derechos Humanos del Poder Judicial del Estado\u00a0participaron [&#8230;]<\/p>\n<p>May 12, 2014<\/p>\n\n\t\t\t  <div \n\t\t\t  \tclass = \"fb-comments\" \n\t\t\t  \tdata-href = \"http:\/\/www.eloriente.net\/home\/2014\/05\/19\/realizaran-informe-especial-sobre-centros-de-reinsercion-social-en-oaxaca\/\"\n\t\t\t  \tdata-numposts = \"10\"\n\t\t\t\tdata-colorscheme = \"dark\"\n\t\t\t\tdata-order-by = \"social\"\n\t\t\t\tdata-mobile=true>\n\t\t\t  <\/div>\n\t\t  <style>\n\t\t\t.fb_iframe_widget_fluid_desktop iframe {\n\t\t\t    width: 100% !important;\n\t\t\t}\n\t\t  <\/style>\n\t\t  ","protected":false},"excerpt":{"rendered":"<p>eloriente.net\/DDHPO 19 de mayo de 2014 El Consejo Ciudadano de la Defensor\u00eda de los Derechos Humanos del\u00a0Pueblo de Oaxaca acord\u00f3 que se realizar\u00e1 un informe especial sobre\u00a0Centros de Reinserci\u00f3n Social en la entidad, as\u00ed se anunci\u00f3 en la\u00a0Primera Sesi\u00f3n Regional Ordinaria que se efectu\u00f3 el pasado 14 de\u00a0mayo en la ciudad de Santo Domingo Tehuantepec. [&hellip;]<\/p>\n","protected":false},"author":26,"featured_media":26194,"comment_status":"open","ping_status":"open","sticky":false,"template":"","format":"standard","meta":{"_jetpack_memberships_contains_paid_content":false,"footnotes":""},"categories":[22,32,63,10,23,464,21],"tags":[],"class_list":["post-26193","post","type-post","status-publish","format-standard","has-post-thumbnail","hentry","category-derechos-humanos","category-entradas","category-estados","category-lo-mas-reciente","category-municipios","category-oaxaca-estados","category-politica-y-gobierno"],"jetpack_featured_media_url":"http:\/\/www.eloriente.net\/home\/wp-content\/uploads\/2014\/05\/C\u00e1rcel-Oaxaca-Por-Alexander-H.M.-Cascone.png","jetpack_sharing_enabled":true,"_links":{"self":[{"href":"http:\/\/www.eloriente.net\/home\/wp-json\/wp\/v2\/posts\/26193"}],"collection":[{"href":"http:\/\/www.eloriente.net\/home\/wp-json\/wp\/v2\/posts"}],"about":[{"href":"http:\/\/www.eloriente.net\/home\/wp-json\/wp\/v2\/types\/post"}],"author":[{"embeddable":true,"href":"http:\/\/www.eloriente.net\/home\/wp-json\/wp\/v2\/users\/26"}],"replies":[{"embeddable":true,"href":"http:\/\/www.eloriente.net\/home\/wp-json\/wp\/v2\/comments?post=26193"}],"version-history":[{"count":4,"href":"http:\/\/www.eloriente.net\/home\/wp-json\/wp\/v2\/posts\/26193\/revisions"}],"predecessor-version":[{"id":26197,"href":"http:\/\/www.eloriente.net\/home\/wp-json\/wp\/v2\/posts\/26193\/revisions\/26197"}],"wp:featuredmedia":[{"embeddable":true,"href":"http:\/\/www.eloriente.net\/home\/wp-json\/wp\/v2\/media\/26194"}],"wp:attachment":[{"href":"http:\/\/www.eloriente.net\/home\/wp-json\/wp\/v2\/media?parent=26193"}],"wp:term":[{"taxonomy":"category","embeddable":true,"href":"http:\/\/www.eloriente.net\/home\/wp-json\/wp\/v2\/categories?post=26193"},{"taxonomy":"post_tag","embeddable":true,"href":"http:\/\/www.eloriente.net\/home\/wp-json\/wp\/v2\/tags?post=26193"}],"curies":[{"name":"wp","href":"https:\/\/api.w.org\/{rel}","templated":true}]}}