{"id":26401,"date":"2014-05-22T12:19:40","date_gmt":"2014-05-22T18:19:40","guid":{"rendered":"http:\/\/www.eloriente.net\/home\/?p=26401"},"modified":"2014-09-19T07:59:30","modified_gmt":"2014-09-19T13:59:30","slug":"escucha-a-nancy-garcia-y-hector-porras-en-todo-oaxaca-radio-20may14","status":"publish","type":"post","link":"http:\/\/www.eloriente.net\/home\/2014\/05\/22\/escucha-a-nancy-garcia-y-hector-porras-en-todo-oaxaca-radio-20may14\/","title":{"rendered":"Escucha a Nancy Garc\u00eda y H\u00e9ctor Porras en Todo Oaxaca Radio 20\/May\/14"},"content":{"rendered":"<p>todooaxacaradio.com<\/p>\n<p>22 de mayo de 2014<\/p>\n<p>Como cada martes, en punto de las 17:00 horas se transmiti\u00f3 el programa Todo Oaxaca Radio completamente en vivo desde la Ciudad de Oaxaca de Ju\u00e1rez, a trav\u00e9s de las frecuencias abiertas 570 AM, 94.9 FM y para todo el mundo a trav\u00e9s de www.todooaxacaradio.com.<\/p>\n<p>El programa es conducido por Rub\u00e9n Vasconcelos Beltr\u00e1n, cronista de la Ciudad de Oaxaca, as\u00ed como Guadalupe Zarza Brise\u00f1o, reconocida empresaria y representante de la sociedad civil.<\/p>\n<p><strong>Nuestros temas e invitados del 20 de mayo de 2014<\/strong><\/p>\n<p>En esta tercera emisi\u00f3n de mayo de 2014, charlamos con dos personalidades para abordar temas de inter\u00e9s social que concierne a nuestra entidad oaxaque\u00f1a \u00bfquieres saber m\u00e1s? Escucha el programa dando click en el reproductor localizado al final de la redacci\u00f3n.<\/p>\n<p><strong>Minuto 01<strong>\u201935<strong>\u2019<\/strong><\/strong><\/strong><strong>\u2019<\/strong><\/p>\n<p>Nancy Garc\u00eda de Porras, presidenta de la Asociaci\u00f3n de Ex-Alumnos del Instituto Aut\u00f3nomo de Ciencias y Artes del Estado de Oaxaca, A.C. acompa\u00f1ada por su esposo, H\u00e9ctor Porras.<\/p>\n<p><em>\u201cCon la finalidad de realizar una remembranza de la vida estudiantil en el Instituto Aut\u00f3nomo de Ciencias y Artes del Estado de Oaxaca, la asociaci\u00f3n de sus ex alumnos lleva a cabo su ciclo de eventos Semana del estudiante\u00bb<\/em><\/p>\n<p><em>\u201cLa Semana del estudiante inici\u00f3 ayer 19 de mayo con la presentaci\u00f3n de H\u00e9ctor Porras &#8216;Un recorrido por el pasado&#8217; del instituto; y concluir\u00e1 el d\u00eda viernes 23 con una comida a las 14:30 horas\u00bb<\/em><\/p>\n<p><em>\u201cHoy a las 7:00 de la noche en sala Arcelia Y\u00e1\u00f1iz de la Casa de la Cultura Oaxaque\u00f1a tendremos la ponencia &#8216;Oaxaca en el arte y la cultura&#8217; del Dr. Porfirio Cervantes P\u00e9rez\u00bb<\/em><\/p>\n<p><em>\u201cMa\u00f1ana a las 10 de la ma\u00f1ana llevaremos una ofrenda floral a Don Porfirio D\u00edaz, uno de nuestros grandes\u00a0h\u00e9roes, en el obelisco en la calzada de\u00a0esta ciudad que lleva su nombre\u00bb<\/em><\/p>\n<p><em>\u00abAsimismo, el d\u00eda jueves se realizar\u00e1 una noche bohemia en la Casa de la Cultura Oaxaque\u00f1a a las 19:00 horas, con la participaci\u00f3n de Silvia Mar\u00eda, Noem\u00ed Victoria Jim\u00e9nez y Lourdes Aguilar Pacheco\u00bb<\/em><\/p>\n<p><em>\u201cEsta es una oportunidad para convivir y recordar las bases que cada uno de los estudiantes del instituto obtuvo para llegar hasta donde estamos actualmente\u00bb<\/em><\/p>\n<p>&nbsp;<\/p>\n<p><a href=\"http:\/\/www.eloriente.net\/home\/wp-content\/uploads\/2014\/05\/Nancy-Porras.jpg\"><img loading=\"lazy\" decoding=\"async\" class=\"size-medium wp-image-26629 aligncenter\" title=\"Nancy-Porras\" src=\"http:\/\/www.eloriente.net\/home\/wp-content\/uploads\/2014\/05\/Nancy-Porras-300x201.jpg\" alt=\"\" width=\"300\" height=\"201\" srcset=\"http:\/\/www.eloriente.net\/home\/wp-content\/uploads\/2014\/05\/Nancy-Porras-300x201.jpg 300w, http:\/\/www.eloriente.net\/home\/wp-content\/uploads\/2014\/05\/Nancy-Porras-1024x686.jpg 1024w\" sizes=\"(max-width: 300px) 100vw, 300px\" \/><\/a><\/p>\n<p>&nbsp;<\/p>\n<p><iframe loading=\"lazy\" width=\"238\" height=\"48\" frameborder=\"0\" allowfullscreen=\"\" scrolling=\"no\" src=\"http:\/\/www.ivoox.com\/player_ek_3510355_2_1.html?data=lJqekpiZeY6ZmKial5eJd6KkkpKSmaiRdo6ZmKiakpKJe6ShkZKSmaiRmNDY0JC8w93Fp8Kfs8bRy9SPkcLt0JCfkoqWh4ymkZahj4qbh47I0MncjbTFvMLXwpC%2Fw8nNs46ZmKialg%3D%3D&#038;\"><\/iframe><\/p>\n<p>&nbsp;<\/p>\n<p><strong>Entradas relacionadas:<\/strong><\/p>\n<p><a title=\"Permalink to Escucha a Adriana Pedro, Yecenia Ram\u00edrez, Armando Mart\u00ednez y Marcos Garc\u00eda en Todo Oaxaca Radio 13\/May\/14\" href=\"http:\/\/www.eloriente.net\/home\/2014\/05\/15\/escucha-a-adriana-pedro-yecenia-ramirez-armando-martinez-y-marcos-garcia-en-todo-oaxaca-radio-13may14\/\" rel=\"bookmark\">Escucha a Adriana Pedro, Yecenia Ram\u00edrez, Armando Mart\u00ednez y Marcos Garc\u00eda en Todo Oaxaca Radio 13\/May\/14<\/a><\/p>\n<p><a href=\"http:\/\/www.eloriente.net\/home\/2014\/05\/15\/escucha-a-adriana-pedro-yecenia-ramirez-armando-martinez-y-marcos-garcia-en-todo-oaxaca-radio-13may14\/\" rel=\"bookmark\"><img decoding=\"async\" title=\"Escucha a Adriana Pedro, Yecenia Ram\u00edrez, Armando Mart\u00ednez y Marcos Garc\u00eda en Todo Oaxaca Radio 13\/May\/14\" src=\"http:\/\/www.eloriente.net\/home\/wp-content\/themes\/city-desk\/timthumb.php?src=http%3A%2F%2Fwww.eloriente.net%2Fhome%2Fwp-content%2Fuploads%2F2014%2F05%2FAdriana-Pedro-y-Yecenia-Ram%C3%ADrez.jpg&amp;q=90&amp;w=160&amp;h=106&amp;zc=1\" alt=\"Escucha a Adriana Pedro, Yecenia Ram\u00edrez, Armando Mart\u00ednez y Marcos Garc\u00eda en Todo Oaxaca Radio 13\/May\/14\" \/><\/a><\/p>\n<p>todooaxacaradio.com 15 de mayo de 2014 Como cada martes, en punto de las 17:00 horas se transmiti\u00f3 el programa Todo Oaxaca Radio completamente en vivo desde la Ciudad de Oaxaca de Ju\u00e1rez, a trav\u00e9s de las frecuencias abiertas 570 AM, 94.9 FM y para todo el mundo a trav\u00e9s de www.todooaxacaradio.com. El programa es conducido [&#8230;]<\/p>\n<p>May 15, 2014<\/p>\n<div id=\"post-25460\">\n<p><a title=\"Permalink to Escucha a Jorge Machorro, Gladiola Orozco e Ivet Toledo en Todo Oaxaca Radio 6\/May\/14\" href=\"http:\/\/www.eloriente.net\/home\/2014\/05\/07\/escucha-a-jorge-machorro-gladiola-orozco-e-ivet-toledo-en-todo-oaxaca-radio-6may14\/\" rel=\"bookmark\">Escucha a Jorge Machorro, Gladiola Orozco e Ivet Toledo en Todo Oaxaca Radio 6\/May\/14<\/a><\/p>\n<p><a href=\"http:\/\/www.eloriente.net\/home\/2014\/05\/07\/escucha-a-jorge-machorro-gladiola-orozco-e-ivet-toledo-en-todo-oaxaca-radio-6may14\/\" rel=\"bookmark\"><img decoding=\"async\" title=\"Escucha a Jorge Machorro, Gladiola Orozco e Ivet Toledo en Todo Oaxaca Radio 6\/May\/14\" src=\"http:\/\/www.eloriente.net\/home\/wp-content\/themes\/city-desk\/timthumb.php?src=http%3A%2F%2Fwww.eloriente.net%2Fhome%2Fwp-content%2Fuploads%2F2014%2F05%2FGladiola-Orozco.jpg&amp;q=90&amp;w=160&amp;h=106&amp;zc=1\" alt=\"Escucha a Jorge Machorro, Gladiola Orozco e Ivet Toledo en Todo Oaxaca Radio 6\/May\/14\" \/><\/a><\/p>\n<p>todooaxacaradio.com 7 de mayo de 2014 Como cada martes, en punto de las 17:00 horas se transmiti\u00f3 el programa Todo Oaxaca Radio completamente en vivo desde la Ciudad de Oaxaca de Ju\u00e1rez, a trav\u00e9s de las frecuencias abiertas 570 AM, 94.9 FM y para todo el mundo a trav\u00e9s de www.todooaxacaradio.com. El programa es conducido [&#8230;]<\/p>\n<p>May 7, 2014<\/p>\n<\/div>\n<div id=\"post-25056\">\n<p><a title=\"Permalink to Escucha a Galileo Robles, X\u00f3chitl Cruz, Fernando Mino y Jos\u00e9 Laz en Todo Oaxaca Radio 29\/Abr\/14\" href=\"http:\/\/www.eloriente.net\/home\/2014\/04\/30\/escucha-a-galileo-robles-xochitl-cruz-fernando-mino-y-jose-laz-en-todo-oaxaca-radio-29abr14\/\" rel=\"bookmark\">Escucha a Galileo Robles, X\u00f3chitl Cruz, Fernando Mino y Jos\u00e9 Laz en Todo Oaxaca Radio 29\/Abr\/14<\/a><\/p>\n<p><a href=\"http:\/\/www.eloriente.net\/home\/2014\/04\/30\/escucha-a-galileo-robles-xochitl-cruz-fernando-mino-y-jose-laz-en-todo-oaxaca-radio-29abr14\/\" rel=\"bookmark\"><img decoding=\"async\" title=\"Escucha a Galileo Robles, X\u00f3chitl Cruz, Fernando Mino y Jos\u00e9 Laz en Todo Oaxaca Radio 29\/Abr\/14\" src=\"http:\/\/www.eloriente.net\/home\/wp-content\/themes\/city-desk\/timthumb.php?src=http%3A%2F%2Fwww.eloriente.net%2Fhome%2Fwp-content%2Fuploads%2F2014%2F04%2FRobles-y-Cruz.jpg&amp;q=90&amp;w=160&amp;h=106&amp;zc=1\" alt=\"Escucha a Galileo Robles, X\u00f3chitl Cruz, Fernando Mino y Jos\u00e9 Laz en Todo Oaxaca Radio 29\/Abr\/14\" \/><\/a><\/p>\n<p>todooaxacaradio.com 30 de abril de 2014 Como cada martes, en punto de las 17:00 horas se transmiti\u00f3 el programa Todo Oaxaca Radio completamente en vivo desde la Ciudad de Oaxaca de Ju\u00e1rez, a trav\u00e9s de las frecuencias abiertas 570 AM, 94.9 FM y para todo el mundo a trav\u00e9s de www.todooaxacaradio.com. El programa es conducido [&#8230;]<\/p>\n<p>April 30, 2014<\/p>\n<\/div>\n\n\t\t\t  <div \n\t\t\t  \tclass = \"fb-comments\" \n\t\t\t  \tdata-href = \"http:\/\/www.eloriente.net\/home\/2014\/05\/22\/escucha-a-nancy-garcia-y-hector-porras-en-todo-oaxaca-radio-20may14\/\"\n\t\t\t  \tdata-numposts = \"10\"\n\t\t\t\tdata-colorscheme = \"dark\"\n\t\t\t\tdata-order-by = \"social\"\n\t\t\t\tdata-mobile=true>\n\t\t\t  <\/div>\n\t\t  <style>\n\t\t\t.fb_iframe_widget_fluid_desktop iframe {\n\t\t\t    width: 100% !important;\n\t\t\t}\n\t\t  <\/style>\n\t\t  ","protected":false},"excerpt":{"rendered":"<p>todooaxacaradio.com 22 de mayo de 2014 Como cada martes, en punto de las 17:00 horas se transmiti\u00f3 el programa Todo Oaxaca Radio completamente en vivo desde la Ciudad de Oaxaca de Ju\u00e1rez, a trav\u00e9s de las frecuencias abiertas 570 AM, 94.9 FM y para todo el mundo a trav\u00e9s de www.todooaxacaradio.com. El programa es conducido [&hellip;]<\/p>\n","protected":false},"author":26,"featured_media":26629,"comment_status":"open","ping_status":"open","sticky":false,"template":"","format":"standard","meta":{"_jetpack_memberships_contains_paid_content":false,"footnotes":""},"categories":[32,63,464,12],"tags":[1396,1395,1397,330,1086,1398,1394],"class_list":["post-26401","post","type-post","status-publish","format-standard","has-post-thumbnail","hentry","category-entradas","category-estados","category-oaxaca-estados","category-todo-oaxaca-radio","tag-ciencias-y-artes","tag-instituto","tag-nancy-garcia-de-porras","tag-radio","tag-ruben-vasconcelos","tag-semana-del-estudiante","tag-todo-oaxaca"],"jetpack_featured_media_url":"http:\/\/www.eloriente.net\/home\/wp-content\/uploads\/2014\/05\/Nancy-Porras.jpg","jetpack_sharing_enabled":true,"_links":{"self":[{"href":"http:\/\/www.eloriente.net\/home\/wp-json\/wp\/v2\/posts\/26401"}],"collection":[{"href":"http:\/\/www.eloriente.net\/home\/wp-json\/wp\/v2\/posts"}],"about":[{"href":"http:\/\/www.eloriente.net\/home\/wp-json\/wp\/v2\/types\/post"}],"author":[{"embeddable":true,"href":"http:\/\/www.eloriente.net\/home\/wp-json\/wp\/v2\/users\/26"}],"replies":[{"embeddable":true,"href":"http:\/\/www.eloriente.net\/home\/wp-json\/wp\/v2\/comments?post=26401"}],"version-history":[{"count":8,"href":"http:\/\/www.eloriente.net\/home\/wp-json\/wp\/v2\/posts\/26401\/revisions"}],"predecessor-version":[{"id":32389,"href":"http:\/\/www.eloriente.net\/home\/wp-json\/wp\/v2\/posts\/26401\/revisions\/32389"}],"wp:featuredmedia":[{"embeddable":true,"href":"http:\/\/www.eloriente.net\/home\/wp-json\/wp\/v2\/media\/26629"}],"wp:attachment":[{"href":"http:\/\/www.eloriente.net\/home\/wp-json\/wp\/v2\/media?parent=26401"}],"wp:term":[{"taxonomy":"category","embeddable":true,"href":"http:\/\/www.eloriente.net\/home\/wp-json\/wp\/v2\/categories?post=26401"},{"taxonomy":"post_tag","embeddable":true,"href":"http:\/\/www.eloriente.net\/home\/wp-json\/wp\/v2\/tags?post=26401"}],"curies":[{"name":"wp","href":"https:\/\/api.w.org\/{rel}","templated":true}]}}