{"id":2652,"date":"2012-09-05T19:09:44","date_gmt":"2012-09-06T01:09:44","guid":{"rendered":"http:\/\/www.eloriente.net\/home\/?p=2652"},"modified":"2021-10-05T12:05:18","modified_gmt":"2021-10-05T18:05:18","slug":"juan-villoro-obtiene-premio-iberoamericano-de-letras-jose-donoso-2012","status":"publish","type":"post","link":"http:\/\/www.eloriente.net\/home\/2012\/09\/05\/juan-villoro-obtiene-premio-iberoamericano-de-letras-jose-donoso-2012\/","title":{"rendered":"Juan Villoro obtiene Premio Iberoamericano de Letras Jos\u00e9 Donoso 2012"},"content":{"rendered":"<p><center><script async src=\"https:\/\/pagead2.googlesyndication.com\/pagead\/js\/adsbygoogle.js\"><\/script><br \/>\n<!-- BANNER ELORIENTE INCRUSTADO NOTAS --><br \/>\n<ins class=\"adsbygoogle\" style=\"display: inline-block; width: 300px; height: 250px;\" data-ad-client=\"ca-pub-1136171134853753\" data-ad-slot=\"7974633627\"><\/ins><br \/>\n<script>\n     (adsbygoogle = window.adsbygoogle || []).push({});\n<\/script><center>\u00a0<\/center><\/center>eloriente.net\/<a href=\"http:\/\/www.utalca.cl\" target=\"_blank\" rel=\"noopener\">UTALCA<\/a><\/p>\n<p>5 de septiembre de 2012<\/p>\n<ul>\n<li>El jurado Internacional encargado de elegir al ganador, valor\u00f3 la diversidad de g\u00e9neros en que ha incursionado el autor \u00abexhibiendo un diestro manejo ling\u00fc\u00edstico y literario en toda materia que aborda\u00bb.<\/li>\n<\/ul>\n<div id=\"texto_aumenta\">\n<p>El escritor y periodista mexicano Juan Villoro, fue elegido como ganador de la versi\u00f3n 2012 del Premio Iberoamericano de Letras Jos\u00e9 Donoso, entregado por la Universidad de Talca.<\/p>\n<p>El profesor de Literatura de la UTALCA y coordinador del galard\u00f3n, Javier Pinedo, explic\u00f3 que para este nombramiento se valor\u00f3 el hecho de que Villoro es autor de una obra extensa y variada, exhibiendo un diestro manejo ling\u00fc\u00edstico y literario en toda materia que aborda.<br \/>\n\u201cUno de los rasgos caracter\u00edsticos de su producci\u00f3n es la diversidad de g\u00e9neros que ha ensayado con reconocido m\u00e9rito por parte de la cr\u00edtica especializada\u201d, seg\u00fan se destac\u00f3 en el acta con que el jurado fundament\u00f3 su decisi\u00f3n.<\/p>\n<p>Cuentista, novelista y ensayista, el nuevo Premio Donoso es autor de obras como \u201cEl profesor Z\u00edper y la fabulosa guitarra el\u00e9ctrica\u201d; \u201cLa casa pierde\u201d; \u201cEfectos personales\u201d; \u201cEl testigo\u201d; y reportajes como \u201cLa alfombra roja, el imperio del narcotr\u00e1fico\u201d, entre muchas otras.<\/p>\n<p>Personaje de gran versatilidad, en su trayectoria se cuentan labores como traductor, cronista deportivo, de cine y m\u00fasica. En este \u00faltimo \u00e1mbito destaca el trabajo realizado junto al guitarrista de la banda musical Caf\u00e9 Tacuba, con quien comparte la autor\u00eda de dos de las canciones que interpreta la banda azteca, las cuales formaron parte de la banda sonora de la pel\u00edcula \u201cVivir mata\u201d, cuyo gui\u00f3n tambi\u00e9n es de Villoro.<\/p>\n<p>Tras dar a conocer la decisi\u00f3n del jurado, y a modo de an\u00e9cdota, el profesor Pinedo coment\u00f3 que a partir de ahora el escritor mexicano \u201ctendr\u00e1 un motivo m\u00e1s agradable para recordar a Chile, donde, para su mala suerte, le toc\u00f3 vivir el terremoto del 27 de febrero de 2010\u201d.<\/p>\n<p><script async src=\"https:\/\/pagead2.googlesyndication.com\/pagead\/js\/adsbygoogle.js\"><\/script><br \/>\n<ins class=\"adsbygoogle\" style=\"display: block; text-align: center;\" data-ad-layout=\"in-article\" data-ad-format=\"fluid\" data-ad-client=\"ca-pub-1136171134853753\" data-ad-slot=\"1904291222\"><\/ins><br \/>\n<script>\n     (adsbygoogle = window.adsbygoogle || []).push({});\n<\/script><\/p>\n<p><strong>PREMIO<\/strong><\/p>\n<p>La designaci\u00f3n del Premio Donoso 2012 qued\u00f3 en manos de un jurado que reuni\u00f3 a cinco figuras destacadas de la academia y la investigaci\u00f3n literaria mundial; las doctoras Mechthild Albert de la Universidad de Bonn, Alemania y Genevi\u00e8ve Fabry de la Universidad Cat\u00f3lica de Lovaina, B\u00e9lgica.<\/p>\n<p>Junto a ellas estuvo Anthony Stanton, de El Colegio de M\u00e9xico, especialista mundial en Octavio Paz; el doctor Pedro Luis Barcia, presidente de la Academia Argentina de Letras; y la directora de la prestigiosa publicaci\u00f3n \u2018Am\u00e9rica sin nombre\u2019 y acad\u00e9mica de la Universidad de Alicante, Espa\u00f1a, doctora Carmen Alemany Bay.<\/p>\n<p>Consistente en una medalla, un diploma y un reconocimiento en dinero, el Premio Iberoamericano de Letras Jos\u00e9 Donoso fue instituido el a\u00f1o 2001 por la Universidad de Talca en memoria del destacado escritor chileno -vinculado por sus ra\u00edces familiares y culturales a la Regi\u00f3n del Maule-, con el auspicio de Santander, entidad que entrega al ganador un premio de US$ 30.000 (treinta mil d\u00f3lares).<\/p>\n<p>En el selecto grupo de autores distinguidos con \u00e9ste galard\u00f3n figuran Sergio Ram\u00edrez (2011); Diamela Eltit (2010); Jorge Volpi (2009); Javier Mar\u00edas (2008); Miguel Barnet (2007); Antonio Lobo Antunes (2006); Ricardo Piglia (2005); Antonio Cisneros (2004), Isabel Allende (2003); Beatriz Sarlo (2002) y Jos\u00e9 Emilio Pacheco (2001).<\/p>\n<p>La ceremonia de premiaci\u00f3n se realizar\u00e1 durante la Feria Internacional del Libro de Santiago.<\/p>\n<\/div>\n<div><a href=\"http:\/\/www.eloriente.net\/home\/wp-content\/uploads\/2012\/09\/villoro-retrato.jpg\"><img loading=\"lazy\" decoding=\"async\" class=\"aligncenter wp-image-2654 size-full\" title=\"villoro retrato\" src=\"http:\/\/www.eloriente.net\/home\/wp-content\/uploads\/2012\/09\/villoro-retrato.jpg\" alt=\"\" width=\"400\" height=\"237\" srcset=\"http:\/\/www.eloriente.net\/home\/wp-content\/uploads\/2012\/09\/villoro-retrato.jpg 400w, http:\/\/www.eloriente.net\/home\/wp-content\/uploads\/2012\/09\/villoro-retrato-300x177.jpg 300w\" sizes=\"(max-width: 400px) 100vw, 400px\" \/><\/a><\/div>\n<div><em>Foto: <a href=\"http:\/\/www.clubcultura.com\" target=\"_blank\" rel=\"noopener\">Club Cultura<\/a><\/em><\/div>\n<div><\/div>\n<div><script async src=\"https:\/\/pagead2.googlesyndication.com\/pagead\/js\/adsbygoogle.js\"><\/script><br \/>\n<ins class=\"adsbygoogle\" style=\"display: block;\" data-ad-format=\"autorelaxed\" data-ad-client=\"ca-pub-1136171134853753\" data-ad-slot=\"4595267748\"><\/ins><br \/>\n<script>\n     (adsbygoogle = window.adsbygoogle || []).push({});\n<\/script><\/div>\n\n\t\t\t  <div \n\t\t\t  \tclass = \"fb-comments\" \n\t\t\t  \tdata-href = \"http:\/\/www.eloriente.net\/home\/2012\/09\/05\/juan-villoro-obtiene-premio-iberoamericano-de-letras-jose-donoso-2012\/\"\n\t\t\t  \tdata-numposts = \"10\"\n\t\t\t\tdata-colorscheme = \"dark\"\n\t\t\t\tdata-order-by = \"social\"\n\t\t\t\tdata-mobile=true>\n\t\t\t  <\/div>\n\t\t  <style>\n\t\t\t.fb_iframe_widget_fluid_desktop iframe {\n\t\t\t    width: 100% !important;\n\t\t\t}\n\t\t  <\/style>\n\t\t  ","protected":false},"excerpt":{"rendered":"<p>\u00a0eloriente.net\/UTALCA 5 de septiembre de 2012 El jurado Internacional encargado de elegir al ganador, valor\u00f3 la diversidad de g\u00e9neros en que ha incursionado el autor \u00abexhibiendo un diestro manejo ling\u00fc\u00edstico y literario en toda materia que aborda\u00bb. El escritor y periodista mexicano Juan Villoro, fue elegido como ganador de la versi\u00f3n 2012 del Premio Iberoamericano [&hellip;]<\/p>\n","protected":false},"author":1,"featured_media":2657,"comment_status":"open","ping_status":"open","sticky":false,"template":"","format":"standard","meta":{"_jetpack_memberships_contains_paid_content":false,"footnotes":""},"categories":[18,32,10,31],"tags":[],"class_list":["post-2652","post","type-post","status-publish","format-standard","has-post-thumbnail","hentry","category-educacion-y-cultura","category-entradas","category-lo-mas-reciente","category-principal"],"jetpack_featured_media_url":"http:\/\/www.eloriente.net\/home\/wp-content\/uploads\/2012\/09\/newsFileName_49125_Juan_Villoro.jpg","jetpack_sharing_enabled":true,"_links":{"self":[{"href":"http:\/\/www.eloriente.net\/home\/wp-json\/wp\/v2\/posts\/2652"}],"collection":[{"href":"http:\/\/www.eloriente.net\/home\/wp-json\/wp\/v2\/posts"}],"about":[{"href":"http:\/\/www.eloriente.net\/home\/wp-json\/wp\/v2\/types\/post"}],"author":[{"embeddable":true,"href":"http:\/\/www.eloriente.net\/home\/wp-json\/wp\/v2\/users\/1"}],"replies":[{"embeddable":true,"href":"http:\/\/www.eloriente.net\/home\/wp-json\/wp\/v2\/comments?post=2652"}],"version-history":[{"count":4,"href":"http:\/\/www.eloriente.net\/home\/wp-json\/wp\/v2\/posts\/2652\/revisions"}],"predecessor-version":[{"id":65085,"href":"http:\/\/www.eloriente.net\/home\/wp-json\/wp\/v2\/posts\/2652\/revisions\/65085"}],"wp:featuredmedia":[{"embeddable":true,"href":"http:\/\/www.eloriente.net\/home\/wp-json\/wp\/v2\/media\/2657"}],"wp:attachment":[{"href":"http:\/\/www.eloriente.net\/home\/wp-json\/wp\/v2\/media?parent=2652"}],"wp:term":[{"taxonomy":"category","embeddable":true,"href":"http:\/\/www.eloriente.net\/home\/wp-json\/wp\/v2\/categories?post=2652"},{"taxonomy":"post_tag","embeddable":true,"href":"http:\/\/www.eloriente.net\/home\/wp-json\/wp\/v2\/tags?post=2652"}],"curies":[{"name":"wp","href":"https:\/\/api.w.org\/{rel}","templated":true}]}}