{"id":26537,"date":"2014-05-24T13:42:58","date_gmt":"2014-05-24T19:42:58","guid":{"rendered":"http:\/\/www.eloriente.net\/home\/?p=26537"},"modified":"2014-05-24T13:48:22","modified_gmt":"2014-05-24T19:48:22","slug":"historias-curiosas-de-camisetas-mundialistas","status":"publish","type":"post","link":"http:\/\/www.eloriente.net\/home\/2014\/05\/24\/historias-curiosas-de-camisetas-mundialistas\/","title":{"rendered":"Historias curiosas de camisetas mundialistas"},"content":{"rendered":"<p>eloriente.net\/<a href=\"http:\/\/es.fifa.com\/index.html\" target=\"_blank\">FIFA<\/a><\/p>\n<p>24 de mayo de 2014<\/p>\n<p>Uno de los cl\u00e1sicos de la Copa Mundial de la FIFA es la expectativa de c\u00f3mo ser\u00e1n las camisetas de los seleccionados participantes. Pero antes de que la confecci\u00f3n estuviese estudiada al mil\u00edmetro, se produjeron historias tan curiosas como maravillosa, la FIFA<strong>\u00a0<\/strong>te las recuerda.<\/p>\n<p><strong>Lo que mata es la humedad<\/strong><\/p>\n<p>M\u00e9xico organiz\u00f3 los Mundiales de 1970 y 1986 y en ambos las selecciones estaban preocupadas por c\u00f3mo el calor y la humedad iban a afectar a los jugadores. Las camisetas ten\u00edan que ayudar a drenar la transpiraci\u00f3n. Por eso, Inglaterra us\u00f3 en 1970 unas confeccionadas con una tela m\u00e1s liviana y con\u00a0<em>agujeritos<\/em>, las\u00a0<em>Air-Tech<\/em>, a pedido del doctor de la delegaci\u00f3n, Neil Phillips.<\/p>\n<p>Pero los ingleses fueron m\u00e1s all\u00e1. Como los colores claros absorben mejor el calor, decidieron que la camiseta roja con la que ganaron su Mundial en 1966 fuese la tercera opci\u00f3n. La primera, completamente blanca. La segunda, jam\u00e1s vista: toda celeste, pantal\u00f3n y medias inclusive. As\u00ed salieron a jugar contra Checoslovaquia, que visti\u00f3 muy parecido, de blanco. Pese a la victoria por 1-0, fue considerado\u00a0un error.<\/p>\n<p>\u00abCreo que mi elecci\u00f3n de que el celeste fuese el segundo color fue mala. Donde estaba sentado, mirando desde la sombra hacia el sol, era muy dif\u00edcil distinguir a los jugadores\u201d, admiti\u00f3 Alf Ramsey, el seleccionador ingl\u00e9s. La televisi\u00f3n tambi\u00e9n se quej\u00f3 por el parecido -la mayor\u00eda de los espectadores ve\u00edan las im\u00e1genes en blanco y negro, el contraste era m\u00ednimo- y ante Alemania usaron la roja. No s\u00f3lo hizo mucho calor, tambi\u00e9n hubo tiempo suplementario. Inglaterra perdi\u00f3 3-2 y qued\u00f3 eliminada.<\/p>\n<p>A 1986 Argentina tambi\u00e9n llev\u00f3 camisetas\u00a0<em>Air-Tech<\/em>, pero s\u00f3lo la titular, la celeste y blanca. Ante Uruguay en octavos jug\u00f3 con una azul de algod\u00f3n y Carlos Bilardo se preocup\u00f3: ante Inglaterra en cuartos, en el mediod\u00eda del Distrito Federal, no pod\u00edan jugar con esa\u00a0<em>armadura<\/em>.<\/p>\n<p>El t\u00e9cnico pidi\u00f3 a la marca que la vest\u00eda en ese entonces que confeccionara camisetas azules pero livianas. Imposible con tan poco tiempo. A tres d\u00edas del partido, mand\u00f3 a un colaborador a recorrer tiendas de la capital mexicana. Rub\u00e9n Moschella regres\u00f3 con dos modelos\u00a0azules, las pesaron pero no se decid\u00edan. Hasta que apareci\u00f3 Diego Maradona: \u201cQu\u00e9 linda esta camiseta. Con esta le ganamos a Inglaterra\u201d.<\/p>\n<p>Moschella volvi\u00f3 a la tienda y compr\u00f3 38 de las camisetas elegidas por el capit\u00e1n. Un dise\u00f1ador bocet\u00f3 de urgencia el escudo de la AFA, unas bordadoras lo cosieron en cada prenda y unos n\u00fameros plateados de f\u00fatbol americano se plancharon de apuro en el dorso. Horas despu\u00e9s, Maradona hac\u00eda historia. Con la Mano de Dios, con uno de los mejores goles de los Mundiales y vistiendo una camiseta comprada de urgencia en una tienda olvidada de M\u00e9xico DF.<\/p>\n<p><strong>Unos<em>\u00a0Bleus\u00a0<\/em>verdiblancos<\/strong><\/p>\n<p><strong><\/strong>Es 10 de junio de 1978 y Francia y Hungr\u00eda se preparan para jugar en Mar del Plata su \u00faltimo partido en la Copa Mundial de Argentina, tras ser eliminados del Grupo 1. Falta media hora para el inicio y a Henri Michel le llama la atenci\u00f3n lo que ve debajo del abrigo de los h\u00fangaros.<\/p>\n<p>\u00ab\u00bfCamiseta blanca?\u00bb, pregunt\u00f3 el capit\u00e1n del Nantes a Andr\u00e1s Torocsik. \u00abCamiseta blanca\u00bb, respondi\u00f3 el delantero. Entonces Michel le explic\u00f3 que de blanco jugaba Francia. Pero Torocsik le jur\u00f3 que de blanco jugaba Hungr\u00eda. Y lo que era una curiosidad se transform\u00f3 en un problema a resolverse con urgencia.<\/p>\n<p>Cada directiva asegur\u00f3 que ten\u00edan una circular de FIFA inform\u00e1ndoles que deb\u00edan jugar de blanco. Discutieron, hasta que Henri Patrelle, intendente de la selecci\u00f3n francesa, empalideci\u00f3: \u00abSoy el \u00fanico responsable. Nunca le\u00ed la segunda circular, que modificaba la primera\u00bb. Francia deb\u00eda cambiarse la casaca pero no ten\u00eda ninguna. Las azules titulares estaban a 400 kil\u00f3metros, en Buenos Aires.<\/p>\n<p>Un coche de polic\u00eda sali\u00f3 a toda sirena del estadio y, mientras el p\u00fablico silbaba por el retraso, fue al Club Atl\u00e9tico Kimberley. S\u00ed, Francia jug\u00f3 y gan\u00f3 3-1 vistiendo la camiseta verde y blanca a bastones de uno de los tradicionales clubes marplatenses. Kimberley, como cualquier equipo de la \u00e9poca, ten\u00eda s\u00f3lo camisetas numeradas del 1 al 16.\u00a0Dominique Rocheteau convirti\u00f3 un gol con el n\u00famero 18 en el pantal\u00f3n azul pero con el 7 en la espalda.<\/p>\n<p>En la historia de los Mundiales hubo otros casos en los que una selecci\u00f3n debi\u00f3 utilizar zamarras de clubes por similitud de colores: por ejemplo, M\u00e9xico jug\u00f3 ante Suiza en Brasil 1950 con la azul y blanca a rayas verticales del Cruzeiro. Ocho a\u00f1os despu\u00e9s, Argentina abri\u00f3 Suecia 1958 ante Alemania Federal usando la amarilla del IFK Malmoe.<\/p>\n<p><strong>La\u00a0<em>Vecchia<\/em>\u00a0Costa Rica<\/strong><\/p>\n<p><strong><\/strong>Italia 1990 es inolvidable para Costa Rica. Fue su primera participaci\u00f3n en una fase final y sorpresivamente lleg\u00f3 hasta octavos de final. Su producci\u00f3n qued\u00f3 para los libros; su vestimenta, tambi\u00e9n.<\/p>\n<p>Tras ganarle a Escocia en el debut vistiendo una camiseta roja con cuello blanco, lleg\u00f3 el turno del Brasil de Careca y Alem\u00e3o. No hab\u00eda motivo crom\u00e1tico para cambiar de indumentaria, pero al Comunale de Tur\u00edn salt\u00f3 con una in\u00e9dita negra y blanca a bastones. La Federaci\u00f3n Costarricense la llev\u00f3 a Italia como homenaje al club decano del pa\u00eds, el CS Libertad, entonces desaparecido. Pero usarla ese d\u00eda tuvo una intenci\u00f3n detr\u00e1s.<\/p>\n<p>\u00abBora propuso jugar con esa por lo de la\u00a0<em>Juve<\/em>\u00ab, record\u00f3 Alexandre Guimar\u00e3es, jugador de aquella selecci\u00f3n, a la FIFA. Bora es Milutinovic, t\u00e9cnico\u00a0<em>tico<\/em>\u00a0en ese Mundial. Viejo zorro de los banquillos, el serbio quiso que los turineses se identificasen con su equipo por jugar como el Juventus. Pero la picard\u00eda no funcion\u00f3: \u00abNo se logr\u00f3 el cometido porque Brasil copaba el estadio\u00bb.<\/p>\n<p>Costa Rica perdi\u00f3 1-0 pero volvi\u00f3 a vestirse de\u00a0<em>Vecchia Signora<\/em>\u00a0cuatro d\u00edas despu\u00e9s: le gan\u00f3 2-1 a Suecia y logr\u00f3 la clasificaci\u00f3n.<\/p>\n<p><strong>\u00a1Dame la\u00a0<em>V<\/em>!<\/strong><\/p>\n<p><strong><\/strong>En Uruguay 1930, Bolivia protagoniz\u00f3 uno de los hechos m\u00e1s curiosos de todos los tiempos. En su debut ante Yugoslavia, los jugadores bolivianos ingresaron al campo con una camiseta blanca y cada uno con una letra sobre el pecho. Al pararse frente a los fot\u00f3grafos se revel\u00f3 el misterio: entre los 11 formaban la frase\u00a0<em>Viva Uruguay<\/em>.<\/p>\n<p>As\u00ed jugaron y perdieron por 4-0, pero ante Brasil no pudieron repetir el gesto: al tener tambi\u00e9n los brasile\u00f1os casacas blancas, Bolivia jug\u00f3 con un juego de celestes prestadas por los anfitriones.<\/p>\n<p><strong>Un talism\u00e1n\u00a0<em>v<\/em><em>erdeamarelo<\/em>&#8230; y azul<\/strong><\/p>\n<p><strong><\/strong>Brasil jug\u00f3 de blanco desde 1914 hasta 1950, cuando el diario\u00a0<em>Correio da Manh\u00e3 se\u00f1al\u00f3<\/em>\u00a0las camisetas claras con cuello azul como malditas tras el\u00a0<em>Maracanazo<\/em>. El peri\u00f3dico\u00a0decidi\u00f3 que as\u00ed no se pod\u00eda continuar y organiz\u00f3 junto a la Confederaci\u00f3n Brasile\u00f1a de Deportes (CBD) un concurso en el que la base era innegociable: el conjunto deb\u00eda combinar los colores de la bandera brasile\u00f1a. Lo gan\u00f3 un escritor e ilustrador ga\u00facho de apenas 18 a\u00f1os, Aldyr Garc\u00eda Schlee, que imagin\u00f3 el uniforme m\u00e1s famoso del planeta: camiseta amarilla, vivos verdes, pantal\u00f3n azul y medias blancas.<\/p>\n<p>La\u00a0<em>Sele\u00e7ao<\/em>\u00a0lo estren\u00f3 en Mundiales en Suiza 1954 ante M\u00e9xico. Gole\u00f3 5-0 y tal vez haya sido un presagio. Brasil gan\u00f3 cinco t\u00edtulos vestido como imagin\u00f3 Garc\u00eda Schlee, aunque el de Suecia 1958, tuvo su particularidad: para la final, los suecos ya usaban el amarillo como color titular. Hubo sorteo, lo ganaron los europeos y Brasil debi\u00f3 cambiar. \u00bfOtra vez el blanco? Ni en broma.<\/p>\n<p>Dos d\u00edas antes del partido, la delegaci\u00f3n brasile\u00f1a compr\u00f3 en un negocio de Estocolmo un juego de camisetas azules, el color de Nuestra Se\u00f1ora Aparecida, santa patrona de Brasil. Quitaron los escudos originales, cosieron los de la CBD y salieron a jugar. Pel\u00e9 y Garrincha hicieron magia y Brasil gan\u00f3 5-2. Fue su primer t\u00edtulo mundial y el inicio de otra tradici\u00f3n: desde entonces, la camiseta suplente brasile\u00f1a es siempre azul.<\/p>\n<p>&nbsp;<\/p>\n<p><a href=\"http:\/\/www.eloriente.net\/home\/wp-content\/uploads\/2014\/05\/Mundial-Por-FIFA.jpg\"><img loading=\"lazy\" decoding=\"async\" class=\"alignnone size-medium wp-image-26538\" title=\"Mundial-Por FIFA\" src=\"http:\/\/www.eloriente.net\/home\/wp-content\/uploads\/2014\/05\/Mundial-Por-FIFA-300x168.jpg\" alt=\"\" width=\"300\" height=\"168\" srcset=\"http:\/\/www.eloriente.net\/home\/wp-content\/uploads\/2014\/05\/Mundial-Por-FIFA-300x168.jpg 300w, http:\/\/www.eloriente.net\/home\/wp-content\/uploads\/2014\/05\/Mundial-Por-FIFA.jpg 652w\" sizes=\"(max-width: 300px) 100vw, 300px\" \/><\/a><\/p>\n<p>Foto: FIFA\/Getty Images<\/p>\n<p>&nbsp;<\/p>\n<p><strong>Entradas relacionadas:<\/strong><\/p>\n<p><a title=\"Permalink to \u00bfM\u00e9xico a octavos de final? Un art\u00edculo de Alfredo Woolrich\" href=\"http:\/\/www.eloriente.net\/home\/2014\/05\/24\/mexico-a-octavos-de-final-un-articulo-de-alfredo-woolrich\/\" rel=\"bookmark\">\u00bfM\u00e9xico a octavos de final? Un art\u00edculo de Alfredo Woolrich<\/a><\/p>\n<p><a href=\"http:\/\/www.eloriente.net\/home\/2014\/05\/24\/mexico-a-octavos-de-final-un-articulo-de-alfredo-woolrich\/\" rel=\"bookmark\"><img decoding=\"async\" title=\"\u00bfM\u00e9xico a octavos de final? Un art\u00edculo de Alfredo Woolrich\" src=\"http:\/\/www.eloriente.net\/home\/wp-content\/themes\/city-desk\/timthumb.php?src=http%3A%2F%2Fwww.eloriente.net%2Fhome%2Fwp-content%2Fuploads%2F2014%2F05%2FSelecci%C3%B3n-f%C3%BAtbol-Por-Francisco-Carbajal.jpg&amp;q=90&amp;w=160&amp;h=106&amp;zc=1\" alt=\"\u00bfM\u00e9xico a octavos de final? Un art\u00edculo de Alfredo Woolrich\" \/><\/a><\/p>\n<p>eloriente.net 24 de mayo de 2014 Por:\u00a0Alfredo Woolrich La cantidad de factores a considerar para que M\u00e9xico avance a los octavos de final de la Copa del Mundo de 2014 es tan extensa como impredecible. Podemos apelar al momento actual de la selecci\u00f3n y de sus rivales, o hacer la evaluaci\u00f3n individual de cada uno [&#8230;]<\/p>\n<p>May 24, 2014<\/p>\n<p><a title=\"Permalink to Se estrena video de \u201cWe Are One\u201d, la canci\u00f3n oficial de Brasil 2014\" href=\"http:\/\/www.eloriente.net\/home\/2014\/05\/17\/se-estrena-video-de-we-are-one-la-cancion-oficial-de-brasil-2014\/\" rel=\"bookmark\">Se estrena video de \u201cWe Are One\u201d, la canci\u00f3n oficial de Brasil 2014<\/a><\/p>\n<p><a href=\"http:\/\/www.eloriente.net\/home\/2014\/05\/17\/se-estrena-video-de-we-are-one-la-cancion-oficial-de-brasil-2014\/\" rel=\"bookmark\"><img decoding=\"async\" title=\"Se estrena video de \u201cWe Are One\u201d, la canci\u00f3n oficial de Brasil 2014\" src=\"http:\/\/www.eloriente.net\/home\/wp-content\/themes\/city-desk\/timthumb.php?src=http%3A%2F%2Fwww.eloriente.net%2Fhome%2Fwp-content%2Fuploads%2F2014%2F05%2FBanderas-Brasil-2014.png&amp;q=90&amp;w=160&amp;h=106&amp;zc=1\" alt=\"Se estrena video de \u201cWe Are One\u201d, la canci\u00f3n oficial de Brasil 2014\" \/><\/a><\/p>\n<p>eloriente.net 17 de mayo de 2014 Ayer a 27 d\u00edas del inicio de la Copa Mundial de la FIFA, Brasil 2014, se estren\u00f3 el video musical de \u201cWe are one\u201d, canci\u00f3n oficial de dicho certamen deportivo,\u00a0a trav\u00e9s de Youtube. Dicha melod\u00eda, interpretada por Pitbull, Jennifer L\u00f3pez y la brasile\u00f1a Claudia Leitte, forma parte del \u00e1lbum [&#8230;]<\/p>\n<p>May 17, 2014<\/p>\n<div id=\"post-26087\">\n<p><a title=\"Permalink to Consulta aqu\u00ed listas preliminares de jugadores de la Copa Mundial, Brasil 2014\" href=\"http:\/\/www.eloriente.net\/home\/2014\/05\/17\/consulta-aqui-listas-preliminares-de-jugadores-de-la-copa-mundial-brasil-2014\/\" rel=\"bookmark\">Consulta aqu\u00ed listas preliminares de jugadores de la Copa Mundial, Brasil 2014<\/a><\/p>\n<p><a href=\"http:\/\/www.eloriente.net\/home\/2014\/05\/17\/consulta-aqui-listas-preliminares-de-jugadores-de-la-copa-mundial-brasil-2014\/\" rel=\"bookmark\"><img decoding=\"async\" title=\"Consulta aqu\u00ed listas preliminares de jugadores de la Copa Mundial, Brasil 2014\" src=\"http:\/\/www.eloriente.net\/home\/wp-content\/themes\/city-desk\/timthumb.php?src=http%3A%2F%2Fwww.eloriente.net%2Fhome%2Fwp-content%2Fuploads%2F2014%2F05%2FMessi-Por-FIFAAFP.jpg&amp;q=90&amp;w=160&amp;h=106&amp;zc=1\" alt=\"Consulta aqu\u00ed listas preliminares de jugadores de la Copa Mundial, Brasil 2014\" \/><\/a><\/p>\n<p>eloriente.net 17 de mayo de 2014 Recientemente, la FIFA hizo p\u00fablico las listas preliminares oficiales de los 30 jugadores de cada una de las 32 selecciones que participar\u00e1n en la Copa Mundial de f\u00fatbol, Brasil 2014, de los cuales cada director t\u00e9cnico elegir\u00e1 a sus 23 titulares para saltar a la cancha a partir del [&#8230;]<\/p>\n<p>May 17, 2014<\/p>\n<\/div>\n\n\t\t\t  <div \n\t\t\t  \tclass = \"fb-comments\" \n\t\t\t  \tdata-href = \"http:\/\/www.eloriente.net\/home\/2014\/05\/24\/historias-curiosas-de-camisetas-mundialistas\/\"\n\t\t\t  \tdata-numposts = \"10\"\n\t\t\t\tdata-colorscheme = \"dark\"\n\t\t\t\tdata-order-by = \"social\"\n\t\t\t\tdata-mobile=true>\n\t\t\t  <\/div>\n\t\t  <style>\n\t\t\t.fb_iframe_widget_fluid_desktop iframe {\n\t\t\t    width: 100% !important;\n\t\t\t}\n\t\t  <\/style>\n\t\t  ","protected":false},"excerpt":{"rendered":"<p>eloriente.net\/FIFA 24 de mayo de 2014 Uno de los cl\u00e1sicos de la Copa Mundial de la FIFA es la expectativa de c\u00f3mo ser\u00e1n las camisetas de los seleccionados participantes. Pero antes de que la confecci\u00f3n estuviese estudiada al mil\u00edmetro, se produjeron historias tan curiosas como maravillosa, la FIFA\u00a0te las recuerda. Lo que mata es la [&hellip;]<\/p>\n","protected":false},"author":26,"featured_media":26538,"comment_status":"open","ping_status":"open","sticky":false,"template":"","format":"standard","meta":{"_jetpack_memberships_contains_paid_content":false,"footnotes":""},"categories":[245,15,32,10],"tags":[1324,1436,1437,1092,266,621,267],"class_list":["post-26537","post","type-post","status-publish","format-standard","has-post-thumbnail","hentry","category-brasil-2014","category-deportes","category-entradas","category-lo-mas-reciente","tag-brasil-2014-2","tag-camisetas","tag-datos-curiosos","tag-fifa","tag-futbol","tag-historias","tag-mundial"],"jetpack_featured_media_url":"http:\/\/www.eloriente.net\/home\/wp-content\/uploads\/2014\/05\/Mundial-Por-FIFA.jpg","jetpack_sharing_enabled":true,"_links":{"self":[{"href":"http:\/\/www.eloriente.net\/home\/wp-json\/wp\/v2\/posts\/26537"}],"collection":[{"href":"http:\/\/www.eloriente.net\/home\/wp-json\/wp\/v2\/posts"}],"about":[{"href":"http:\/\/www.eloriente.net\/home\/wp-json\/wp\/v2\/types\/post"}],"author":[{"embeddable":true,"href":"http:\/\/www.eloriente.net\/home\/wp-json\/wp\/v2\/users\/26"}],"replies":[{"embeddable":true,"href":"http:\/\/www.eloriente.net\/home\/wp-json\/wp\/v2\/comments?post=26537"}],"version-history":[{"count":4,"href":"http:\/\/www.eloriente.net\/home\/wp-json\/wp\/v2\/posts\/26537\/revisions"}],"predecessor-version":[{"id":26540,"href":"http:\/\/www.eloriente.net\/home\/wp-json\/wp\/v2\/posts\/26537\/revisions\/26540"}],"wp:featuredmedia":[{"embeddable":true,"href":"http:\/\/www.eloriente.net\/home\/wp-json\/wp\/v2\/media\/26538"}],"wp:attachment":[{"href":"http:\/\/www.eloriente.net\/home\/wp-json\/wp\/v2\/media?parent=26537"}],"wp:term":[{"taxonomy":"category","embeddable":true,"href":"http:\/\/www.eloriente.net\/home\/wp-json\/wp\/v2\/categories?post=26537"},{"taxonomy":"post_tag","embeddable":true,"href":"http:\/\/www.eloriente.net\/home\/wp-json\/wp\/v2\/tags?post=26537"}],"curies":[{"name":"wp","href":"https:\/\/api.w.org\/{rel}","templated":true}]}}