{"id":26649,"date":"2014-05-27T00:15:28","date_gmt":"2014-05-27T06:15:28","guid":{"rendered":"http:\/\/www.eloriente.net\/home\/?p=26649"},"modified":"2014-05-26T18:45:08","modified_gmt":"2014-05-27T00:45:08","slug":"indice-mundial-de-la-libertad-de-prensa-2014","status":"publish","type":"post","link":"http:\/\/www.eloriente.net\/home\/2014\/05\/27\/indice-mundial-de-la-libertad-de-prensa-2014\/","title":{"rendered":"\u00cdndice Mundial de la Libertad de Prensa 2014"},"content":{"rendered":"<p>eloriente.net<\/p>\n<p>27 de mayo de 2014<\/p>\n<p style=\"text-align: right\">Por: <a href=\"http:\/\/www.eloriente.net\/home\/author\/miguel\/\" target=\"_blank\">Miguel Carbonell<\/a><\/p>\n<p>La ONG Reporteros sin Fronteras present\u00f3 el \u00ab\u00cdndice Mundial de la Libertad de Prensa 2014\u201d, donde se hace una clasificaci\u00f3n de 180 pa\u00edses respecto al grado de libertad que los periodistas, organizaciones\u00a0de noticias y los internautas disfrutan en cada pa\u00eds, as\u00ed como de los esfuerzos realizados por las autoridades para respetar y garantizar el respeto de esta libertad.<\/p>\n<p>El \u00cdndice 2014 se elabor\u00f3 mediante cuestionarios que se enviaron a organizaciones asociadas, periodistas, investigadores, juristas y activistas de derechos humanos a lo largo de los 5 continentes. Dicho cuestionario contiene\u00a0preguntas cuantitativas sobre el n\u00famero de violaciones a la libertad de expresi\u00f3n y a los derechos humanos de los periodistas que se dan en cada pa\u00eds. El cuestionario permite conocer el n\u00famero de periodistas, asistentes e internautas que fueron encarcelados o asesinados en el marco de sus actividades en los medios, el n\u00famero de periodistas secuestrados, el n\u00famero que huy\u00f3 al exilio, el n\u00famero de agresiones f\u00edsicas y detenciones, y el n\u00famero de medios de comunicaci\u00f3n censurados.<\/p>\n<p>Asimismo, el cuestionario abarca temas que son dif\u00edciles de cuantificar, como el grado en que los proveedores de noticias autocensuran, la interferencia gubernamental en el contenido editorial, o la transparencia de las decisiones del gobierno de decisiones. Con el fin de hacer el \u00cdndice m\u00e1s informativo y que sea m\u00e1s f\u00e1cil comparar distintos a\u00f1os, se elabor\u00f3 una clasificaci\u00f3n puntuando a los pa\u00edses de 0 a 100, donde 0 es el puntaje mejor posible y 100 el peor.<\/p>\n<p>Finlandia conserva su lugar como el mejor pa\u00eds, ocupando por cuarto a\u00f1o consecutivo el primer sitio del \u00cdndice. Al igual que en la \u00faltima edici\u00f3n, los Pa\u00edses Bajos y Noruega se encuentran en el segundo y tercer puesto respectivamente. En el extremo opuesto, al final del \u00cdndice, se encuentra Turkmenist\u00e1n, Corea del Norte y Eritrea, pa\u00edses donde la libertad de prensa simplemente no existe. A pesar de que en 2013 se vieron atravesados por algunas turbulencias, estos pa\u00edses siguen siendo hoyos negros de la informaci\u00f3n y verdaderos infiernos para los periodistas.<\/p>\n<p>&nbsp;<\/p>\n<p style=\"text-align: center\"><a href=\"http:\/\/www.miguelcarbonell.com\/artman\/uploads\/1\/_ndice2.jpg\"><img loading=\"lazy\" decoding=\"async\" class=\"aligncenter\" src=\"http:\/\/www.miguelcarbonell.com\/artman\/uploads\/1\/_ndice2.jpg\" alt=\"\" width=\"150\" height=\"214\" \/><\/a><\/p>\n<p>&nbsp;<\/p>\n<p>La clasificaci\u00f3n 2014 confirma que existe una degradaci\u00f3n a escala mundial de la situaci\u00f3n del derecho de informar y de ser informado. Si bien el a\u00f1o 2013 fue menos mort\u00edfero para los periodistas que el precedente, marcado por una hecatombe para el gremio, las agresiones y las amenazas fueron m\u00e1s numerosas.<\/p>\n<p>El documento revela el impacto negativo de los conflictos armados en la libertad de informaci\u00f3n y en sus actores. En un contexto de inestabilidad, los medios de comunicaci\u00f3n son objetivos y blancos estrat\u00e9gicos para los grupos o los individuos que intentan controlar la informaci\u00f3n.\u00a0Desde marzo de 2011 Siria (puesto 177), encarna este tipo de casos en extremo, al punto de que ahora es uno de los pa\u00edses donde la libertad de informaci\u00f3n y sus actores corren m\u00e1s peligro. Asimismo, la crisis siria tiene repercusiones dram\u00e1ticas en toda la regi\u00f3n, consolidando la l\u00ednea de fractura entre los medios de comunicaci\u00f3n en L\u00edbano (puesto 106), de por s\u00ed ya polarizados, incita a las autoridades jordanas a apretar a\u00fan m\u00e1s y acelera la espiral de violencia que mina Irak (puesto 153), donde las tensiones religiosas entre chiitas y sunitas se exacerban.<\/p>\n<p>Por otro lado, la ca\u00edda de Mal\u00ed (puesto 122) y de la Rep\u00fablica Centroafricana (puesto 109) en la clasificaci\u00f3n tambi\u00e9n ilustra dicha correlaci\u00f3n negativa. Las guerras abiertas o intestinas que desestabilizan a la Rep\u00fablica Democr\u00e1tica del Congo (puesto 151), as\u00ed como las operaciones de guerrillas y de grupos terroristas en Somalia (puesto 176) y en Nigeria (puesto 112), no contribuyen a mejorar su lugar en la clasificaci\u00f3n.<\/p>\n<p>Los resultados regionales muestran que la mala situaci\u00f3n es general y se degrada en todos los continentes, con excepci\u00f3n de Asia, donde el \u00edndice es estable. La zona de la Uni\u00f3n Europea y los Balcanes obtiene la mejor calificaci\u00f3n (17,6), le siguen las zonas: Am\u00e9rica (30,3), \u00c1frica (35,6), Asia-Pac\u00edfico (42,2) y Europa del Este y Asia Central (45,5). La zona \u00c1frica del Norte y Oriente Medio es la \u00faltima de la lista con un \u00edndice de 48,7.<\/p>\n<p>&nbsp;<\/p>\n<p><a href=\"http:\/\/www.miguelcarbonell.com\/artman\/uploads\/1\/_ndice1.jpg\"><img loading=\"lazy\" decoding=\"async\" class=\"aligncenter\" src=\"http:\/\/www.miguelcarbonell.com\/artman\/uploads\/1\/_ndice1.jpg\" alt=\"\" width=\"416\" height=\"243\" \/><\/a><\/p>\n<p>&nbsp;<\/p>\n<p><a href=\"http:\/\/rsf.org\/index2014\/en-index2014.php\">Consultar el \u00cdndice Mundial de la Libertad de Prensa 2014<\/a><\/p>\n<p>&nbsp;<\/p>\n<p><a href=\"http:\/\/www.eloriente.net\/home\/wp-content\/uploads\/2014\/05\/Reportero-Por-juantiagues.jpg\"><img loading=\"lazy\" decoding=\"async\" class=\"alignnone size-medium wp-image-26650\" src=\"http:\/\/www.eloriente.net\/home\/wp-content\/uploads\/2014\/05\/Reportero-Por-juantiagues-300x225.jpg\" alt=\"\" width=\"300\" height=\"225\" srcset=\"http:\/\/www.eloriente.net\/home\/wp-content\/uploads\/2014\/05\/Reportero-Por-juantiagues-300x225.jpg 300w, http:\/\/www.eloriente.net\/home\/wp-content\/uploads\/2014\/05\/Reportero-Por-juantiagues.jpg 1024w\" sizes=\"(max-width: 300px) 100vw, 300px\" \/><\/a><\/p>\n<p>Foto: <a href=\"https:\/\/www.flickr.com\/photos\/juantiagues\/\">juantiagues<\/a><\/p>\n<p>&nbsp;<\/p>\n<p><strong>Entradas relacionadas:<\/strong><\/p>\n<p><a title=\"Permalink to Mejores abogados\" href=\"http:\/\/www.eloriente.net\/home\/2014\/05\/20\/mejores-abogados\/\" rel=\"bookmark\">Mejores abogados<\/a><\/p>\n<p><a href=\"http:\/\/www.eloriente.net\/home\/2014\/05\/20\/mejores-abogados\/\" rel=\"bookmark\"><img decoding=\"async\" src=\"http:\/\/www.eloriente.net\/home\/wp-content\/themes\/city-desk\/timthumb.php?src=http%3A%2F%2Fwww.eloriente.net%2Fhome%2Fwp-content%2Fuploads%2F2014%2F05%2FAbogados-MA-Bustamante.jpg&amp;q=90&amp;w=160&amp;h=106&amp;zc=1\" alt=\"Mejores abogados\" \/><\/a><\/p>\n<p>eloriente.net 20 de mayo de 2014 Por: Miguel Carbonell Las importantes reformas que se han aprobado en los meses recientes y las que todav\u00eda est\u00e1n en curso de aprobaci\u00f3n se van a enfrentar muy pronto al m\u00e1s grande de todos los retos: el de su aplicaci\u00f3n pr\u00e1ctica. Es seguro que transformar en realidad reformas de [&#8230;]<\/p>\n<p>May 20, 2014<\/p>\n<div>\n<p><a title=\"Permalink to Informe Global sobre Tecnolog\u00eda de la Informaci\u00f3n 2014\" href=\"http:\/\/www.eloriente.net\/home\/2014\/05\/13\/informe-global-sobre-tecnologia-de-la-informacion-2014\/\" rel=\"bookmark\">Informe Global sobre Tecnolog\u00eda de la Informaci\u00f3n 2014<\/a><\/p>\n<p><a href=\"http:\/\/www.eloriente.net\/home\/2014\/05\/13\/informe-global-sobre-tecnologia-de-la-informacion-2014\/\" rel=\"bookmark\"><img decoding=\"async\" src=\"http:\/\/www.eloriente.net\/home\/wp-content\/themes\/city-desk\/timthumb.php?src=http%3A%2F%2Fwww.eloriente.net%2Fhome%2Fwp-content%2Fuploads%2F2014%2F05%2FMapa-TIC.jpg&amp;q=90&amp;w=160&amp;h=106&amp;zc=1\" alt=\"Informe Global sobre Tecnolog\u00eda de la Informaci\u00f3n 2014\" \/><\/a><\/p>\n<p>eloriente.net 13 de mayo de 2014 Por: Miguel Carbonell El Foro Econ\u00f3mico Mundial public\u00f3 el \u201cInforme Global sobre Tecnolog\u00eda de la Informaci\u00f3n 2014\u201d, que proporciona una evaluaci\u00f3n sobre el estado actual de la preparaci\u00f3n tecnol\u00f3gica en el mundo, la disposici\u00f3n en red, y el progreso que han tenido 148 pa\u00edses respecto al aprovechamiento de las [&#8230;]<\/p>\n<p>May 13, 2014<\/p>\n<\/div>\n<div>\n<p><a title=\"Permalink to La letra peque\u00f1a de las reformas\" href=\"http:\/\/www.eloriente.net\/home\/2014\/05\/06\/la-letra-pequena-de-las-reformas\/\" rel=\"bookmark\">La letra peque\u00f1a de las reformas<\/a><\/p>\n<p><a href=\"http:\/\/www.eloriente.net\/home\/2014\/05\/06\/la-letra-pequena-de-las-reformas\/\" rel=\"bookmark\"><img decoding=\"async\" src=\"http:\/\/www.eloriente.net\/home\/wp-content\/themes\/city-desk\/timthumb.php?src=http%3A%2F%2Fwww.eloriente.net%2Fhome%2Fwp-content%2Fuploads%2F2013%2F12%2Fcamara-de-diputados-sesion-ordinaria1.jpg&amp;q=90&amp;w=160&amp;h=106&amp;zc=1\" alt=\"La letra peque\u00f1a de las reformas\" \/><\/a><\/p>\n<p>eloriente.net 6 de mayo de 2014 Por: Miguel Carbonell A nuestros pol\u00edticos les encanta hacer grandes reformas, de esas que se llaman estructurales. Se complacen en tomar la Constituci\u00f3n e irle a\u00f1adiendo p\u00e1ginas y p\u00e1ginas, como si fueran los primeros a los que se les ocurri\u00f3 una idea o como si se tratara de reescribir [&#8230;]<\/p>\n<p>May 6, 2014<\/p>\n<\/div>\n\n\t\t\t  <div \n\t\t\t  \tclass = \"fb-comments\" \n\t\t\t  \tdata-href = \"http:\/\/www.eloriente.net\/home\/2014\/05\/27\/indice-mundial-de-la-libertad-de-prensa-2014\/\"\n\t\t\t  \tdata-numposts = \"10\"\n\t\t\t\tdata-colorscheme = \"dark\"\n\t\t\t\tdata-order-by = \"social\"\n\t\t\t\tdata-mobile=true>\n\t\t\t  <\/div>\n\t\t  <style>\n\t\t\t.fb_iframe_widget_fluid_desktop iframe {\n\t\t\t    width: 100% !important;\n\t\t\t}\n\t\t  <\/style>\n\t\t  ","protected":false},"excerpt":{"rendered":"<p>eloriente.net 27 de mayo de 2014 Por: Miguel Carbonell La ONG Reporteros sin Fronteras present\u00f3 el \u00ab\u00cdndice Mundial de la Libertad de Prensa 2014\u201d, donde se hace una clasificaci\u00f3n de 180 pa\u00edses respecto al grado de libertad que los periodistas, organizaciones\u00a0de noticias y los internautas disfrutan en cada pa\u00eds, as\u00ed como de los esfuerzos realizados [&hellip;]<\/p>\n","protected":false},"author":11,"featured_media":26650,"comment_status":"open","ping_status":"open","sticky":false,"template":"","format":"standard","meta":{"_jetpack_memberships_contains_paid_content":false,"footnotes":""},"categories":[11,32,10,24,46],"tags":[277,1428,824,1100,111,127,417],"class_list":["post-26649","post","type-post","status-publish","format-standard","has-post-thumbnail","hentry","category-colaboradores","category-entradas","category-lo-mas-reciente","category-mexico-y-el-mundo","category-miguel-carbonell","tag-gobierno","tag-indice","tag-libertad","tag-miguel-carbonell-2","tag-mundo","tag-periodismo","tag-prensa"],"jetpack_featured_media_url":"http:\/\/www.eloriente.net\/home\/wp-content\/uploads\/2014\/05\/Reportero-Por-juantiagues.jpg","jetpack_sharing_enabled":true,"_links":{"self":[{"href":"http:\/\/www.eloriente.net\/home\/wp-json\/wp\/v2\/posts\/26649"}],"collection":[{"href":"http:\/\/www.eloriente.net\/home\/wp-json\/wp\/v2\/posts"}],"about":[{"href":"http:\/\/www.eloriente.net\/home\/wp-json\/wp\/v2\/types\/post"}],"author":[{"embeddable":true,"href":"http:\/\/www.eloriente.net\/home\/wp-json\/wp\/v2\/users\/11"}],"replies":[{"embeddable":true,"href":"http:\/\/www.eloriente.net\/home\/wp-json\/wp\/v2\/comments?post=26649"}],"version-history":[{"count":3,"href":"http:\/\/www.eloriente.net\/home\/wp-json\/wp\/v2\/posts\/26649\/revisions"}],"predecessor-version":[{"id":26652,"href":"http:\/\/www.eloriente.net\/home\/wp-json\/wp\/v2\/posts\/26649\/revisions\/26652"}],"wp:featuredmedia":[{"embeddable":true,"href":"http:\/\/www.eloriente.net\/home\/wp-json\/wp\/v2\/media\/26650"}],"wp:attachment":[{"href":"http:\/\/www.eloriente.net\/home\/wp-json\/wp\/v2\/media?parent=26649"}],"wp:term":[{"taxonomy":"category","embeddable":true,"href":"http:\/\/www.eloriente.net\/home\/wp-json\/wp\/v2\/categories?post=26649"},{"taxonomy":"post_tag","embeddable":true,"href":"http:\/\/www.eloriente.net\/home\/wp-json\/wp\/v2\/tags?post=26649"}],"curies":[{"name":"wp","href":"https:\/\/api.w.org\/{rel}","templated":true}]}}