{"id":26689,"date":"2014-05-28T09:02:00","date_gmt":"2014-05-28T15:02:00","guid":{"rendered":"http:\/\/www.eloriente.net\/home\/?p=26689"},"modified":"2014-05-28T10:58:06","modified_gmt":"2014-05-28T16:58:06","slug":"a-ti-que-ensenas-por-adrian-gonzalez","status":"publish","type":"post","link":"http:\/\/www.eloriente.net\/home\/2014\/05\/28\/a-ti-que-ensenas-por-adrian-gonzalez\/","title":{"rendered":"A ti que ense\u00f1as, por Adri\u00e1n Gonz\u00e1lez"},"content":{"rendered":"<p>eloriente.net<\/p>\n<p>28 de mayo de 2014<\/p>\n<p style=\"text-align: right;\">Por: <a href=\"http:\/\/www.eloriente.net\/home\/category\/articulistas\/adrian-gonzalez-jimenez\/\" target=\"_blank\">Adri\u00e1n Gonz\u00e1lez Jim\u00e9nez<\/a><\/p>\n<p>A ti que ense\u00f1as&#8230;<\/p>\n<p>Recientemente me he cuestionado sobre lo que he aprendido en el transcurso de mi vida como estudiante &amp; c\u00f3mo lo he aprendido. Durante todo el transcurso de vida como estudiante he acatado m\u00e9todos, seguido reglas e instrucciones las cuales \u00absupuestamente\u00bb har\u00edan de m\u00ed una persona capaz de alcanzar sus objetivos mediante una rigurosa e incuestionable disciplina&#8230; Pero donde nunca me preguntaron qu\u00e9 era lo que quer\u00eda &amp; hasta ahora, las cosas nunca han cambiado.<br \/>\nPero me dirijo a ti, a quien ense\u00f1a:<\/p>\n<p>A ti que ense\u00f1as, te has olvidado (o nunca supiste) que la ense\u00f1anza como tal se compara con el arte de la medicina; que siempre ha sido un acto de fe &amp; humanismo con el otro.<\/p>\n<p>A ti que ense\u00f1as, te has atrevido a pensar que la ense\u00f1anza es como cualquier empleo, en el cual has cre\u00eddo por simple ocurrencia que \u00abpuedes hacerlo\u00bb.<\/p>\n<p>A ti que ense\u00f1as, has confundido el adiestramiento &amp; la repetici\u00f3n con aprender, cuando el aprendizaje nace de la voluntad, el deseo &amp; terminas logrando lo opuesto.<\/p>\n<p>A ti que ense\u00f1as, no te has atrevido a cuestionar m\u00e1s all\u00e1 de lo plasmado en tus libros &amp; gu\u00edas de ense\u00f1anza, porque no permites que tu mente sea capaz de ir m\u00e1s all\u00e1 del mediocre pensamiento \u00abes que as\u00ed es\u00bb.<\/p>\n<p>A ti que ense\u00f1as, te atreviste a se\u00f1alar que el exhibir &amp; el avergonzar eran actos denigrantes en tu vida como estudiante; entonces \u00bfpor qu\u00e9 lo haces ahora?<\/p>\n<p>A ti que ense\u00f1as, exiges compromiso, seriedad, limpieza, cuando de ante mano en tu vida privada no cultivas dichos h\u00e1bitos que te hagan mejor persona &amp; as\u00ed, poder impregnar a quienes a tu cargo est\u00e1n de lo que puede radiar tu persona; sin necesidad de recurrir al discurso falso de valores no fomentados.<\/p>\n<p>A ti que ense\u00f1as, no has comprendido que la competencia no permite un aprendizaje colectivo, m\u00e1s bien fomenta la desuni\u00f3n, el racismo &amp; todos aquellos valores opuestos que evitan ayudarnos los unos a los otros.<\/p>\n<p>A ti que ense\u00f1as, no piensas m\u00e1s all\u00e1 de los resultados. No divisas m\u00e1s all\u00e1 de un n\u00famero, creyendo que el conjunto de valores de alg\u00fan individuo se determina por la calificaciones &amp; el resultado final.<\/p>\n<p>A ti que ense\u00f1as, exiges creatividad, exiges innovar, as\u00ed como de nuevas ideas; pero cuando alguien sigue una direcci\u00f3n diferente a tus expectativas, reaccionas de manera alarmista, tomando una postura defensiva, todo para terminar el acto diciendo \u00abesto no es lo que yo quer\u00eda\u00bb.<\/p>\n<p>A ti que ense\u00f1as, acatas muchas veces de manera personal las observaciones de quienes corrigen tu error; como si tus palabras fuesen incuestionables, har\u00edas cualquier cosa por no aceptar &amp; reconocer tu ignorancia, te atreves a tomar represalias en contra de los observadores.<\/p>\n<p>A ti que ense\u00f1as, te has preocupado m\u00e1s porque a quienes tienes a tu cargo, cumplan con tus propias expectativas que tienes para ellos en clase, pero nunca te has ocupado de intentar fomentar en ellas &amp; ellos (a quienes ense\u00f1as), principios fundamentales &amp; expectativas de vida en las cuales aprendan a cuestionarse en su propia vida, qu\u00e9 es lo correcto para s\u00ed mismos &amp; no para los dem\u00e1s.<\/p>\n<p>A ti que ense\u00f1as, te olvidas de tratar contigo, con tu interior, present\u00e1ndote muchas veces proyectando tu mal humor &amp; cuestiones personales en un lugar donde tu \u00fanico deber, es dar lo mejor.<\/p>\n<p>A ti que ense\u00f1as, te atreves a acatar reglamentos viles a conductas que a tu parecer son desafiantes o rebeldes, con la excusa de que \u00abtienen que educarse\u00bb. Cuando la realidad es que a ti no te corresponde \u00abeducar\u00bb a ese alguien que se presenta a tus clases; a alguien quien muchas veces parte de un hogar hostil, un hogar en donde los \u00fanicos que deben educar (o no los tienen), han descuidado a esa o ese a quien le ense\u00f1as. Pero olvidas que tambi\u00e9n, puedes ayudarle a aliviar.<\/p>\n<p>A ti que ense\u00f1as, fomentas la absurda idea de que aprobando ex\u00e1menes, gradu\u00e1ndote, obteniendo t\u00edtulos, diplomas, certificados -as\u00ed como del trabajo que obtengas- se otorgar\u00e1 un verdadero valor &amp; podr\u00e1s ser \u00abalguien\u00bb en la vida. Pero no puedes ver m\u00e1s all\u00e1 de tus limitaciones, que a quien ense\u00f1as desde que se crearon (desde la c\u00e9lula m\u00e1s peque\u00f1a) ya son alguien en la vida &amp; al igual que t\u00fa, s\u00f3lo necesitan saberlo.<\/p>\n<p>A ti que ense\u00f1as, te has equivocado muchas veces &amp; exiges el esfuerzo, cuando se sabe que el esfuerzo no es la clave para mejorar; porque el esfuerzo es el \u00faltimo recurso de la ineptitud e incompetencia &amp; la verdadera clave para ser mejores es solo dar lo mejor con todo coraz\u00f3n. Porque al fin &amp; al cabo en la vida no importan los aciertos, mucho menos los errores, porque es aprender lo que nos ayuda a crecer &amp; el amor lo que le da vida &amp; energ\u00eda a cada momento de nuestra existencia.<\/p>\n<p>A ti que ense\u00f1as, supones que el \u00absaber\u00bb es m\u00e1s importante que cualquier otra cosa &amp; no hay nada m\u00e1s importante; pero no sabes que la imaginaci\u00f3n es m\u00e1s importante que el mismo conocimiento.<\/p>\n<p>A ti que ense\u00f1as, absurdamente pretendes \u00abhacer\u00bb que a quienes ense\u00f1as se interesen en aprender con m\u00e9todos repetitivos, aburridos &amp; de poco inter\u00e9s; dejando a la vista tu falta de ingenio &amp; carencia de imaginaci\u00f3n, mostrando que siempre has sido una persona activa: alguien que se esclaviza en los libros &amp; manuales, alguien que descompone \u00abel todo\u00bb en sus partes, pero que nunca avanza m\u00e1s all\u00e1 para crear algo nuevo.<\/p>\n<p>A ti que ense\u00f1as, intentas portar como un traje, aparentando ser la \u00abrepresentaci\u00f3n\u00bb e imagen (sin perder la formalidad) de rid\u00edculas &amp; absurdas normas, olvid\u00e1ndote del humanismo, volvi\u00e9ndote (muchas veces con placer) un gran obst\u00e1culo en el camino de quienes solo requieren una atenci\u00f3n agregada &amp; terminas destruyendo el corto camino llevado s\u00f3lo por negar una \u00aboportunidad\u00bb&#8230;<\/p>\n<p>&#8230;Porque t\u00fa, quien ense\u00f1as, si crees que aplicando todo el peso de las reglas, normas, justificas que \u00abhay que educar\u00bb &amp; te olvidas del humanismo que vas m\u00e1s all\u00e1 de las listas, los n\u00fameros, las evaluaciones &amp; resultados finales, es cuando eliges ser un lacayo m\u00e1s del sistema.<\/p>\n<p>A ti que ense\u00f1as, no sabes que antes de intentar ense\u00f1ar &amp; si cabe la posibilidad de ese valor agregado que educar con bien, te has olvidado que un maestro no es quien ense\u00f1a o \u00abeduca\u00bb a los dem\u00e1s; es quien primero &amp; ante todo se educa as\u00ed mismo.<\/p>\n<p>Esto va dirigido, a quienes han olvidado lo que significa ayudar a crecer a otro ser humano, a quienes han reemplazando la imaginaci\u00f3n por el prosa\u00edsmo; a quienes han hecho a un lado el humanismo por la sistematizaci\u00f3n e indiferencia. Va dirigido a quienes no aman lo que hacen porque si amaran lo que hacen, yo hubiera sido alguien diferente.<\/p>\n<p>&nbsp;<\/p>\n<p><a href=\"http:\/\/www.eloriente.net\/home\/wp-content\/uploads\/2014\/05\/Licencia-CC-derechos-reservados-por-M.-Martin-Vicente-Lapiz.jpg\"><img loading=\"lazy\" decoding=\"async\" class=\"alignnone  wp-image-26692\" title=\"Licencia CC derechos reservados por M. Martin Vicente Lapiz\" src=\"http:\/\/www.eloriente.net\/home\/wp-content\/uploads\/2014\/05\/Licencia-CC-derechos-reservados-por-M.-Martin-Vicente-Lapiz.jpg\" alt=\"\" width=\"368\" height=\"246\" srcset=\"http:\/\/www.eloriente.net\/home\/wp-content\/uploads\/2014\/05\/Licencia-CC-derechos-reservados-por-M.-Martin-Vicente-Lapiz.jpg 1024w, http:\/\/www.eloriente.net\/home\/wp-content\/uploads\/2014\/05\/Licencia-CC-derechos-reservados-por-M.-Martin-Vicente-Lapiz-300x200.jpg 300w\" sizes=\"(max-width: 368px) 100vw, 368px\" \/><\/a><\/p>\n<p>Imagen:\u00a0<a title=\"Attribution License\" href=\"https:\/\/creativecommons.org\/licenses\/by\/2.0\/\">Algunos derechos reservados<\/a> por <a href=\"https:\/\/www.flickr.com\/photos\/martius\/\">M. Martin Vicente<\/a><\/p>\n<p>&nbsp;<\/p>\n<p><strong>Otras Entradas:<\/strong><\/p>\n<div id=\"post-24565\">\n<p><a title=\"Permalink to Video: \u201cLa ciencia de la felicidad, un experimento de gratitud\u201d\" href=\"http:\/\/www.eloriente.net\/home\/2014\/04\/18\/video-la-ciencia-de-la-felicidad-un-experimento-de-gratitud\/\" rel=\"bookmark\">Video: \u201cLa ciencia de la felicidad, un experimento de gratitud\u201d<\/a><\/p>\n<p><a href=\"http:\/\/www.eloriente.net\/home\/2014\/04\/18\/video-la-ciencia-de-la-felicidad-un-experimento-de-gratitud\/\" rel=\"bookmark\"><img decoding=\"async\" title=\"Video: \u201cLa ciencia de la felicidad, un experimento de gratitud\u201d\" src=\"http:\/\/www.eloriente.net\/home\/wp-content\/themes\/city-desk\/timthumb.php?src=http%3A%2F%2Fwww.eloriente.net%2Fhome%2Fwp-content%2Fuploads%2F2014%2F04%2FSoulpancake.png&amp;q=90&amp;w=160&amp;h=106&amp;zc=1\" alt=\"Video: \u201cLa ciencia de la felicidad, un experimento de gratitud\u201d\" \/><\/a><\/p>\n<p>eloriente.net 18 de abril de 2014 El portal SoulPancake descubri\u00f3 uno de los mayores factores que contribuyen a la felicidad \u00bfquieres saber de que se trata? Disfruta del siguiente video: \u00a0 Video:\u00a0SoulPancake\u00a0 \u00a0Traducci\u00f3n:\u00a0upsocl.com \u00a0 Imagen tomada de youtube. \u00a0 Entradas relacionadas: Tuxtepec, Oaxaca, s\u00e9ptimo municipio m\u00e1s feliz del pa\u00eds: Imagina M\u00e9xico A.C. eloriente.net 18 de [&#8230;]<\/p>\n<p>April 18, 2014<\/p>\n<\/div>\n<div id=\"post-24555\">\n<p><a title=\"Permalink to Tuxtepec, Oaxaca, s\u00e9ptimo municipio m\u00e1s feliz del pa\u00eds: Imagina M\u00e9xico A.C.\" href=\"http:\/\/www.eloriente.net\/home\/2014\/04\/18\/tuxtepec-oaxaca-septimo-municipio-mas-feliz-del-pais-imagina-mexico-a-c\/\" rel=\"bookmark\">Tuxtepec, Oaxaca, s\u00e9ptimo municipio m\u00e1s feliz del pa\u00eds: Imagina M\u00e9xico A.C.<\/a><\/p>\n<p><a href=\"http:\/\/www.eloriente.net\/home\/2014\/04\/18\/tuxtepec-oaxaca-septimo-municipio-mas-feliz-del-pais-imagina-mexico-a-c\/\" rel=\"bookmark\"><img decoding=\"async\" title=\"Tuxtepec, Oaxaca, s\u00e9ptimo municipio m\u00e1s feliz del pa\u00eds: Imagina M\u00e9xico A.C.\" src=\"http:\/\/www.eloriente.net\/home\/wp-content\/themes\/city-desk\/timthumb.php?src=http%3A%2F%2Fwww.eloriente.net%2Fhome%2Fwp-content%2Fuploads%2F2014%2F04%2FImagina-M%C3%A9xico-AC.png&amp;q=90&amp;w=160&amp;h=106&amp;zc=1\" alt=\"Tuxtepec, Oaxaca, s\u00e9ptimo municipio m\u00e1s feliz del pa\u00eds: Imagina M\u00e9xico A.C.\" \/><\/a><\/p>\n<p>eloriente.net 18 de enero de 2014 De acuerdo al Ranking de Felicidad en M\u00e9xico, auspiciado por la organizaci\u00f3n Imagina M\u00e9xico AC, la poblaci\u00f3n de Tuxtepec, Oaxaca, es el s\u00e9ptimo municipio con mayor cuant\u00eda de felicidad en el pa\u00eds. Para obtener este \u00edndice, se aplic\u00f3 una encuesta de 62 reactivos a m\u00e1s de 26 mil ciudadanos [&#8230;]<\/p>\n<p>April 18, 2014<\/p>\n<\/div>\n<p><a title=\"Permalink to Inicia el INE operaciones en Oaxaca\" href=\"http:\/\/www.eloriente.net\/home\/2014\/04\/08\/inicia-el-ine-operaciones-en-oaxaca\/\" rel=\"bookmark\">Inicia el INE operaciones en Oaxaca<\/a><\/p>\n<p><a href=\"http:\/\/www.eloriente.net\/home\/2014\/04\/08\/inicia-el-ine-operaciones-en-oaxaca\/\" rel=\"bookmark\"><img decoding=\"async\" title=\"Inicia el INE operaciones en Oaxaca\" src=\"http:\/\/www.eloriente.net\/home\/wp-content\/themes\/city-desk\/timthumb.php?src=http%3A%2F%2Fwww.eloriente.net%2Fhome%2Fwp-content%2Fuploads%2F2014%2F04%2FLogo-INE.jpg&amp;q=90&amp;w=160&amp;h=106&amp;zc=1\" alt=\"Inicia el INE operaciones en Oaxaca\" \/><\/a><\/p>\n<p>eloriente.net\/INE 8 de abril de 2014 Roberto Heycher Cardiel Soto rinde protesta como delegado del nuevo \u00f3rgano electoral; en los 11 distritos electorales quedan instaladas las juntas distritales del INE.\u00a0 Despu\u00e9s de 23 a\u00f1os concluye trabajos el IFE en Oaxaca, con ocho procesos electorales exitosos en su historia y m\u00e1s de 2 millones 600 mil [&#8230;]<\/p>\n<p>April 8, 2014<\/p>\n\n\t\t\t  <div \n\t\t\t  \tclass = \"fb-comments\" \n\t\t\t  \tdata-href = \"http:\/\/www.eloriente.net\/home\/2014\/05\/28\/a-ti-que-ensenas-por-adrian-gonzalez\/\"\n\t\t\t  \tdata-numposts = \"10\"\n\t\t\t\tdata-colorscheme = \"dark\"\n\t\t\t\tdata-order-by = \"social\"\n\t\t\t\tdata-mobile=true>\n\t\t\t  <\/div>\n\t\t  <style>\n\t\t\t.fb_iframe_widget_fluid_desktop iframe {\n\t\t\t    width: 100% !important;\n\t\t\t}\n\t\t  <\/style>\n\t\t  ","protected":false},"excerpt":{"rendered":"<p>eloriente.net 28 de mayo de 2014 Por: Adri\u00e1n Gonz\u00e1lez Jim\u00e9nez A ti que ense\u00f1as&#8230; Recientemente me he cuestionado sobre lo que he aprendido en el transcurso de mi vida como estudiante &amp; c\u00f3mo lo he aprendido. Durante todo el transcurso de vida como estudiante he acatado m\u00e9todos, seguido reglas e instrucciones las cuales \u00absupuestamente\u00bb har\u00edan [&hellip;]<\/p>\n","protected":false},"author":1,"featured_media":26692,"comment_status":"open","ping_status":"open","sticky":false,"template":"","format":"standard","meta":{"_jetpack_memberships_contains_paid_content":false,"footnotes":""},"categories":[630,624,49,32,63,10,464],"tags":[],"class_list":["post-26689","post","type-post","status-publish","format-standard","has-post-thumbnail","hentry","category-adrian-gonzalez-jimenez","category-articulistas","category-destacadas","category-entradas","category-estados","category-lo-mas-reciente","category-oaxaca-estados"],"jetpack_featured_media_url":"http:\/\/www.eloriente.net\/home\/wp-content\/uploads\/2014\/05\/Licencia-CC-derechos-reservados-por-M.-Martin-Vicente-Lapiz.jpg","jetpack_sharing_enabled":true,"_links":{"self":[{"href":"http:\/\/www.eloriente.net\/home\/wp-json\/wp\/v2\/posts\/26689"}],"collection":[{"href":"http:\/\/www.eloriente.net\/home\/wp-json\/wp\/v2\/posts"}],"about":[{"href":"http:\/\/www.eloriente.net\/home\/wp-json\/wp\/v2\/types\/post"}],"author":[{"embeddable":true,"href":"http:\/\/www.eloriente.net\/home\/wp-json\/wp\/v2\/users\/1"}],"replies":[{"embeddable":true,"href":"http:\/\/www.eloriente.net\/home\/wp-json\/wp\/v2\/comments?post=26689"}],"version-history":[{"count":4,"href":"http:\/\/www.eloriente.net\/home\/wp-json\/wp\/v2\/posts\/26689\/revisions"}],"predecessor-version":[{"id":26694,"href":"http:\/\/www.eloriente.net\/home\/wp-json\/wp\/v2\/posts\/26689\/revisions\/26694"}],"wp:featuredmedia":[{"embeddable":true,"href":"http:\/\/www.eloriente.net\/home\/wp-json\/wp\/v2\/media\/26692"}],"wp:attachment":[{"href":"http:\/\/www.eloriente.net\/home\/wp-json\/wp\/v2\/media?parent=26689"}],"wp:term":[{"taxonomy":"category","embeddable":true,"href":"http:\/\/www.eloriente.net\/home\/wp-json\/wp\/v2\/categories?post=26689"},{"taxonomy":"post_tag","embeddable":true,"href":"http:\/\/www.eloriente.net\/home\/wp-json\/wp\/v2\/tags?post=26689"}],"curies":[{"name":"wp","href":"https:\/\/api.w.org\/{rel}","templated":true}]}}