{"id":26753,"date":"2014-05-29T14:42:00","date_gmt":"2014-05-29T20:42:00","guid":{"rendered":"http:\/\/www.eloriente.net\/home\/?p=26753"},"modified":"2014-09-19T08:04:16","modified_gmt":"2014-09-19T14:04:16","slug":"escucha-a-claudio-ruiz-luis-zarate-y-carlos-altamirano-en-todo-oaxaca-radio-27may14","status":"publish","type":"post","link":"http:\/\/www.eloriente.net\/home\/2014\/05\/29\/escucha-a-claudio-ruiz-luis-zarate-y-carlos-altamirano-en-todo-oaxaca-radio-27may14\/","title":{"rendered":"Escucha a Claudio Ruiz, Luis Z\u00e1rate y Carlos Altamirano en Todo Oaxaca Radio 27\/May\/14"},"content":{"rendered":"<p>todooaxacaradio.com<\/p>\n<p>29 de mayo de 2014<\/p>\n<p>Como cada martes, en punto de las 17:00 horas se transmiti\u00f3 el programa Todo Oaxaca Radio completamente en vivo desde la Ciudad de Oaxaca de Ju\u00e1rez, a trav\u00e9s de las frecuencias abiertas 570 AM, 94.9 FM y para todo el mundo a trav\u00e9s de www.todooaxacaradio.com.<\/p>\n<p>El programa es conducido por Rub\u00e9n Vasconcelos Beltr\u00e1n, cronista de la Ciudad de Oaxaca, as\u00ed como Guadalupe Zarza Brise\u00f1o, reconocida empresaria y representante de la sociedad civil.<\/p>\n<p><strong>Nuestros temas e invitados del 27 de mayo de 2014<\/strong><\/p>\n<p>En esta cuarta y \u00faltima emisi\u00f3n de mayo de 2014, charlamos con dos personalidades para abordar temas de inter\u00e9s social que concierne a nuestra entidad oaxaque\u00f1a \u00bfquieres saber m\u00e1s? Escucha el programa dando click en el reproductor localizado al final de la redacci\u00f3n.<\/p>\n<p><strong>Minuto 01<strong>\u201920<strong>\u2019<\/strong><strong>\u2019<\/strong><\/strong><\/strong><\/p>\n<p>Claudio Armando Ruiz Solana, Presidente\u00a0de la Junta Directiva del Consejo de Colaboraci\u00f3n Municipal de Oaxaca de Ju\u00e1rez.<\/p>\n<p><em>\u201cEl Consejo de Colaboraci\u00f3n Municipal est\u00e1 considerado en la Ley\u00a0Org\u00e1nica del gobierno del estado, la cual se\u00f1ala que todos los ayuntamientos deben de contar con un consejo que se convierta en la voz de los ciudadanos\u00bb<\/em><\/p>\n<p><em>\u201cSe compone de dos entes: una junta directiva; y los consejos consultivos municipales en diferentes sectores de la sociedad como el de mujeres, j\u00f3venes, jubilados y pensionados, seguridad p\u00fablica, ecolog\u00eda, etc\u00e9tera; son 24 consejos ya integrados\u00bb<\/em><\/p>\n<p><em>\u201cLos colaboradores pueden manifestar su opini\u00f3n sobre los proyectos y decisiones del municipio; dichos consejos permite que la acci\u00f3n de gobierno vaya empatado con la participaci\u00f3n ciudadana\u00bb<\/em><\/p>\n<p><em>\u201cCada sector tiene su \u00e1rea de trabajo, donde se creen proyectos y propuestas de manera institucional\u00bb<\/em><\/p>\n<p><em>\u201cEl gobierno est\u00e1 abriendo el espacio para que verdaderamente haya participaci\u00f3n ciudadana\u00bb<\/em><\/p>\n<p>&nbsp;<\/p>\n<p><a href=\"http:\/\/www.eloriente.net\/home\/wp-content\/uploads\/2014\/05\/Claudio-Ruiz-Solana.jpg\"><img loading=\"lazy\" decoding=\"async\" class=\"size-medium wp-image-26755 aligncenter\" title=\"Claudio-Ruiz-Solana\" src=\"http:\/\/www.eloriente.net\/home\/wp-content\/uploads\/2014\/05\/Claudio-Ruiz-Solana-300x201.jpg\" alt=\"\" width=\"300\" height=\"201\" srcset=\"http:\/\/www.eloriente.net\/home\/wp-content\/uploads\/2014\/05\/Claudio-Ruiz-Solana-300x201.jpg 300w, http:\/\/www.eloriente.net\/home\/wp-content\/uploads\/2014\/05\/Claudio-Ruiz-Solana-1024x688.jpg 1024w\" sizes=\"(max-width: 300px) 100vw, 300px\" \/><\/a><\/p>\n<p>&nbsp;<\/p>\n<p><strong>Minuto 20<strong>\u201944<strong>\u2019<\/strong><strong>\u2019<\/strong><\/strong><\/strong><\/p>\n<p>Arq. Luis Ignacio Z\u00e1rate Carballido, Director de Vinculaci\u00f3n Social del Instituto Estatal de Protecci\u00f3n Civil de Oaxaca.<\/p>\n<p><em>\u201cLa temporada cicl\u00f3nica y tropical 2014 dio inicio a partir del 15 de mayo; la Comisi\u00f3n Nacional del Agua tiene pronosticado 14 ciclones tropicales en la zona del\u00a0Oc\u00e9ano\u00a0Pac\u00edfico\u00bb<\/em><\/p>\n<p><em>\u201cEmpezando la temporada, la tormenta Amanda se report\u00f3 es de categor\u00eda 4, el cual se desarroll\u00f3 bastante r\u00e1pido siguiendo las aguas c\u00e1lidas del Pac\u00edfico. Los \u00faltimos cuatro d\u00edas no ha dejado bandas nubosas que han afectado el centro y sureste del pa\u00eds\u00bb<\/em><\/p>\n<p><em>\u201cEs necesario que la poblaci\u00f3n adopte medidas preventivas y de organizaci\u00f3n ante estos\u00a0fen\u00f3menos para proteger su vida\u00bb<\/em><\/p>\n<p><em>\u201cDebido al cambio clim\u00e1tico, cada vez los fen\u00f3menos naturales afectan m\u00e1s a la sociedad\u00bb<\/em><\/p>\n<p><em>\u201cHasta el momento se han instalado consejos de protecci\u00f3n civil en m\u00e1s de 200 municipios de la entidad; se requiere del compromiso ciudadano para generar la cultura de la protecci\u00f3n civil\u00bb<\/em><\/p>\n<p>&nbsp;<\/p>\n<p style=\"text-align: center;\"><a href=\"http:\/\/www.eloriente.net\/home\/wp-content\/uploads\/2014\/05\/Luis-Z%C3%A1rate-Carballido.jpg\"><img loading=\"lazy\" decoding=\"async\" class=\"aligncenter\" style=\"-webkit-user-select: none; cursor: -webkit-zoom-in;\" src=\"http:\/\/www.eloriente.net\/home\/wp-content\/uploads\/2014\/05\/Luis-Z%C3%A1rate-Carballido.jpg\" alt=\"\" width=\"293\" height=\"195\" \/><\/a><\/p>\n<p>&nbsp;<\/p>\n<p><strong>Minuto 38<strong>\u201909<strong>\u2019<\/strong><strong>\u2019<\/strong><\/strong><\/strong><\/p>\n<p>Carlos Altamirano Toledo, Auditor Superior del Estado de Oaxaca.<\/p>\n<p><em>\u201cEs el tercer a\u00f1o que la Auditor\u00eda Superior del Estado convoca a un concurso de dibujo infantil sobre transparencia y rendici\u00f3n de cuentas\u00bb<\/em><\/p>\n<p><em>\u201cEstamos plenamente convencidos de que no puede haber transparencia, rendici\u00f3n de cuentas y combate a la corrupci\u00f3n si no formamos una cultura; la cual se crea en los primeros a\u00f1os de vida\u00bb<\/em><\/p>\n<p><em>\u201cTodos los dibujos se exponen en un lugar p\u00fablico para que la gente que est\u00e9 ah\u00ed vote por su dibujo favorito, ellos son el jurado\u00bb<\/em><\/p>\n<p><em>\u201cEl d\u00eda de hoy la Auditor\u00eda Superior por primera vez inici\u00f3 una revisi\u00f3n a la cuenta p\u00fablica del ejercicio 2013 de la UABJO; celebramos esto como un hecho hist\u00f3rico\u00bb<\/em><\/p>\n<p><em>\u201cMejorar para eficientar, rendir e informar a la ciudadan\u00eda\u00bb<\/em><\/p>\n<p>&nbsp;<\/p>\n<p style=\"text-align: center;\"><a href=\"http:\/\/www.eloriente.net\/home\/wp-content\/uploads\/2014\/05\/Carlos-Altamirano.jpg\"><img loading=\"lazy\" decoding=\"async\" class=\"aligncenter\" style=\"-webkit-user-select: none; cursor: -webkit-zoom-in;\" src=\"http:\/\/www.eloriente.net\/home\/wp-content\/uploads\/2014\/05\/Carlos-Altamirano.jpg\" alt=\"\" width=\"284\" height=\"195\" \/><\/a><\/p>\n<p>&nbsp;<\/p>\n<p><iframe loading=\"lazy\" src=\"https:\/\/w.soundcloud.com\/player\/?url=https%3A\/\/api.soundcloud.com\/tracks\/151896756&amp;color=ff5500&amp;auto_play=false&amp;hide_related=false&amp;show_artwork=true\" frameborder=\"no\" scrolling=\"no\" width=\"100%\" height=\"166\"><\/iframe><\/p>\n<p>&nbsp;<\/p>\n<p><strong>Entradas relacionadas:<\/strong><\/p>\n<p><a title=\"Permalink to Escucha a Nancy Garc\u00eda y H\u00e9ctor Porras en Todo Oaxaca Radio 20\/May\/14\" href=\"http:\/\/www.eloriente.net\/home\/2014\/05\/22\/escucha-a-nancy-garcia-y-hector-porras-en-todo-oaxaca-radio-20may14\/\" rel=\"bookmark\">Escucha a Nancy Garc\u00eda y H\u00e9ctor Porras en Todo Oaxaca Radio 20\/May\/14<\/a><\/p>\n<p><a href=\"http:\/\/www.eloriente.net\/home\/2014\/05\/22\/escucha-a-nancy-garcia-y-hector-porras-en-todo-oaxaca-radio-20may14\/\" rel=\"bookmark\"><img decoding=\"async\" title=\"Escucha a Nancy Garc\u00eda y H\u00e9ctor Porras en Todo Oaxaca Radio 20\/May\/14\" src=\"http:\/\/www.eloriente.net\/home\/wp-content\/themes\/city-desk\/timthumb.php?src=http%3A%2F%2Fwww.eloriente.net%2Fhome%2Fwp-content%2Fuploads%2F2014%2F05%2FNancy-Porras.jpg&amp;q=90&amp;w=160&amp;h=106&amp;zc=1\" alt=\"Escucha a Nancy Garc\u00eda y H\u00e9ctor Porras en Todo Oaxaca Radio 20\/May\/14\" \/><\/a><\/p>\n<p>todooaxacaradio.com 22 de mayo de 2014 Como cada martes, en punto de las 17:00 horas se transmiti\u00f3 el programa Todo Oaxaca Radio completamente en vivo desde la Ciudad de Oaxaca de Ju\u00e1rez, a trav\u00e9s de las frecuencias abiertas 570 AM, 94.9 FM y para todo el mundo a trav\u00e9s de www.todooaxacaradio.com. El programa es conducido [&#8230;]<\/p>\n<p>May 22, 2014<\/p>\n<div id=\"post-25945\">\n<p><a title=\"Permalink to Escucha a Adriana Pedro, Yecenia Ram\u00edrez, Armando Mart\u00ednez y Marcos Garc\u00eda en Todo Oaxaca Radio 13\/May\/14\" href=\"http:\/\/www.eloriente.net\/home\/2014\/05\/15\/escucha-a-adriana-pedro-yecenia-ramirez-armando-martinez-y-marcos-garcia-en-todo-oaxaca-radio-13may14\/\" rel=\"bookmark\">Escucha a Adriana Pedro, Yecenia Ram\u00edrez, Armando Mart\u00ednez y Marcos Garc\u00eda en Todo Oaxaca Radio 13\/May\/14<\/a><\/p>\n<p><a href=\"http:\/\/www.eloriente.net\/home\/2014\/05\/15\/escucha-a-adriana-pedro-yecenia-ramirez-armando-martinez-y-marcos-garcia-en-todo-oaxaca-radio-13may14\/\" rel=\"bookmark\"><img decoding=\"async\" title=\"Escucha a Adriana Pedro, Yecenia Ram\u00edrez, Armando Mart\u00ednez y Marcos Garc\u00eda en Todo Oaxaca Radio 13\/May\/14\" src=\"http:\/\/www.eloriente.net\/home\/wp-content\/themes\/city-desk\/timthumb.php?src=http%3A%2F%2Fwww.eloriente.net%2Fhome%2Fwp-content%2Fuploads%2F2014%2F05%2FAdriana-Pedro-y-Yecenia-Ram%C3%ADrez.jpg&amp;q=90&amp;w=160&amp;h=106&amp;zc=1\" alt=\"Escucha a Adriana Pedro, Yecenia Ram\u00edrez, Armando Mart\u00ednez y Marcos Garc\u00eda en Todo Oaxaca Radio 13\/May\/14\" \/><\/a><\/p>\n<p>todooaxacaradio.com 15 de mayo de 2014 Como cada martes, en punto de las 17:00 horas se transmiti\u00f3 el programa Todo Oaxaca Radio completamente en vivo desde la Ciudad de Oaxaca de Ju\u00e1rez, a trav\u00e9s de las frecuencias abiertas 570 AM, 94.9 FM y para todo el mundo a trav\u00e9s de www.todooaxacaradio.com. El programa es conducido [&#8230;]<\/p>\n<p>May 15, 2014<\/p>\n<\/div>\n<div id=\"post-25460\">\n<p><a title=\"Permalink to Escucha a Jorge Machorro, Gladiola Orozco e Ivet Toledo en Todo Oaxaca Radio 6\/May\/14\" href=\"http:\/\/www.eloriente.net\/home\/2014\/05\/07\/escucha-a-jorge-machorro-gladiola-orozco-e-ivet-toledo-en-todo-oaxaca-radio-6may14\/\" rel=\"bookmark\">Escucha a Jorge Machorro, Gladiola Orozco e Ivet Toledo en Todo Oaxaca Radio 6\/May\/14<\/a><\/p>\n<p><a href=\"http:\/\/www.eloriente.net\/home\/2014\/05\/07\/escucha-a-jorge-machorro-gladiola-orozco-e-ivet-toledo-en-todo-oaxaca-radio-6may14\/\" rel=\"bookmark\"><img decoding=\"async\" title=\"Escucha a Jorge Machorro, Gladiola Orozco e Ivet Toledo en Todo Oaxaca Radio 6\/May\/14\" src=\"http:\/\/www.eloriente.net\/home\/wp-content\/themes\/city-desk\/timthumb.php?src=http%3A%2F%2Fwww.eloriente.net%2Fhome%2Fwp-content%2Fuploads%2F2014%2F05%2FGladiola-Orozco.jpg&amp;q=90&amp;w=160&amp;h=106&amp;zc=1\" alt=\"Escucha a Jorge Machorro, Gladiola Orozco e Ivet Toledo en Todo Oaxaca Radio 6\/May\/14\" \/><\/a><\/p>\n<p>todooaxacaradio.com 7 de mayo de 2014 Como cada martes, en punto de las 17:00 horas se transmiti\u00f3 el programa Todo Oaxaca Radio completamente en vivo desde la Ciudad de Oaxaca de Ju\u00e1rez, a trav\u00e9s de las frecuencias abiertas 570 AM, 94.9 FM y para todo el mundo a trav\u00e9s de www.todooaxacaradio.com. El programa es conducido [&#8230;]<\/p>\n<p>May 7, 2014<\/p>\n<p><iframe loading=\"lazy\" src=\"http:\/\/www.ivoox.com\/player_ek_3512440_2_1.html?data=lJqelJmYdI6ZmKial5mJd6KokZKSmaiRdo6ZmKiakpKJe6ShkZKSmaiRmNDY0JC8w93Fp8Kfs8bRy9SPkcLt0JCfmYqWh4ymkZahj4qbh47I0MncjbTFvMLXwpC%2Fw8nNs46ZmKialg%3D%3D&amp;\" frameborder=\"0\" scrolling=\"no\" width=\"238\" height=\"48\"><\/iframe><\/p>\n<\/div>\n\n\t\t\t  <div \n\t\t\t  \tclass = \"fb-comments\" \n\t\t\t  \tdata-href = \"http:\/\/www.eloriente.net\/home\/2014\/05\/29\/escucha-a-claudio-ruiz-luis-zarate-y-carlos-altamirano-en-todo-oaxaca-radio-27may14\/\"\n\t\t\t  \tdata-numposts = \"10\"\n\t\t\t\tdata-colorscheme = \"dark\"\n\t\t\t\tdata-order-by = \"social\"\n\t\t\t\tdata-mobile=true>\n\t\t\t  <\/div>\n\t\t  <style>\n\t\t\t.fb_iframe_widget_fluid_desktop iframe {\n\t\t\t    width: 100% !important;\n\t\t\t}\n\t\t  <\/style>\n\t\t  ","protected":false},"excerpt":{"rendered":"<p>todooaxacaradio.com 29 de mayo de 2014 Como cada martes, en punto de las 17:00 horas se transmiti\u00f3 el programa Todo Oaxaca Radio completamente en vivo desde la Ciudad de Oaxaca de Ju\u00e1rez, a trav\u00e9s de las frecuencias abiertas 570 AM, 94.9 FM y para todo el mundo a trav\u00e9s de www.todooaxacaradio.com. El programa es conducido [&hellip;]<\/p>\n","protected":false},"author":26,"featured_media":26755,"comment_status":"open","ping_status":"open","sticky":false,"template":"","format":"standard","meta":{"_jetpack_memberships_contains_paid_content":false,"footnotes":""},"categories":[32,63,464,12],"tags":[122,1467,73,1465,1466,330,415],"class_list":["post-26753","post","type-post","status-publish","format-standard","has-post-thumbnail","hentry","category-entradas","category-estados","category-oaxaca-estados","category-todo-oaxaca-radio","tag-concurso","tag-dibujo","tag-oaxaca","tag-participacion-ciudadana","tag-proteccion-civil","tag-radio","tag-todo"],"jetpack_featured_media_url":"http:\/\/www.eloriente.net\/home\/wp-content\/uploads\/2014\/05\/Claudio-Ruiz-Solana.jpg","jetpack_sharing_enabled":true,"_links":{"self":[{"href":"http:\/\/www.eloriente.net\/home\/wp-json\/wp\/v2\/posts\/26753"}],"collection":[{"href":"http:\/\/www.eloriente.net\/home\/wp-json\/wp\/v2\/posts"}],"about":[{"href":"http:\/\/www.eloriente.net\/home\/wp-json\/wp\/v2\/types\/post"}],"author":[{"embeddable":true,"href":"http:\/\/www.eloriente.net\/home\/wp-json\/wp\/v2\/users\/26"}],"replies":[{"embeddable":true,"href":"http:\/\/www.eloriente.net\/home\/wp-json\/wp\/v2\/comments?post=26753"}],"version-history":[{"count":21,"href":"http:\/\/www.eloriente.net\/home\/wp-json\/wp\/v2\/posts\/26753\/revisions"}],"predecessor-version":[{"id":32391,"href":"http:\/\/www.eloriente.net\/home\/wp-json\/wp\/v2\/posts\/26753\/revisions\/32391"}],"wp:featuredmedia":[{"embeddable":true,"href":"http:\/\/www.eloriente.net\/home\/wp-json\/wp\/v2\/media\/26755"}],"wp:attachment":[{"href":"http:\/\/www.eloriente.net\/home\/wp-json\/wp\/v2\/media?parent=26753"}],"wp:term":[{"taxonomy":"category","embeddable":true,"href":"http:\/\/www.eloriente.net\/home\/wp-json\/wp\/v2\/categories?post=26753"},{"taxonomy":"post_tag","embeddable":true,"href":"http:\/\/www.eloriente.net\/home\/wp-json\/wp\/v2\/tags?post=26753"}],"curies":[{"name":"wp","href":"https:\/\/api.w.org\/{rel}","templated":true}]}}