{"id":2693,"date":"2012-09-06T09:01:32","date_gmt":"2012-09-06T15:01:32","guid":{"rendered":"http:\/\/www.eloriente.net\/home\/?p=2693"},"modified":"2012-09-06T09:01:32","modified_gmt":"2012-09-06T15:01:32","slug":"cables","status":"publish","type":"post","link":"http:\/\/www.eloriente.net\/home\/2012\/09\/06\/cables\/","title":{"rendered":"Cables"},"content":{"rendered":"<div style=\"text-align: right\">Por: Rodolfo Nar\u00f3<\/div>\n<div><\/div>\n<div>Recuerdo el tel\u00e9fono en la habitaci\u00f3n de mis padres. Un Ericsson color crema con disco para marcar, ten\u00eda seis o siete metros de cable que siempre deb\u00eda estar como una cascabel, enrollado al pie del bur\u00f3, pero la mayor\u00eda de las veces serpenteaba detr\u00e1s de mi madre, que caminaba al hablar, tan r\u00e1pida como una ara\u00f1a tejiendo su red.<\/div>\n<div>\n<div>\nRecuerdo tambi\u00e9n los primeros carritos motorizados que se mov\u00edan con un mando con cable o aviones que volaban apenas a pocos metros de la cabeza, como un globo de gas helio. Recuerdo aquellos t\u00edteres que nunca aprend\u00ed a mover, era un prodigio no enredar sus cuerdas y saberlos manejar con naturalidad.<\/div>\n<p>Recuerdo el miedo que sent\u00ed el d\u00eda que mis padres nos dijeron, a mis hermanos y a m\u00ed que nos mudar\u00edamos a Guadalajara a seguir estudiando, que vivir\u00edamos con mis abuelos, Carlota y Salvador, el mismo Salvador Fonseca de\u00a0El orden infinito. De cierta manera fue el primer corte de cord\u00f3n. Recuerdo mi primer beso a los 15 a\u00f1os, con Cristina, en el asiento trasero de un coche atiborrado de muchachos. Fue un beso lleno de ahogos, tan simple como nudo ciego que me amarr\u00f3 la memoria a ese instante que no he podido olvidar. Los recuerdos tienen sustancia de esperanza.<\/p>\n<p>Recuerdo que en la secundaria dec\u00edamos que en el a\u00f1o 2000 los aparatos ser\u00edan manejados con el pensamiento y a los pocos d\u00edas llev\u00f3 mi abuelo a la casa la primera televisi\u00f3n a control remoto y a\u00f1os despu\u00e9s tambi\u00e9n jubilaba el est\u00e9reo familiar a cambio de uno que usaba CD y control a distancia. Quiz\u00e1 de \u00e9l me viene el disgusto por los cables, tratar de esconderlos debajo del tapete o enterrarlos en la pared, de tener siempre cerca el tel\u00e9fono inal\u00e1mbrico como un puerto de salida m\u00e1s que de llegada.<\/p>\n<p>Recuerdo que cre\u00ed que me amar\u00edan. Una y otra vez tuve fe hasta casi agotar la esperanza. Recuerdo el anhelo de mis padres que me legaron el futuro. Pero \u00bfhasta d\u00f3nde los recuerdos son cables invisibles que nos atan al pasado? A pesar del desarraigo f\u00edsico siguen siendo ra\u00edz de un primer amor, de una p\u00e9rdida, de una decisi\u00f3n tomada al azar. Cu\u00e1ntas veces el miedo a renunciar nos ha paralizado, como un grillete atado al tobillo. Cu\u00e1ntas veces la cadena de la culpa, tan pesada como el orgullo, nos sujeta al pozo de los rencores. Cu\u00e1ntas veces una llamada ser\u00eda suficiente para perdonar malos recuerdos. Yo no he podido hacer esa llamada, de un tir\u00f3n arrancar el cable del tel\u00e9fono y zarpar sin br\u00fajula hacia otro destino.<\/p>\n<p><a href=\"http:\/\/www.eloriente.net\/home\/wp-content\/uploads\/2012\/09\/cables.jpeg\"><img loading=\"lazy\" decoding=\"async\" class=\"aligncenter size-medium wp-image-2694\" src=\"http:\/\/www.eloriente.net\/home\/wp-content\/uploads\/2012\/09\/cables-300x224.jpeg\" alt=\"\" width=\"300\" height=\"224\" srcset=\"http:\/\/www.eloriente.net\/home\/wp-content\/uploads\/2012\/09\/cables-300x224.jpeg 300w, http:\/\/www.eloriente.net\/home\/wp-content\/uploads\/2012\/09\/cables.jpeg 330w\" sizes=\"(max-width: 300px) 100vw, 300px\" \/><\/a><br \/>\n____________________<br \/>\nRodolfo Nar\u00f3, Tequila, Jalisco, 1967. Poeta y narrador. Su novela\u00a0El orden infinito, fue finalista del Premio Planeta 2006. www.rodolfonaro.com<\/div>\n\n\t\t\t  <div \n\t\t\t  \tclass = \"fb-comments\" \n\t\t\t  \tdata-href = \"http:\/\/www.eloriente.net\/home\/2012\/09\/06\/cables\/\"\n\t\t\t  \tdata-numposts = \"10\"\n\t\t\t\tdata-colorscheme = \"dark\"\n\t\t\t\tdata-order-by = \"social\"\n\t\t\t\tdata-mobile=true>\n\t\t\t  <\/div>\n\t\t  <style>\n\t\t\t.fb_iframe_widget_fluid_desktop iframe {\n\t\t\t    width: 100% !important;\n\t\t\t}\n\t\t  <\/style>\n\t\t  ","protected":false},"excerpt":{"rendered":"<p>Por: Rodolfo Nar\u00f3 Recuerdo el tel\u00e9fono en la habitaci\u00f3n de mis padres. Un Ericsson color crema con disco para marcar, ten\u00eda seis o siete metros de cable que siempre deb\u00eda estar como una cascabel, enrollado al pie del bur\u00f3, pero la mayor\u00eda de las veces serpenteaba detr\u00e1s de mi madre, que caminaba al hablar, tan [&hellip;]<\/p>\n","protected":false},"author":4,"featured_media":2694,"comment_status":"open","ping_status":"open","sticky":false,"template":"","format":"standard","meta":{"_jetpack_memberships_contains_paid_content":false,"footnotes":""},"categories":[32,10,40],"tags":[],"class_list":["post-2693","post","type-post","status-publish","format-standard","has-post-thumbnail","hentry","category-entradas","category-lo-mas-reciente","category-rodolfo-naro"],"jetpack_featured_media_url":"http:\/\/www.eloriente.net\/home\/wp-content\/uploads\/2012\/09\/cables.jpeg","jetpack_sharing_enabled":true,"_links":{"self":[{"href":"http:\/\/www.eloriente.net\/home\/wp-json\/wp\/v2\/posts\/2693"}],"collection":[{"href":"http:\/\/www.eloriente.net\/home\/wp-json\/wp\/v2\/posts"}],"about":[{"href":"http:\/\/www.eloriente.net\/home\/wp-json\/wp\/v2\/types\/post"}],"author":[{"embeddable":true,"href":"http:\/\/www.eloriente.net\/home\/wp-json\/wp\/v2\/users\/4"}],"replies":[{"embeddable":true,"href":"http:\/\/www.eloriente.net\/home\/wp-json\/wp\/v2\/comments?post=2693"}],"version-history":[{"count":1,"href":"http:\/\/www.eloriente.net\/home\/wp-json\/wp\/v2\/posts\/2693\/revisions"}],"predecessor-version":[{"id":2695,"href":"http:\/\/www.eloriente.net\/home\/wp-json\/wp\/v2\/posts\/2693\/revisions\/2695"}],"wp:featuredmedia":[{"embeddable":true,"href":"http:\/\/www.eloriente.net\/home\/wp-json\/wp\/v2\/media\/2694"}],"wp:attachment":[{"href":"http:\/\/www.eloriente.net\/home\/wp-json\/wp\/v2\/media?parent=2693"}],"wp:term":[{"taxonomy":"category","embeddable":true,"href":"http:\/\/www.eloriente.net\/home\/wp-json\/wp\/v2\/categories?post=2693"},{"taxonomy":"post_tag","embeddable":true,"href":"http:\/\/www.eloriente.net\/home\/wp-json\/wp\/v2\/tags?post=2693"}],"curies":[{"name":"wp","href":"https:\/\/api.w.org\/{rel}","templated":true}]}}