{"id":26959,"date":"2014-05-31T10:17:29","date_gmt":"2014-05-31T16:17:29","guid":{"rendered":"http:\/\/www.eloriente.net\/home\/?p=26959"},"modified":"2014-05-31T10:17:29","modified_gmt":"2014-05-31T16:17:29","slug":"consulta-aqui-calendario-de-partidos-brasil-2014-sabadomundialista","status":"publish","type":"post","link":"http:\/\/www.eloriente.net\/home\/2014\/05\/31\/consulta-aqui-calendario-de-partidos-brasil-2014-sabadomundialista\/","title":{"rendered":"Consulta aqu\u00ed calendario de partidos, Brasil 2014 #S\u00e1badoMundialista"},"content":{"rendered":"<p>eloriente.net<\/p>\n<p>31\/mayo\/2014<\/p>\n<p>Estamos a 12 d\u00edas del inicio de la edici\u00f3n XX de uno de los eventos internacionales m\u00e1s esperados, la Copa Mundial de F\u00fatbol Brasil 2014, luego de cuatro a\u00f1os desde la \u00faltima competici\u00f3n en Sud\u00e1frica 2010, donde result\u00f3 triunfador la escuadra de Espa\u00f1a y como subcampe\u00f3n el equipo de Pa\u00edses Bajos.<\/p>\n<p>\u00bfQui\u00e9n es tu favorito para este 2014? \u00bfHasta d\u00f3nde llegar\u00e1 la selecci\u00f3n de M\u00e9xico? Te invitamos a seguir la cobertura del mundial a trav\u00e9s de ELORIENTE.NET.<\/p>\n<p>Por lo pronto, te compartimos el calendario de partidos en fase de grupos, programados para las dos primeras semanas del torneo. Las horas se\u00f1aladas corresponden a tiempo de M\u00e9xico.<\/p>\n<p><strong>Jueves 12 de junio<\/strong><\/p>\n<p>15:00 horas: Brasil vs. Croacia<br \/>\nGrupo A. Arena de\u00a0S\u00e3o Paulo,\u00a0S\u00e3o Paulo<\/p>\n<p><strong>Viernes 13 de junio<\/strong><\/p>\n<p>11:00 horas: M\u00e9xico vs. Camer\u00fan<br \/>\nGrupo A. Das Dunas, Natal<\/p>\n<p>14:00 horas: Espa\u00f1a vs. Pa\u00edses Bajos<br \/>\nGrupo B. Arena Fonte Nova, Salvador<\/p>\n<p>17:00 horas: Chile vs. Australia<br \/>\nGrupo B. Arena Pantanal, Cuiab\u00e1<\/p>\n<p><strong>S\u00e1bado 14 de junio<\/strong><\/p>\n<p>11:00 horas: Colombia vs. Grecia<br \/>\nGrupo C.\u00a0Mineir\u00e3o, Belo Horizonte<\/p>\n<p>14:00 horas: Uruguay vs. Costa Rica<br \/>\nGrupo D.\u00a0Castel\u00e3o, Fortaleza<\/p>\n<p>17:00 horas: Inglaterra vs. Italia<br \/>\nGrupo D.\u00a0Arena Amaz\u00f4nia, Manaos<\/p>\n<p>20:00 horas: Costa de Marfil vs. Jap\u00f3n<br \/>\nGrupo C.\u00a0Arena Pernambuco, Recife<\/p>\n<p><strong>Domingo 15 de junio<\/strong><\/p>\n<p>11:0o horas: Suiza vs. Ecuador<br \/>\nGrupo E. Nacional, Brasilia<\/p>\n<p>14:00 horas: Francia vs. Honduras<br \/>\nGrupo E. Beira-Rio, Brasilia<\/p>\n<p>17:00: Argentina vs. Bosnia y Herzegovina<br \/>\nGrupo F. Estadio Maracan\u00e1, R\u00edo de Janeiro<\/p>\n<p><strong>Lunes 16 de junio<\/strong><\/p>\n<p>11:00 horas: Alemania vs. Portugal<br \/>\nGrupo G. Arena Fonte Nova, Salvador<\/p>\n<p>14:00 horas: Ir\u00e1n vs. Nigeria<br \/>\nGrupo F. Arena da Baixada, Curitiba<\/p>\n<p>17:00 horas: Ghana vs. Estados Unidos<br \/>\nGrupo G. Estadio das Dunas, Natal<\/p>\n<p><strong>Martes 17 de junio<\/strong><\/p>\n<p>11:00 horas: B\u00e9lgica vs. Argelia<br \/>\nGrupo H.\u00a0Mineir\u00e3o, Belo Horizonte<\/p>\n<p>14:00 horas: Brasil vs. M\u00e9xico<br \/>\nGrupo A.\u00a0Castel\u00e3o, Fortaleza<\/p>\n<p>17:00 horas: Rusia vs. Rep\u00fablica de Corea<br \/>\nGrupo H. Arena Pantanal, Cuiab\u00e1<\/p>\n<p><strong>Mi\u00e9rcoles 18 de junio<\/strong><\/p>\n<p>11:00 horas: Australia vs. Pa\u00edses Bajos<br \/>\nGrupo B. Beria-Rio, Porto Alegre<\/p>\n<p>14:00 horas: Espa\u00f1a vs. Chile<br \/>\nGrupo B. Maracan\u00e1, R\u00edo de Janeiro<\/p>\n<p>17:00 horas: Camer\u00fan vs. Croacia<br \/>\nGrupo A.\u00a0Arena Amaz\u00f4nia, Manaos<\/p>\n<p><strong>Jueves 19 de junio<\/strong><\/p>\n<p>11:00 horas: Colombia vs. Costa de Marfil<br \/>\nGrupo C. Nacional, Brasilia<\/p>\n<p>14:00 horas: Uruguay vs. Inglaterra<br \/>\nGrupo D.\u00a0Arena de\u00a0S\u00e3o Paulo,\u00a0S\u00e3o Paulo<\/p>\n<p>17:00 horas: Jap\u00f3n vs. Grecia<br \/>\nGrupo C. Das Dunas, Natal<\/p>\n<p><strong>Viernes 20 de junio<\/strong><\/p>\n<p>11:00 horas: Italia vs. Costa Rica<br \/>\nGrupo D. Pernambuco, Recife<\/p>\n<p>14:00 horas: Suiza vs. Francia<br \/>\nGrupo E. Arena Fonte Nova, Salvador<\/p>\n<p>17:00 horas: Honduras vs. Ecuador<br \/>\nGrupo E. Arena da Baixada, Curitiba<\/p>\n<p><strong>S\u00e1bado 21 de junio<\/strong><\/p>\n<p>11:00 horas: Argentina vs. Ir\u00e1n<br \/>\nGrupo F.\u00a0Mineir\u00e3o, Belo Horizonte<\/p>\n<p>14:00 horas: Alemania vs. Ghana<br \/>\nGrupo G.\u00a0Castel\u00e3o, Fortaleza<\/p>\n<p>17:00 horas: Nigeria vs. Bosnia y Herzegovina<br \/>\nGrupo F. Arena Pantanal, Cuiab\u00e1<\/p>\n<p><strong>Domingo 22 de junio<\/strong><\/p>\n<p>11:00 horas: B\u00e9lgica vs. Rusia<br \/>\nGrupo H. Maracan\u00e1, R\u00edo de Janeiro<\/p>\n<p>14:00 horas: Rep\u00fablica de Corea vs. Argelia<br \/>\nGrupo H. Beira-Rio, Porto Alegre<\/p>\n<p>17:00 horas: Estados Unidos vs. Portugal<br \/>\nGrupo G.\u00a0Arena Amaz\u00f4nia, Manaos<\/p>\n<p><strong>Lunes 23 de junio\u00a0<\/strong><\/p>\n<p>11:00 horas: Pa\u00edses Bajos vs. Chile<br \/>\nGrupo B. Arena de\u00a0S\u00e3o Paulo,\u00a0S\u00e3o Paulo<\/p>\n<p>11:00 horas: Australia vs. Espa\u00f1a<br \/>\nGrupo B. Arena da Baixada, Brasilia<\/p>\n<p>15:00 horas: Camer\u00fan vs. Brasil<br \/>\nGrupo A. Nacional, Brasilia<\/p>\n<p>15:00 horas: Croacia vs. M\u00e9xico<br \/>\nGrupo A. Arena Pernambuco, Recife<\/p>\n<p><strong>Martes 24 de junio<\/strong><\/p>\n<p>11:00 horas: Italia vs. Uruguay<br \/>\nGrupo D. Das Dunas, Natal<\/p>\n<p>11:00 horas: Costa Rica vs. Inglaterra<br \/>\nGrupo D. Mineir\u00e3o, Belo Horizonte<\/p>\n<p>15:00 horas: Jap\u00f3n vs. Colombia<br \/>\nGrupo C. Arena Pantanal, Cuiab\u00e1<\/p>\n<p>15:00 horas: Grecia vs. Costa de Marfil<br \/>\nGrupo C. Castel\u00e3o, Fortaleza<\/p>\n<p><strong>Mi\u00e9rcoles 25 de junio<\/strong><\/p>\n<p>11:00 horas: Nigeria vs. Argentina<br \/>\nGrupo F. Beira-Rio, Porto Alegre<\/p>\n<p>11:00 horas: Bosnia y Herzegovina vs. Ir\u00e1n<br \/>\nGrupo F. Arena Fonte Nova, Salvador<\/p>\n<p>15:00 horas: Honduras vs. Suiza<br \/>\nGrupo E. Arena Amaz\u00f4nia, Manaos<\/p>\n<p>15:00 horas: Ecuador vs. Francia<br \/>\nGrupo E. Maracan\u00e1, R\u00edo de Janeiro<\/p>\n<p><strong>Jueves 26 de junio<\/strong><\/p>\n<p>11:00 horas: Portugal vs. Ghana<br \/>\nGrupo G. Nacional, Brasilia<\/p>\n<p>11:00 horas: Estados Unidos vs. Alemania<br \/>\nGrupo G. Arena Pernambuco, Recife<\/p>\n<p>15:00 horas: Rep\u00fablica de Corea vs. B\u00e9lgica<br \/>\nGrupo H.\u00a0Arena de\u00a0S\u00e3o Paulo,\u00a0S\u00e3o Paulo<\/p>\n<p>15:00 horas: Argelia vs. Rusia<br \/>\nGrupo H. Arena da Baixada, Curitiba<\/p>\n<p>&nbsp;<\/p>\n<p><a href=\"http:\/\/www.eloriente.net\/home\/wp-content\/uploads\/2014\/05\/Collage-Copa-Mundial-Por-FIFA.jpg\"><img loading=\"lazy\" decoding=\"async\" class=\"alignnone  wp-image-26960\" title=\"Collage Copa Mundial-Por FIFA\" src=\"http:\/\/www.eloriente.net\/home\/wp-content\/uploads\/2014\/05\/Collage-Copa-Mundial-Por-FIFA-1024x379.jpg\" alt=\"\" width=\"491\" height=\"182\" srcset=\"http:\/\/www.eloriente.net\/home\/wp-content\/uploads\/2014\/05\/Collage-Copa-Mundial-Por-FIFA-1024x379.jpg 1024w, http:\/\/www.eloriente.net\/home\/wp-content\/uploads\/2014\/05\/Collage-Copa-Mundial-Por-FIFA-300x111.jpg 300w, http:\/\/www.eloriente.net\/home\/wp-content\/uploads\/2014\/05\/Collage-Copa-Mundial-Por-FIFA.jpg 1702w\" sizes=\"(max-width: 491px) 100vw, 491px\" \/><\/a><\/p>\n<p>Imagen: FIFA<\/p>\n<p>&nbsp;<\/p>\n<p><strong>Entradas relacionadas:<\/strong><\/p>\n<p><a title=\"Permalink to Historias curiosas de camisetas mundialistas\" href=\"http:\/\/www.eloriente.net\/home\/2014\/05\/24\/historias-curiosas-de-camisetas-mundialistas\/\" rel=\"bookmark\">Historias curiosas de camisetas mundialistas<\/a><\/p>\n<p><a href=\"http:\/\/www.eloriente.net\/home\/2014\/05\/24\/historias-curiosas-de-camisetas-mundialistas\/\" rel=\"bookmark\"><img decoding=\"async\" title=\"Historias curiosas de camisetas mundialistas\" src=\"http:\/\/www.eloriente.net\/home\/wp-content\/themes\/city-desk\/timthumb.php?src=http%3A%2F%2Fwww.eloriente.net%2Fhome%2Fwp-content%2Fuploads%2F2014%2F05%2FMundial-Por-FIFA.jpg&amp;q=90&amp;w=160&amp;h=106&amp;zc=1\" alt=\"Historias curiosas de camisetas mundialistas\" \/><\/a><\/p>\n<p>eloriente.net\/FIFA 24 de mayo de 2014 Uno de los cl\u00e1sicos de la Copa Mundial de la FIFA es la expectativa de c\u00f3mo ser\u00e1n las camisetas de los seleccionados participantes. Pero antes de que la confecci\u00f3n estuviese estudiada al mil\u00edmetro, se produjeron historias tan curiosas como maravillosa, la FIFA\u00a0te las recuerda. Lo que mata es la [&#8230;]<\/p>\n<p>May 24, 2014<\/p>\n<div id=\"post-26273\">\n<p><a title=\"Permalink to \u00bfM\u00e9xico a octavos de final? Un art\u00edculo de Alfredo Woolrich\" href=\"http:\/\/www.eloriente.net\/home\/2014\/05\/24\/mexico-a-octavos-de-final-un-articulo-de-alfredo-woolrich\/\" rel=\"bookmark\">\u00bfM\u00e9xico a octavos de final? Un art\u00edculo de Alfredo Woolrich<\/a><\/p>\n<p><a href=\"http:\/\/www.eloriente.net\/home\/2014\/05\/24\/mexico-a-octavos-de-final-un-articulo-de-alfredo-woolrich\/\" rel=\"bookmark\"><img decoding=\"async\" title=\"\u00bfM\u00e9xico a octavos de final? Un art\u00edculo de Alfredo Woolrich\" src=\"http:\/\/www.eloriente.net\/home\/wp-content\/themes\/city-desk\/timthumb.php?src=http%3A%2F%2Fwww.eloriente.net%2Fhome%2Fwp-content%2Fuploads%2F2014%2F05%2FSelecci%C3%B3n-f%C3%BAtbol-Por-Francisco-Carbajal.jpg&amp;q=90&amp;w=160&amp;h=106&amp;zc=1\" alt=\"\u00bfM\u00e9xico a octavos de final? Un art\u00edculo de Alfredo Woolrich\" \/><\/a><\/p>\n<p>eloriente.net 24 de mayo de 2014 Por:\u00a0Alfredo Woolrich La cantidad de factores a considerar para que M\u00e9xico avance a los octavos de final de la Copa del Mundo de 2014 es tan extensa como impredecible. Podemos apelar al momento actual de la selecci\u00f3n y de sus rivales, o hacer la evaluaci\u00f3n individual de cada uno [&#8230;]<\/p>\n<p>May 24, 2014<\/p>\n<p><a title=\"Permalink to Consulta aqu\u00ed listas preliminares de jugadores de la Copa Mundial, Brasil 2014\" href=\"http:\/\/www.eloriente.net\/home\/2014\/05\/17\/consulta-aqui-listas-preliminares-de-jugadores-de-la-copa-mundial-brasil-2014\/\" rel=\"bookmark\">Consulta aqu\u00ed listas preliminares de jugadores de la Copa Mundial, Brasil 2014<\/a><\/p>\n<p><a href=\"http:\/\/www.eloriente.net\/home\/2014\/05\/17\/consulta-aqui-listas-preliminares-de-jugadores-de-la-copa-mundial-brasil-2014\/\" rel=\"bookmark\"><img decoding=\"async\" title=\"Consulta aqu\u00ed listas preliminares de jugadores de la Copa Mundial, Brasil 2014\" src=\"http:\/\/www.eloriente.net\/home\/wp-content\/themes\/city-desk\/timthumb.php?src=http%3A%2F%2Fwww.eloriente.net%2Fhome%2Fwp-content%2Fuploads%2F2014%2F05%2FMessi-Por-FIFAAFP.jpg&amp;q=90&amp;w=160&amp;h=106&amp;zc=1\" alt=\"Consulta aqu\u00ed listas preliminares de jugadores de la Copa Mundial, Brasil 2014\" \/><\/a><\/p>\n<p>eloriente.net 17 de mayo de 2014 Recientemente, la FIFA hizo p\u00fablico las listas preliminares oficiales de los 30 jugadores de cada una de las 32 selecciones que participar\u00e1n en la Copa Mundial de f\u00fatbol, Brasil 2014, de los cuales cada director t\u00e9cnico elegir\u00e1 a sus 23 titulares para saltar a la cancha a partir del [&#8230;]<\/p>\n<p>May 17, 2014<\/p>\n<\/div>\n\n\t\t\t  <div \n\t\t\t  \tclass = \"fb-comments\" \n\t\t\t  \tdata-href = \"http:\/\/www.eloriente.net\/home\/2014\/05\/31\/consulta-aqui-calendario-de-partidos-brasil-2014-sabadomundialista\/\"\n\t\t\t  \tdata-numposts = \"10\"\n\t\t\t\tdata-colorscheme = \"dark\"\n\t\t\t\tdata-order-by = \"social\"\n\t\t\t\tdata-mobile=true>\n\t\t\t  <\/div>\n\t\t  <style>\n\t\t\t.fb_iframe_widget_fluid_desktop iframe {\n\t\t\t    width: 100% !important;\n\t\t\t}\n\t\t  <\/style>\n\t\t  ","protected":false},"excerpt":{"rendered":"<p>eloriente.net 31\/mayo\/2014 Estamos a 12 d\u00edas del inicio de la edici\u00f3n XX de uno de los eventos internacionales m\u00e1s esperados, la Copa Mundial de F\u00fatbol Brasil 2014, luego de cuatro a\u00f1os desde la \u00faltima competici\u00f3n en Sud\u00e1frica 2010, donde result\u00f3 triunfador la escuadra de Espa\u00f1a y como subcampe\u00f3n el equipo de Pa\u00edses Bajos. \u00bfQui\u00e9n es [&hellip;]<\/p>\n","protected":false},"author":26,"featured_media":26960,"comment_status":"open","ping_status":"open","sticky":false,"template":"","format":"standard","meta":{"_jetpack_memberships_contains_paid_content":false,"footnotes":""},"categories":[245,15,32,10,24,31],"tags":[1324,1088,1503,1502,1092,266,776],"class_list":["post-26959","post","type-post","status-publish","format-standard","has-post-thumbnail","hentry","category-brasil-2014","category-deportes","category-entradas","category-lo-mas-reciente","category-mexico-y-el-mundo","category-principal","tag-brasil-2014-2","tag-copa-mundial","tag-eliminatorias","tag-fase-de-grupos","tag-fifa","tag-futbol","tag-partidos"],"jetpack_featured_media_url":"http:\/\/www.eloriente.net\/home\/wp-content\/uploads\/2014\/05\/Collage-Copa-Mundial-Por-FIFA.jpg","jetpack_sharing_enabled":true,"_links":{"self":[{"href":"http:\/\/www.eloriente.net\/home\/wp-json\/wp\/v2\/posts\/26959"}],"collection":[{"href":"http:\/\/www.eloriente.net\/home\/wp-json\/wp\/v2\/posts"}],"about":[{"href":"http:\/\/www.eloriente.net\/home\/wp-json\/wp\/v2\/types\/post"}],"author":[{"embeddable":true,"href":"http:\/\/www.eloriente.net\/home\/wp-json\/wp\/v2\/users\/26"}],"replies":[{"embeddable":true,"href":"http:\/\/www.eloriente.net\/home\/wp-json\/wp\/v2\/comments?post=26959"}],"version-history":[{"count":13,"href":"http:\/\/www.eloriente.net\/home\/wp-json\/wp\/v2\/posts\/26959\/revisions"}],"predecessor-version":[{"id":26973,"href":"http:\/\/www.eloriente.net\/home\/wp-json\/wp\/v2\/posts\/26959\/revisions\/26973"}],"wp:featuredmedia":[{"embeddable":true,"href":"http:\/\/www.eloriente.net\/home\/wp-json\/wp\/v2\/media\/26960"}],"wp:attachment":[{"href":"http:\/\/www.eloriente.net\/home\/wp-json\/wp\/v2\/media?parent=26959"}],"wp:term":[{"taxonomy":"category","embeddable":true,"href":"http:\/\/www.eloriente.net\/home\/wp-json\/wp\/v2\/categories?post=26959"},{"taxonomy":"post_tag","embeddable":true,"href":"http:\/\/www.eloriente.net\/home\/wp-json\/wp\/v2\/tags?post=26959"}],"curies":[{"name":"wp","href":"https:\/\/api.w.org\/{rel}","templated":true}]}}