{"id":26974,"date":"2014-05-31T09:30:13","date_gmt":"2014-05-31T15:30:13","guid":{"rendered":"http:\/\/www.eloriente.net\/home\/?p=26974"},"modified":"2014-05-31T11:31:57","modified_gmt":"2014-05-31T17:31:57","slug":"sera-intenso-partido-contra-ecuador-miguel-herrera-sabadomundialista","status":"publish","type":"post","link":"http:\/\/www.eloriente.net\/home\/2014\/05\/31\/sera-intenso-partido-contra-ecuador-miguel-herrera-sabadomundialista\/","title":{"rendered":"Ser\u00e1 intenso, partido contra Ecuador: Miguel Herrera #S\u00e1badoMundialista"},"content":{"rendered":"<p>eloriente.net<\/p>\n<p>31\/mayo\/2014<\/p>\n<p><strong>En punto de las 14:00 horas inicia partido M\u00e9xico vs. Ecuador.<\/strong><\/p>\n<p>A unas horas de que la selecci\u00f3n mexicana de f\u00fatbol se enfrente ante el equipo de Ecuador en Dallas, Texas, el director t\u00e9cnico Miguel \u00abEl piojo\u00bb Herrera calific\u00f3 como intenso el partido amistoso de esta tarde. Asegur\u00f3 que Ecuador ser\u00e1 muy buen sinodal.<\/p>\n<p>En conferencia de prensa, luego de concluir ayer con los entrenamientos del tricolor en el estadio\u00a0AT&amp;T, Miguel Herrara se\u00f1al\u00f3 que este tercer partido de preparaci\u00f3n ser\u00e1 tomado con mucha seriedad, ya que Ecuador cuenta con muy buenos jugadores, expres\u00f3: -\u00a1no nos podemos relajar!<\/p>\n<p>\u00abConocemos a muchos de los ecuatorianos, pero tenemos que esperar a ver que escuadra saca el t\u00e9cnico, hay que estar atentos a eso\u00bb, afirm\u00f3 Miguel Herrera.<\/p>\n<p>Adem\u00e1s, sostuvo que M\u00e9xico podr\u00e1 especial \u00e9nfasis en la velocidad que tiene el cuadro ecuatoriano, \u00abson jugadores muy veloces y t\u00e9cnicamente bien dotados; no dejarles mucho espacio en nuestras espaldas para que puedan demostrar su rapidez\u00bb<\/p>\n<p>\u00abHoy ya todo el \u00e1nimo de la selecci\u00f3n es estar en la Copa del Mundo, es hacer f\u00fatbol contra un equipo importante como lo es Ecuador, que est\u00e1 calificado a Brasil y que adem\u00e1s venimos al estadio m\u00e1s bonito del mundo, te motiva enfrentar estos partidos\u201d, a\u00f1adi\u00f3.<\/p>\n<p>Miguel Herrera revel\u00f3 que estos juegos de preparaci\u00f3n previos a la Copa Mundial Brasil 2014 han sido los m\u00e1s exigentes: \u00abtratamos de salir a ganarlos, pero lo que realmente importa es el funcionamiento\u00bb.<\/p>\n<p>Finalmente, el entrenador mexicano declar\u00f3 que el tricolar saltar\u00e1 a la cancha esta tarde con la siguiente alineaci\u00f3n: Guillermo Ochoa, Rafael M\u00e1rquez, Francisco Javier Rodr\u00edguez, H\u00e9ctor Moreno, Andr\u00e9s Guardado, Paul Aguilar, H\u00e9ctor Herrera, Carlos Pe\u00f1a, Luis Montes, Giovani Dos Santos y Oribe Peralta.<\/p>\n<p><em>Con informaci\u00f3n de la\u00a0<a href=\"http:\/\/www.femexfut.org.mx\/\" target=\"_blank\">Federaci\u00f3n Mexicana de F\u00fatbol.<\/a>\u00a0<\/em><\/p>\n<p>&nbsp;<\/p>\n<p><a href=\"http:\/\/www.eloriente.net\/home\/wp-content\/uploads\/2014\/05\/F\u00fatbol-M\u00e9xico-Por-femexfut.jpg\"><img loading=\"lazy\" decoding=\"async\" class=\"alignnone size-medium wp-image-26981\" title=\"F\u00fatbol M\u00e9xico-Por femexfut\" src=\"http:\/\/www.eloriente.net\/home\/wp-content\/uploads\/2014\/05\/F\u00fatbol-M\u00e9xico-Por-femexfut-300x200.jpg\" alt=\"\" width=\"300\" height=\"200\" srcset=\"http:\/\/www.eloriente.net\/home\/wp-content\/uploads\/2014\/05\/F\u00fatbol-M\u00e9xico-Por-femexfut-300x200.jpg 300w, http:\/\/www.eloriente.net\/home\/wp-content\/uploads\/2014\/05\/F\u00fatbol-M\u00e9xico-Por-femexfut.jpg 600w\" sizes=\"(max-width: 300px) 100vw, 300px\" \/><\/a><\/p>\n<p>Foto: Femexfut<\/p>\n<p>&nbsp;<\/p>\n<p><strong>Entradas relacionadas:<\/strong><\/p>\n<p><a title=\"Permalink to Consulta aqu\u00ed calendario de partidos, Brasil 2014 #S\u00e1badoMundialista\" href=\"http:\/\/www.eloriente.net\/home\/2014\/05\/31\/consulta-aqui-calendario-de-partidos-brasil-2014-sabadomundialista\/\" rel=\"bookmark\">Consulta aqu\u00ed calendario de partidos, Brasil 2014 #S\u00e1badoMundialista<\/a><\/p>\n<p><a href=\"http:\/\/www.eloriente.net\/home\/2014\/05\/31\/consulta-aqui-calendario-de-partidos-brasil-2014-sabadomundialista\/\" rel=\"bookmark\"><img decoding=\"async\" title=\"Consulta aqu\u00ed calendario de partidos, Brasil 2014 #S\u00e1badoMundialista\" src=\"http:\/\/www.eloriente.net\/home\/wp-content\/themes\/city-desk\/timthumb.php?src=http%3A%2F%2Fwww.eloriente.net%2Fhome%2Fwp-content%2Fuploads%2F2014%2F05%2FCollage-Copa-Mundial-Por-FIFA.jpg&amp;q=90&amp;w=160&amp;h=106&amp;zc=1\" alt=\"Consulta aqu\u00ed calendario de partidos, Brasil 2014 #S\u00e1badoMundialista\" \/><\/a><\/p>\n<p>eloriente.net 31\/mayo\/2014 Estamos a 12 d\u00edas del inicio de la edici\u00f3n XX de uno de los eventos internacionales m\u00e1s esperados, la Copa Mundial de F\u00fatbol Brasil 2014, luego de cuatro a\u00f1os desde la \u00faltima competici\u00f3n en Sud\u00e1frica 2010, donde result\u00f3 triunfador la escuadra de Espa\u00f1a y como subcampe\u00f3n el equipo de Pa\u00edses Bajos. \u00bfQui\u00e9n es [&#8230;]<\/p>\n<p>May 31, 2014<\/p>\n<p><a title=\"Permalink to Historias curiosas de camisetas mundialistas\" href=\"http:\/\/www.eloriente.net\/home\/2014\/05\/24\/historias-curiosas-de-camisetas-mundialistas\/\" rel=\"bookmark\">Historias curiosas de camisetas mundialistas<\/a><\/p>\n<p><a href=\"http:\/\/www.eloriente.net\/home\/2014\/05\/24\/historias-curiosas-de-camisetas-mundialistas\/\" rel=\"bookmark\"><img decoding=\"async\" title=\"Historias curiosas de camisetas mundialistas\" src=\"http:\/\/www.eloriente.net\/home\/wp-content\/themes\/city-desk\/timthumb.php?src=http%3A%2F%2Fwww.eloriente.net%2Fhome%2Fwp-content%2Fuploads%2F2014%2F05%2FMundial-Por-FIFA.jpg&amp;q=90&amp;w=160&amp;h=106&amp;zc=1\" alt=\"Historias curiosas de camisetas mundialistas\" \/><\/a><\/p>\n<p>eloriente.net\/FIFA 24 de mayo de 2014 Uno de los cl\u00e1sicos de la Copa Mundial de la FIFA es la expectativa de c\u00f3mo ser\u00e1n las camisetas de los seleccionados participantes. Pero antes de que la confecci\u00f3n estuviese estudiada al mil\u00edmetro, se produjeron historias tan curiosas como maravillosa, la FIFA\u00a0te las recuerda. Lo que mata es la [&#8230;]<\/p>\n<p>May 24, 2014<\/p>\n<div id=\"post-26273\">\n<p><a title=\"Permalink to \u00bfM\u00e9xico a octavos de final? Un art\u00edculo de Alfredo Woolrich\" href=\"http:\/\/www.eloriente.net\/home\/2014\/05\/24\/mexico-a-octavos-de-final-un-articulo-de-alfredo-woolrich\/\" rel=\"bookmark\">\u00bfM\u00e9xico a octavos de final? Un art\u00edculo de Alfredo Woolrich<\/a><\/p>\n<p><a href=\"http:\/\/www.eloriente.net\/home\/2014\/05\/24\/mexico-a-octavos-de-final-un-articulo-de-alfredo-woolrich\/\" rel=\"bookmark\"><img decoding=\"async\" title=\"\u00bfM\u00e9xico a octavos de final? Un art\u00edculo de Alfredo Woolrich\" src=\"http:\/\/www.eloriente.net\/home\/wp-content\/themes\/city-desk\/timthumb.php?src=http%3A%2F%2Fwww.eloriente.net%2Fhome%2Fwp-content%2Fuploads%2F2014%2F05%2FSelecci%C3%B3n-f%C3%BAtbol-Por-Francisco-Carbajal.jpg&amp;q=90&amp;w=160&amp;h=106&amp;zc=1\" alt=\"\u00bfM\u00e9xico a octavos de final? Un art\u00edculo de Alfredo Woolrich\" \/><\/a><\/p>\n<p>eloriente.net 24 de mayo de 2014 Por:\u00a0Alfredo Woolrich La cantidad de factores a considerar para que M\u00e9xico avance a los octavos de final de la Copa del Mundo de 2014 es tan extensa como impredecible. Podemos apelar al momento actual de la selecci\u00f3n y de sus rivales, o hacer la evaluaci\u00f3n individual de cada uno [&#8230;]<\/p>\n<p>May 24, 2014<\/p>\n<\/div>\n\n\t\t\t  <div \n\t\t\t  \tclass = \"fb-comments\" \n\t\t\t  \tdata-href = \"http:\/\/www.eloriente.net\/home\/2014\/05\/31\/sera-intenso-partido-contra-ecuador-miguel-herrera-sabadomundialista\/\"\n\t\t\t  \tdata-numposts = \"10\"\n\t\t\t\tdata-colorscheme = \"dark\"\n\t\t\t\tdata-order-by = \"social\"\n\t\t\t\tdata-mobile=true>\n\t\t\t  <\/div>\n\t\t  <style>\n\t\t\t.fb_iframe_widget_fluid_desktop iframe {\n\t\t\t    width: 100% !important;\n\t\t\t}\n\t\t  <\/style>\n\t\t  ","protected":false},"excerpt":{"rendered":"<p>eloriente.net 31\/mayo\/2014 En punto de las 14:00 horas inicia partido M\u00e9xico vs. Ecuador. A unas horas de que la selecci\u00f3n mexicana de f\u00fatbol se enfrente ante el equipo de Ecuador en Dallas, Texas, el director t\u00e9cnico Miguel \u00abEl piojo\u00bb Herrera calific\u00f3 como intenso el partido amistoso de esta tarde. Asegur\u00f3 que Ecuador ser\u00e1 muy buen [&hellip;]<\/p>\n","protected":false},"author":26,"featured_media":26981,"comment_status":"open","ping_status":"open","sticky":false,"template":"","format":"standard","meta":{"_jetpack_memberships_contains_paid_content":false,"footnotes":""},"categories":[245,15,32,10,24],"tags":[1506,1505,266,141,270,269,1504],"class_list":["post-26974","post","type-post","status-publish","format-standard","has-post-thumbnail","hentry","category-brasil-2014","category-deportes","category-entradas","category-lo-mas-reciente","category-mexico-y-el-mundo","tag-dallas","tag-ecuador","tag-futbol","tag-mexico","tag-miguel-herrera","tag-seleccion","tag-tricolor"],"jetpack_featured_media_url":"http:\/\/www.eloriente.net\/home\/wp-content\/uploads\/2014\/05\/F\u00fatbol-M\u00e9xico-Por-femexfut.jpg","jetpack_sharing_enabled":true,"_links":{"self":[{"href":"http:\/\/www.eloriente.net\/home\/wp-json\/wp\/v2\/posts\/26974"}],"collection":[{"href":"http:\/\/www.eloriente.net\/home\/wp-json\/wp\/v2\/posts"}],"about":[{"href":"http:\/\/www.eloriente.net\/home\/wp-json\/wp\/v2\/types\/post"}],"author":[{"embeddable":true,"href":"http:\/\/www.eloriente.net\/home\/wp-json\/wp\/v2\/users\/26"}],"replies":[{"embeddable":true,"href":"http:\/\/www.eloriente.net\/home\/wp-json\/wp\/v2\/comments?post=26974"}],"version-history":[{"count":17,"href":"http:\/\/www.eloriente.net\/home\/wp-json\/wp\/v2\/posts\/26974\/revisions"}],"predecessor-version":[{"id":26991,"href":"http:\/\/www.eloriente.net\/home\/wp-json\/wp\/v2\/posts\/26974\/revisions\/26991"}],"wp:featuredmedia":[{"embeddable":true,"href":"http:\/\/www.eloriente.net\/home\/wp-json\/wp\/v2\/media\/26981"}],"wp:attachment":[{"href":"http:\/\/www.eloriente.net\/home\/wp-json\/wp\/v2\/media?parent=26974"}],"wp:term":[{"taxonomy":"category","embeddable":true,"href":"http:\/\/www.eloriente.net\/home\/wp-json\/wp\/v2\/categories?post=26974"},{"taxonomy":"post_tag","embeddable":true,"href":"http:\/\/www.eloriente.net\/home\/wp-json\/wp\/v2\/tags?post=26974"}],"curies":[{"name":"wp","href":"https:\/\/api.w.org\/{rel}","templated":true}]}}