{"id":27005,"date":"2014-05-31T12:14:21","date_gmt":"2014-05-31T18:14:21","guid":{"rendered":"http:\/\/www.eloriente.net\/home\/?p=27005"},"modified":"2014-05-31T12:14:21","modified_gmt":"2014-05-31T18:14:21","slug":"inconstitucional-exigir-5-de-padron-para-candidaturas-independientes","status":"publish","type":"post","link":"http:\/\/www.eloriente.net\/home\/2014\/05\/31\/inconstitucional-exigir-5-de-padron-para-candidaturas-independientes\/","title":{"rendered":"Inconstitucional exigir 5% de Padr\u00f3n para candidaturas independientes"},"content":{"rendered":"<p>eloriente.net\/ <a href=\"http:\/\/www.notimex.com.mx\/acciones\/notaComunicado.php?clv=126465\" target=\"_blank\">TEPJF<\/a><\/p>\n<p>31 de mayo de 2014<\/p>\n<p>\u2022 Retoma precedentes de la Corte Interamericana de Derechos Humanos para llegar a esta decisi\u00f3n<\/p>\n<p>\u2022 Tambi\u00e9n concluye que la presentaci\u00f3n de copias de credencial de elector no es una medida id\u00f3nea para acreditar el apoyo de la ciudadan\u00eda<\/p>\n<p>A ra\u00edz de la reforma constitucional que reconoci\u00f3 a las candidaturas independientes, el Congreso de Zacatecas adecu\u00f3 la legislaci\u00f3n electoral local para hacer posible esta v\u00eda de participaci\u00f3n ciudadana. En el proceso electoral local de 2012-2013 se presentaron diversas impugnaciones ante la Sala Regional Monterrey del Tribunal Electoral del Poder Judicial de la Federaci\u00f3n (TEPJF), la cual estableci\u00f3 criterios relevantes, como la inconstitucionalidad de exigir a los independientes un apoyo del 5% del padr\u00f3n electoral.<\/p>\n<p>Al resolver los juicios ciudadanos SM-JDC-481\/2013 y SM-JDC-493\/2013, en su papel de garante de los derechos pol\u00edtico-electorales de la ciudadan\u00eda, la Sala Regional Monterrey tuvo que decidir si algunos de los requisitos que se exig\u00edan para el registro de candidatos independientes resultaban id\u00f3neos, necesarios y proporcionales, esto es, si la restricci\u00f3n al derecho de ser votado se ajustaba a par\u00e1metros constitucionales y convencionales.<\/p>\n<p>Estos dos asuntos fueron promovidos por dos ciudadanos que buscaban ser registrados como candidatos independientes a la Presidencia Municipal de la ciudad de Zacatecas. El Instituto Electoral del Estado de Zacatecas les neg\u00f3 el registro en raz\u00f3n de que no alcanzaron los porcentajes de respaldo establecidos en la ley. Cabe mencionar que antes de acudir a la Sala Regional Monterrey ambos aspirantes impugnaron la decisi\u00f3n en el \u00e1mbito local, pero el Tribunal de Justicia Electoral del Estado de Zacatecas confirm\u00f3 la negativa de registro.<\/p>\n<p>En espec\u00edfico, la Sala Regional Monterrey determin\u00f3 que era contrario a la Constituci\u00f3n solicitar a quienes pretend\u00edan su registro como independientes obtener un apoyo ciudadano equivalente al 5% del padr\u00f3n electoral del lugar donde iban a competir. Asimismo, consider\u00f3 que era inconstitucional el requisito consistente en presentar las copias simples de las credenciales de elector para demostrar el mencionado respaldo.<\/p>\n<p>Al revisar la sentencia del tribunal electoral local, la Sala Regional Monterrey se apoy\u00f3 en la jurisprudencia de la Corte Interamericana de Derechos Humanos, se\u00f1alando que si bien los derechos pol\u00edticos pueden sujetarse a limitaciones, el legislador no goza de una discrecionalidad absoluta al establecerlas. En espec\u00edfico, explic\u00f3 que toda exigencia de que los candidatos cuenten con un m\u00ednimo de partidarios para solicitar su registro debe ser razonable y no constituir un obst\u00e1culo para el acceso a su candidatura.<\/p>\n<p>A partir de ese criterio, la Sala Regional Monterrey estim\u00f3 que, si bien el requisito de acreditar un porcentaje de apoyo ciudadano equivalente al 5% del padr\u00f3n electoral buscaba la participaci\u00f3n de los candidatos independientes en condiciones de competitividad, era desproporcional en comparaci\u00f3n con el n\u00famero apoyos exigido a los partidos pol\u00edticos para distintas cuestiones.<\/p>\n<p>En concreto, la Sala consider\u00f3 que proporcionalmente eran menos los apoyos que se exigen para el registro de partidos pol\u00edticos estatales de nueva creaci\u00f3n (1% del padr\u00f3n electoral, con lo cual se obtienen el derecho a registrar candidaturas), as\u00ed como el necesario para conservarlo y para participar en la asignaci\u00f3n de cargos bajo el principio de representaci\u00f3n proporcional (2.5% de la votaci\u00f3n total efectiva).<\/p>\n<p>En raz\u00f3n de lo anterior, el Pleno de la Sala Regional Monterrey concluy\u00f3 que esta medida inhib\u00eda la posibilidad de que la ciudadan\u00eda contendiera mediante las candidaturas independientes. Sin embargo, los ciudadanos actores en los juicios no pudieron ser registrados por no contar con firmas de apoyo suficientes para alcanzar el m\u00ednimo requerido a los partidos pol\u00edticos para postular candidaturas.<\/p>\n<p>Por otra parte, la Sala Regional Monterrey consider\u00f3 que requerir la presentaci\u00f3n de copias simples de la credencial de elector de los ciudadanos que respaldaran la candidatura independiente no resultaba una medida id\u00f3nea. Ello en raz\u00f3n de que una copia simple no permite verificar si los ciudadanos se encuentran debidamente registrados en el padr\u00f3n electoral, pues las copias podr\u00edan corresponder a credenciales no actualizadas, incluir datos err\u00f3neos o ser falsas.<\/p>\n<p>Asimismo, la Sala sostuvo que hab\u00eda medidas id\u00f3neas que no afectaban el derecho a ser votado y lograban cumplir adecuadamente con el fin pretendido, ya que la informaci\u00f3n recabada en los formatos de apoyo ciudadano bien pod\u00edan ser contrastados de manera directa por la autoridad electoral con el padr\u00f3n electoral, a fin de verificar su autenticidad y veracidad.<\/p>\n<p>Estos criterios permiten apreciar c\u00f3mo la Sala Regional Monterrey ha cumplido con su rol de protector de los derechos pol\u00edtico-electorales, supervisando que la amplia libertad de los \u00f3rganos legislativos para crear las legislaciones que regulan el ejercicio de esos derechos respete ciertos est\u00e1ndares m\u00ednimos, a la luz de la Constituci\u00f3n.<\/p>\n<p>Es importante recordar que las m\u00e1ximas autoridades judiciales de nuestro pa\u00eds, como es el Tribunal Electoral del Poder Judicial de la Federaci\u00f3n, tienen el deber de garantes de la Constituci\u00f3n y de los derechos humanos contemplados en los tratados internacionales, los cuales son el par\u00e1metro para juzgar la regularidad de nuestras leyes federales y estatales.<\/p>\n<p>Estas sentencias relevantes, de los juicios se\u00f1alados con anterioridad, pueden consultarse en las siguientes ligas:<\/p>\n<p>SM-JDC-481\/2013: http:\/\/portal.te.gob.mx\/colecciones\/sentencias\/html\/SM\/2013\/JDC\/SM-JDC-00481-2013.htm<\/p>\n<p>SM-JDC-493\/2013: http:\/\/portal.te.gob.mx\/colecciones\/sentencias\/html\/SM\/2013\/JDC\/SM-JDC-00493-2013.htm<\/p>\n<p>La Sala Monterrey del TEPJF es la instancia federal encargada de impartir justicia electoral dentro de la segunda circunscripci\u00f3n electoral, integrada por los estados de Aguascalientes, Coahuila, Guanajuato, Nuevo Le\u00f3n, Quer\u00e9taro, San Luis Potos\u00ed, Tamaulipas y Zacatecas. Est\u00e1 integrada por los magistrados Yairsinio David Garc\u00eda Ortiz, Reyes Rodr\u00edguez Mondrag\u00f3n y Marco Antonio Zavala Arredondo, quien la preside.<\/p>\n<p>-0-<\/p>\n<p>&amp;TRIFE&amp;<\/p>\n<p>SUHV<\/p>\n<p><a href=\"http:\/\/www.eloriente.net\/home\/wp-content\/uploads\/2014\/05\/Sala-Monterrey-Boletin-TEPJF.jpg\"><img loading=\"lazy\" decoding=\"async\" class=\"alignnone  wp-image-27012\" title=\"Sala Monterrey Boletin TEPJF\" src=\"http:\/\/www.eloriente.net\/home\/wp-content\/uploads\/2014\/05\/Sala-Monterrey-Boletin-TEPJF.jpg\" alt=\"\" width=\"2379\" height=\"1118\" srcset=\"http:\/\/www.eloriente.net\/home\/wp-content\/uploads\/2014\/05\/Sala-Monterrey-Boletin-TEPJF.jpg 3278w, http:\/\/www.eloriente.net\/home\/wp-content\/uploads\/2014\/05\/Sala-Monterrey-Boletin-TEPJF-300x141.jpg 300w, http:\/\/www.eloriente.net\/home\/wp-content\/uploads\/2014\/05\/Sala-Monterrey-Boletin-TEPJF-1024x481.jpg 1024w\" sizes=\"(max-width: 2379px) 100vw, 2379px\" \/><\/a><\/p>\n<p><strong>Otras Entradas:<\/strong><\/p>\n<p><a title=\"Permalink to Madero gana elecci\u00f3n nacional del PAN; Cordero gana en Oaxaca\" href=\"http:\/\/www.eloriente.net\/home\/2014\/05\/19\/madero-gana-eleccion-nacional-del-pan-cordero-gana-en-oaxaca\/\" rel=\"bookmark\">Madero gana elecci\u00f3n nacional del PAN; Cordero gana en Oaxaca<\/a><\/p>\n<p><a href=\"http:\/\/www.eloriente.net\/home\/2014\/05\/19\/madero-gana-eleccion-nacional-del-pan-cordero-gana-en-oaxaca\/\" rel=\"bookmark\"><img decoding=\"async\" title=\"Madero gana elecci\u00f3n nacional del PAN; Cordero gana en Oaxaca\" src=\"http:\/\/www.eloriente.net\/home\/wp-content\/themes\/city-desk\/timthumb.php?src=http%3A%2F%2Fwww.eloriente.net%2Fhome%2Fwp-content%2Fuploads%2F2014%2F05%2F%40Pan-gustavo-madero.jpg&amp;q=90&amp;w=160&amp;h=106&amp;zc=1\" alt=\"Madero gana elecci\u00f3n nacional del PAN; Cordero gana en Oaxaca\" \/><\/a><\/p>\n<p>eloriente.net 18 de mayo de 2014 eloriente.net (Oaxaca, Oax. a 18 de mayo de 2014).- Gustavo Madero Mu\u00f1oz gan\u00f3 este domingo la elecci\u00f3n interna para la presidencia del Comit\u00e9 Ejecutivo Nacional del Partido Acci\u00f3n Nacional (PAN) seg\u00fan confirm\u00f3 la Comisi\u00f3n Organizadora del partido esta misma noche alrededor de las 21:17 horas. Con el 94% [&#8230;]<\/p>\n<p>May 19, 2014<\/p>\n<p><a title=\"Permalink to Imprescindible libre autodeterminaci\u00f3n de pueblos ind\u00edgenas: consejero Morales Garc\u00eda\" href=\"http:\/\/www.eloriente.net\/home\/2014\/05\/14\/imprescindible-libre-autodeterminacion-de-pueblos-indigenas-consejero-morales-garcia\/\" rel=\"bookmark\">Imprescindible libre autodeterminaci\u00f3n de pueblos ind\u00edgenas: consejero Morales Garc\u00eda<\/a><\/p>\n<p><a href=\"http:\/\/www.eloriente.net\/home\/2014\/05\/14\/imprescindible-libre-autodeterminacion-de-pueblos-indigenas-consejero-morales-garcia\/\" rel=\"bookmark\"><img decoding=\"async\" title=\"Imprescindible libre autodeterminaci\u00f3n de pueblos ind\u00edgenas: consejero Morales Garc\u00eda\" src=\"http:\/\/www.eloriente.net\/home\/wp-content\/themes\/city-desk\/timthumb.php?src=http%3A%2F%2Fwww.eloriente.net%2Fhome%2Fwp-content%2Fuploads%2F2014%2F05%2FUsos-y-costumbres-principal.jpg&amp;q=90&amp;w=160&amp;h=106&amp;zc=1\" alt=\"Imprescindible libre autodeterminaci\u00f3n de pueblos ind\u00edgenas: consejero Morales Garc\u00eda\" \/><\/a><\/p>\n<p>eloriente.net 15 de mayo de 2014 En entrevista para ELORIENTE.NET, el Mtro. Juan Pablo Morales Garc\u00eda,\u00a0consejero del Instituto Estatal Electoral y de Participaci\u00f3n Ciudadana de Oaxaca (IEEPCO), consider\u00f3 como imprescindible el tema de la libre autodeterminaci\u00f3n de los pueblos y comunidades ind\u00edgenas del pa\u00eds en la Ley General de Procedimientos Electorales de la reforma pol\u00edtico [&#8230;]<\/p>\n<p>May 14, 2014<\/p>\n<p><a title=\"Permalink to Pueblos ind\u00edgenas, los excluidos en reforma pol\u00edtico electoral: V\u00edctor Leonel Juan\" href=\"http:\/\/www.eloriente.net\/home\/2014\/05\/12\/pueblos-indigenas-los-excluidos-en-reforma-politico-electoral-victor-leonel-juan\/\" rel=\"bookmark\">Pueblos ind\u00edgenas, los excluidos en reforma pol\u00edtico electoral: V\u00edctor Leonel Juan<\/a><\/p>\n<p><a href=\"http:\/\/www.eloriente.net\/home\/2014\/05\/12\/pueblos-indigenas-los-excluidos-en-reforma-politico-electoral-victor-leonel-juan\/\" rel=\"bookmark\"><img decoding=\"async\" title=\"Pueblos ind\u00edgenas, los excluidos en reforma pol\u00edtico electoral: V\u00edctor Leonel Juan\" src=\"http:\/\/www.eloriente.net\/home\/wp-content\/themes\/city-desk\/timthumb.php?src=http%3A%2F%2Fwww.eloriente.net%2Fhome%2Fwp-content%2Fuploads%2F2014%2F05%2FIndigenas-Por-Hector-Garcia.jpg&amp;q=90&amp;w=160&amp;h=106&amp;zc=1\" alt=\"Pueblos ind\u00edgenas, los excluidos en reforma pol\u00edtico electoral: V\u00edctor Leonel Juan\" \/><\/a><\/p>\n<p>eloriente.net 12 de mayo de 2014 \u201cUno de los temas excluidos en la legislaci\u00f3n secundaria de la reforma constitucional en materia pol\u00edtico electoral es la autonom\u00eda pol\u00edtica de los pueblos ind\u00edgenas\u201d, as\u00ed lo dio a conocer V\u00edctor Leonel Juan Mart\u00ednez, periodista zapoteco y consejero del Instituto Estatal Electoral y de Participaci\u00f3n Ciudadana de Oaxaca (IEEPCO) [&#8230;]<\/p>\n<p>May 12, 2014<\/p>\n<p>&nbsp;<\/p>\n\n\t\t\t  <div \n\t\t\t  \tclass = \"fb-comments\" \n\t\t\t  \tdata-href = \"http:\/\/www.eloriente.net\/home\/2014\/05\/31\/inconstitucional-exigir-5-de-padron-para-candidaturas-independientes\/\"\n\t\t\t  \tdata-numposts = \"10\"\n\t\t\t\tdata-colorscheme = \"dark\"\n\t\t\t\tdata-order-by = \"social\"\n\t\t\t\tdata-mobile=true>\n\t\t\t  <\/div>\n\t\t  <style>\n\t\t\t.fb_iframe_widget_fluid_desktop iframe {\n\t\t\t    width: 100% !important;\n\t\t\t}\n\t\t  <\/style>\n\t\t  ","protected":false},"excerpt":{"rendered":"<p>eloriente.net\/ TEPJF 31 de mayo de 2014 \u2022 Retoma precedentes de la Corte Interamericana de Derechos Humanos para llegar a esta decisi\u00f3n \u2022 Tambi\u00e9n concluye que la presentaci\u00f3n de copias de credencial de elector no es una medida id\u00f3nea para acreditar el apoyo de la ciudadan\u00eda A ra\u00edz de la reforma constitucional que reconoci\u00f3 a [&hellip;]<\/p>\n","protected":false},"author":1,"featured_media":27012,"comment_status":"open","ping_status":"open","sticky":false,"template":"","format":"standard","meta":{"_jetpack_memberships_contains_paid_content":false,"footnotes":""},"categories":[22,49,71,32,10,24,21],"tags":[],"class_list":["post-27005","post","type-post","status-publish","format-standard","has-post-thumbnail","hentry","category-derechos-humanos","category-destacadas","category-elecciones","category-entradas","category-lo-mas-reciente","category-mexico-y-el-mundo","category-politica-y-gobierno"],"jetpack_featured_media_url":"http:\/\/www.eloriente.net\/home\/wp-content\/uploads\/2014\/05\/Sala-Monterrey-Boletin-TEPJF.jpg","jetpack_sharing_enabled":true,"_links":{"self":[{"href":"http:\/\/www.eloriente.net\/home\/wp-json\/wp\/v2\/posts\/27005"}],"collection":[{"href":"http:\/\/www.eloriente.net\/home\/wp-json\/wp\/v2\/posts"}],"about":[{"href":"http:\/\/www.eloriente.net\/home\/wp-json\/wp\/v2\/types\/post"}],"author":[{"embeddable":true,"href":"http:\/\/www.eloriente.net\/home\/wp-json\/wp\/v2\/users\/1"}],"replies":[{"embeddable":true,"href":"http:\/\/www.eloriente.net\/home\/wp-json\/wp\/v2\/comments?post=27005"}],"version-history":[{"count":2,"href":"http:\/\/www.eloriente.net\/home\/wp-json\/wp\/v2\/posts\/27005\/revisions"}],"predecessor-version":[{"id":27014,"href":"http:\/\/www.eloriente.net\/home\/wp-json\/wp\/v2\/posts\/27005\/revisions\/27014"}],"wp:featuredmedia":[{"embeddable":true,"href":"http:\/\/www.eloriente.net\/home\/wp-json\/wp\/v2\/media\/27012"}],"wp:attachment":[{"href":"http:\/\/www.eloriente.net\/home\/wp-json\/wp\/v2\/media?parent=27005"}],"wp:term":[{"taxonomy":"category","embeddable":true,"href":"http:\/\/www.eloriente.net\/home\/wp-json\/wp\/v2\/categories?post=27005"},{"taxonomy":"post_tag","embeddable":true,"href":"http:\/\/www.eloriente.net\/home\/wp-json\/wp\/v2\/tags?post=27005"}],"curies":[{"name":"wp","href":"https:\/\/api.w.org\/{rel}","templated":true}]}}