{"id":27062,"date":"2014-06-02T16:21:39","date_gmt":"2014-06-02T22:21:39","guid":{"rendered":"http:\/\/www.eloriente.net\/home\/?p=27062"},"modified":"2014-06-02T16:21:39","modified_gmt":"2014-06-02T22:21:39","slug":"felix-serrano-asume-liderazgo-de-prd-en-congreso","status":"publish","type":"post","link":"http:\/\/www.eloriente.net\/home\/2014\/06\/02\/felix-serrano-asume-liderazgo-de-prd-en-congreso\/","title":{"rendered":"F\u00e9lix Serrano asume liderazgo de PRD en Congreso"},"content":{"rendered":"<p>eloriente.net\/62 Legislatura*<\/p>\n<p>2 de junio de 2014<\/p>\n<p><strong><em>*Integrantes de la bancada en la LXII Legislatura del Estado, nombraron al diputado F\u00e9lix Antonio Serrano Toledo, en sustituci\u00f3n del diputado Anselmo Ortiz Garc\u00eda.<\/em><\/strong><\/p>\n<p><a href=\"http:\/\/www.eloriente.net\/home\/wp-content\/uploads\/2014\/06\/Fraccion-PRD-62-Legislatura.jpg\"><img loading=\"lazy\" decoding=\"async\" class=\"size-medium wp-image-27063 aligncenter\" title=\"Fraccion PRD 62 Legislatura\" src=\"http:\/\/www.eloriente.net\/home\/wp-content\/uploads\/2014\/06\/Fraccion-PRD-62-Legislatura-300x128.jpg\" alt=\"\" width=\"300\" height=\"128\" srcset=\"http:\/\/www.eloriente.net\/home\/wp-content\/uploads\/2014\/06\/Fraccion-PRD-62-Legislatura-300x128.jpg 300w, http:\/\/www.eloriente.net\/home\/wp-content\/uploads\/2014\/06\/Fraccion-PRD-62-Legislatura-1024x438.jpg 1024w, http:\/\/www.eloriente.net\/home\/wp-content\/uploads\/2014\/06\/Fraccion-PRD-62-Legislatura.jpg 2045w\" sizes=\"(max-width: 300px) 100vw, 300px\" \/><\/a><\/p>\n<p><strong>SAN RAYMUNDO Jalpan, Oaxaca, junio 2<\/strong>.- Integrantes de la fracci\u00f3n parlamentaria del Partido de la Revoluci\u00f3n Democr\u00e1tica en la LXII Legislatura del Estado anunciaron el nombramiento del diputado F\u00e9lix Antonio Serrano Toledo, como su nuevo coordinador en el Congreso local en sustituci\u00f3n del diputado Anselmo Ortiz Garc\u00eda.<\/p>\n<p>El nuevo coordinador\u00a0de la bancada perredista, dijo que por acuerdo y con fundamento en los estatutos de su partido pol\u00edtico, la responsabilidad recay\u00f3 en \u00e9l y que en los pr\u00f3ximos d\u00edas anunciar\u00e1n una serie de propuestas acerca de su agenda legislativa para el pr\u00f3ximo periodo de sesiones.<\/p>\n<p>En la sede del Poder Legislativo, dijo que retomar\u00e1n la estructura org\u00e1nica y replantear\u00e1n propuestas para el buen funcionamiento de esa fracci\u00f3n parlamentaria.<\/p>\n<p>Ante los diputados Juanita Cruz Cruz, Zoila Jos\u00e9 Juan, Itaisa L\u00f3pez Galv\u00e1n, Vilma Mart\u00ednez Cort\u00e9s, Sergio L\u00f3pez S\u00e1nchez y Jaime Bola\u00f1os Cacho, el legislador Serrano Toledo, coment\u00f3 que \u201cel cambio no obedece a ning\u00fan tema de car\u00e1cter pol\u00edtico ni a discrepancias en la fracci\u00f3n, sino al hecho de conjuntar esfuerzos para seguir trabajando de manera unida los 10 diputados del PRD\u201d.<\/p>\n<p>\u201cTambi\u00e9n para buscar un punto de encuentro a fin de seguir con los trabajos que muchos ciudadanos de Oaxaca nos han confiado en los distintos distritos donde estuvimos participando en los procesos electorales\u201d, indic\u00f3.<\/p>\n<p>El legislador Serrano Toledo, quien funge como presidente de la Comisi\u00f3n Permanente de Vialidad y Transporte, \u00a0dijo que este cambio al interior de la bancada del Sol Azteca, \u201ces en el marco de la gran demanda social de car\u00e1cter legal y legislativa que tiene nuestro pueblo\u201d.<\/p>\n<p>\u201cY de las exigencias de car\u00e1cter social en t\u00e9rminos de infraestructura, presupuesto, apoyo que requiere el pueblo de Oaxaca\u201d, aclar\u00f3.<\/p>\n<p>Por ello, dijo, quiero ser puntual, para bien del PRD, vamos a trabajar apegados a los estatutos y las leyes.<\/p>\n<p>A su vez, la diputada Juanita Cruz Cruz, se\u00f1al\u00f3 que los legisladores de su partido, por unanimidad, decidieron elegir al diputado F\u00e9lix Antonio Serrano Toledo como su coordinador parlamentario.<\/p>\n<p>Refiri\u00f3 que Serrano Toledo, ha sido legislador en dos ocasiones y presidente municipal de Ciudad Ixtepec, \u201ctiene \u00a0mucha experiencia y sin duda con ayuda de todos podr\u00e1 hacer un excelente papel y ser\u00e1 en bien de la sociedad y del partido\u201d, puntualiz\u00f3.<\/p>\n<p>Por su parte, el diputado Anselmo Ortiz Garc\u00eda, expres\u00f3 que comunic\u00f3 a los integrantes del Grupo Parlamentario del Partido de la Revoluci\u00f3n Democr\u00e1tica (GPPRD) su convicci\u00f3n de separarse del cargo de coordinador de la fracci\u00f3n y que la designaci\u00f3n que recay\u00f3 en el diputado F\u00e9lix Serrano es resultado de la separaci\u00f3n al cargo que ya hab\u00eda sido conferido. En este sentido, sostuvo que coadyuvar\u00e1 con los trabajos de la bancada para asegurar la correspondiente continuidad de los mismos.<\/p>\n<p>*Comunicado<\/p>\n<address><strong>OTRAS ENTRADAS:<\/strong><\/address>\n<p><a title=\"Permalink to Poderes locales se preparan para 2\u00aa controversia\" href=\"http:\/\/www.eloriente.net\/home\/2014\/05\/30\/poderes-locales-se-preparan-para-2a-controversia\/\" rel=\"bookmark\">Poderes locales se preparan para 2\u00aa controversia<\/a><\/p>\n<p><a href=\"http:\/\/www.eloriente.net\/home\/2014\/05\/30\/poderes-locales-se-preparan-para-2a-controversia\/\" rel=\"bookmark\"><img decoding=\"async\" title=\"Poderes locales se preparan para 2\u00aa controversia\" src=\"http:\/\/www.eloriente.net\/home\/wp-content\/themes\/city-desk\/timthumb.php?src=http%3A%2F%2Fwww.eloriente.net%2Fhome%2Fwp-content%2Fuploads%2F2014%2F03%2FCongreso.jpg&amp;q=90&amp;w=160&amp;h=106&amp;zc=1\" alt=\"Poderes locales se preparan para 2\u00aa controversia\" \/><\/a><\/p>\n<p>eloriente.net 30\/mayo\/2014 Por: Adri\u00e1n Ortiz Romero Poderes locales se preparan para 2\u00aa controversia Alargan la resistencia, aunque se prev\u00e9 resultado En el escenario magisterial, s\u00f3lo dos cosas quedan perfectamente claras: primera, que el paro indefinido de labores de los trabajadores afiliados a la Secci\u00f3n 22 del SNTE iniciar\u00e1 cuando sea inminente la presentaci\u00f3n de la [&#8230;]<\/p>\n<address>May 30, 2014<\/address>\n<address id=\"post-26690\"><a title=\"Permalink to Senador Benjam\u00edn Robles publica \u201cLas nuevas reglas democr\u00e1ticas\u201d\" href=\"http:\/\/www.eloriente.net\/home\/2014\/05\/28\/senador-benjamin-robles-publica-las-nuevas-reglas-democraticas\/\" rel=\"bookmark\">Senador Benjam\u00edn Robles publica \u201cLas nuevas reglas democr\u00e1ticas\u201d<\/a><\/p>\n<p><a href=\"http:\/\/www.eloriente.net\/home\/2014\/05\/28\/senador-benjamin-robles-publica-las-nuevas-reglas-democraticas\/\" rel=\"bookmark\"><img decoding=\"async\" title=\"Senador Benjam\u00edn Robles publica \u201cLas nuevas reglas democr\u00e1ticas\u201d\" src=\"http:\/\/www.eloriente.net\/home\/wp-content\/themes\/city-desk\/timthumb.php?src=http%3A%2F%2Fwww.eloriente.net%2Fhome%2Fwp-content%2Fuploads%2F2014%2F05%2FLas-nuevas-reglas-democraticas.jpg&amp;q=90&amp;w=160&amp;h=106&amp;zc=1\" alt=\"Senador Benjam\u00edn Robles publica \u201cLas nuevas reglas democr\u00e1ticas\u201d\" \/><\/a>eloriente.net 28 de mayo de 2014 Luego de que el Congreso de la Uni\u00f3n aprobara la quinta generaci\u00f3n de leyes electorales, el senador oaxaque\u00f1o por el PRD, Benjam\u00edn Robles Montoya, public\u00f3 \u201cLas nuevas reglas democr\u00e1ticas\u201d, un documento electr\u00f3nico que compila una descripci\u00f3n breve sobre las adiciones al marco normativo y reglamentario de las elecciones de [&#8230;]<\/p>\n<p>May 28, 2014<\/p><\/address>\n<div id=\"post-26649\">\n<p><a title=\"Permalink to \u00cdndice Mundial de la Libertad de Prensa 2014\" href=\"http:\/\/www.eloriente.net\/home\/2014\/05\/27\/indice-mundial-de-la-libertad-de-prensa-2014\/\" rel=\"bookmark\">\u00cdndice Mundial de la Libertad de Prensa 2014<\/a><\/p>\n<p><a href=\"http:\/\/www.eloriente.net\/home\/2014\/05\/27\/indice-mundial-de-la-libertad-de-prensa-2014\/\" rel=\"bookmark\"><img decoding=\"async\" title=\"\u00cdndice Mundial de la Libertad de Prensa 2014\" src=\"http:\/\/www.eloriente.net\/home\/wp-content\/themes\/city-desk\/timthumb.php?src=http%3A%2F%2Fwww.eloriente.net%2Fhome%2Fwp-content%2Fuploads%2F2014%2F05%2FReportero-Por-juantiagues.jpg&amp;q=90&amp;w=160&amp;h=106&amp;zc=1\" alt=\"\u00cdndice Mundial de la Libertad de Prensa 2014\" \/><\/a>eloriente.net 27 de mayo de 2014 Por: Miguel Carbonell La ONG Reporteros sin Fronteras present\u00f3 el \u201c\u00cdndice Mundial de la Libertad de Prensa 2014\u201d, donde se hace una clasificaci\u00f3n de 180 pa\u00edses respecto al grado de libertad que los periodistas, organizaciones\u00a0de noticias y los internautas disfrutan en cada pa\u00eds, as\u00ed como de los esfuerzos realizados [&#8230;]<\/p>\n<p>May 27, 2014<\/p>\n<\/div>\n\n\t\t\t  <div \n\t\t\t  \tclass = \"fb-comments\" \n\t\t\t  \tdata-href = \"http:\/\/www.eloriente.net\/home\/2014\/06\/02\/felix-serrano-asume-liderazgo-de-prd-en-congreso\/\"\n\t\t\t  \tdata-numposts = \"10\"\n\t\t\t\tdata-colorscheme = \"dark\"\n\t\t\t\tdata-order-by = \"social\"\n\t\t\t\tdata-mobile=true>\n\t\t\t  <\/div>\n\t\t  <style>\n\t\t\t.fb_iframe_widget_fluid_desktop iframe {\n\t\t\t    width: 100% !important;\n\t\t\t}\n\t\t  <\/style>\n\t\t  ","protected":false},"excerpt":{"rendered":"<p>eloriente.net\/62 Legislatura* 2 de junio de 2014 *Integrantes de la bancada en la LXII Legislatura del Estado, nombraron al diputado F\u00e9lix Antonio Serrano Toledo, en sustituci\u00f3n del diputado Anselmo Ortiz Garc\u00eda. SAN RAYMUNDO Jalpan, Oaxaca, junio 2.- Integrantes de la fracci\u00f3n parlamentaria del Partido de la Revoluci\u00f3n Democr\u00e1tica en la LXII Legislatura del Estado anunciaron [&hellip;]<\/p>\n","protected":false},"author":1,"featured_media":27063,"comment_status":"open","ping_status":"open","sticky":false,"template":"","format":"standard","meta":{"_jetpack_memberships_contains_paid_content":false,"footnotes":""},"categories":[91,32,63,464,21],"tags":[1519,246,93,1518,1517,1027,159],"class_list":["post-27062","post","type-post","status-publish","format-standard","has-post-thumbnail","hentry","category-congreso-y-justicia","category-entradas","category-estados","category-oaxaca-estados","category-politica-y-gobierno","tag-anselmo-ortiz","tag-congreso","tag-diputados","tag-felix-serrano","tag-jaime-bolanos","tag-lideres","tag-prd"],"jetpack_featured_media_url":"http:\/\/www.eloriente.net\/home\/wp-content\/uploads\/2014\/06\/Fraccion-PRD-62-Legislatura.jpg","jetpack_sharing_enabled":true,"_links":{"self":[{"href":"http:\/\/www.eloriente.net\/home\/wp-json\/wp\/v2\/posts\/27062"}],"collection":[{"href":"http:\/\/www.eloriente.net\/home\/wp-json\/wp\/v2\/posts"}],"about":[{"href":"http:\/\/www.eloriente.net\/home\/wp-json\/wp\/v2\/types\/post"}],"author":[{"embeddable":true,"href":"http:\/\/www.eloriente.net\/home\/wp-json\/wp\/v2\/users\/1"}],"replies":[{"embeddable":true,"href":"http:\/\/www.eloriente.net\/home\/wp-json\/wp\/v2\/comments?post=27062"}],"version-history":[{"count":1,"href":"http:\/\/www.eloriente.net\/home\/wp-json\/wp\/v2\/posts\/27062\/revisions"}],"predecessor-version":[{"id":27067,"href":"http:\/\/www.eloriente.net\/home\/wp-json\/wp\/v2\/posts\/27062\/revisions\/27067"}],"wp:featuredmedia":[{"embeddable":true,"href":"http:\/\/www.eloriente.net\/home\/wp-json\/wp\/v2\/media\/27063"}],"wp:attachment":[{"href":"http:\/\/www.eloriente.net\/home\/wp-json\/wp\/v2\/media?parent=27062"}],"wp:term":[{"taxonomy":"category","embeddable":true,"href":"http:\/\/www.eloriente.net\/home\/wp-json\/wp\/v2\/categories?post=27062"},{"taxonomy":"post_tag","embeddable":true,"href":"http:\/\/www.eloriente.net\/home\/wp-json\/wp\/v2\/tags?post=27062"}],"curies":[{"name":"wp","href":"https:\/\/api.w.org\/{rel}","templated":true}]}}